


{"id":8814,"date":"2021-10-08T11:50:00","date_gmt":"2021-10-08T09:50:00","guid":{"rendered":"https:\/\/spacewell.com\/okategoriserad\/hur-iot-sensordata-kan-forbattra-arbetsplatsupplevelsen\/"},"modified":"2023-11-22T11:33:15","modified_gmt":"2023-11-22T10:33:15","slug":"hur-iot-sensordata-kan-forbattra-arbetsplatsupplevelsen","status":"publish","type":"post","link":"https:\/\/spacewell.com\/sv\/resurser\/blogg\/hur-iot-sensordata-kan-forbattra-arbetsplatsupplevelsen\/","title":{"rendered":"Hur IoT-sensordata kan f\u00f6rb\u00e4ttra arbetsplatsupplevelsen serien \u201dFr\u00e5n sensor till insikt\u201d, del 4"},"content":{"rendered":"<div class=\"gb-container gb-container-e0d6315c gb-container-5731d80c\">\n\n<p>I den h\u00e4r bloggartikeln kommer vi att titta p\u00e5 hur IoT-sensortekniken och de data som h\u00e4mtas fr\u00e5n den kan optimera arbetsplatsupplevelsen.<\/p>\n\n\n\n<p>Vi ska b\u00f6rja med att titta p\u00e5 <strong>3 viktiga arbetsplatstrender<\/strong> som har p\u00e5skyndats av pandemin.<\/p>\n\n\n\n<h3 class=\"gb-headline gb-headline-43707f0d gb-headline-text\">1. Hybridarbetets int\u00e5g<\/h3>\n\n\n\n<p>Den nya tillvaron efter pandemin \u00e4r definitivt hybridbaserad, enligt <a href=\"https:\/\/www.mckinsey.com\/business-functions\/people-and-organizational-performance\/our-insights\/five-fifty-hybridized\">McKinsey<\/a>. Hybridarbete betyder att en del av arbetsstyrkan arbetar p\u00e5 andra platser \u00e4n p\u00e5 det traditionella kontoret en del av tiden.<\/p>\n\n\n\n<p>Denna trend bekr\u00e4ftas av data fr\u00e5n Leesman, ett f\u00f6retag som unders\u00f6ker anst\u00e4lldas attityder till arbetsplatsens effektivitet och m\u00e4ter arbetsplatsprestanda i f\u00f6rh\u00e5llande till v\u00e4rldens st\u00f6rsta databas i sitt slag. I sin senaste databaserade rapport \u2013 som inneh\u00e5ller data om distansarbete \u2013 rapporterar Leesman att 47 procent av de anst\u00e4llda skulle vilja arbeta tv\u00e5 till tre dagar per vecka p\u00e5 sin huvudsakliga arbetsplats efter covid-19 (37 % 0\u20131 dagar, 16 % 4\u20135 dagar).<\/p>\n\n\n\n<p>Andra unders\u00f6kningar pekar \u00e5t samma h\u00e5ll. I <a href=\"https:\/\/www.cbre.com\/insights\/articles\/the-future-of-the-office\" target=\"_blank\" rel=\"noreferrer noopener\">CBRE:s 2021 Occupier Sentiment Survey<\/a> (som genomf\u00f6rdes v\u00e5ren 2021) konstateras att hybridarbetet har blivit en tydligare ledstj\u00e4rna f\u00f6r f\u00f6retag \u00f6ver hela v\u00e4rlden. Detta g\u00e4ller i \u00e4nnu h\u00f6gre grad f\u00f6r stora multinationella f\u00f6retag, s\u00e4rskilt i finanstj\u00e4nst- och tekniksektorerna.<\/p>\n\n<\/div>\n\n<div class=\"gb-container gb-container-4c5e158a\">\n\n<figure class=\"gb-block-image gb-block-image-c32df101\"><img loading=\"lazy\" decoding=\"async\" width=\"800\" height=\"449\" class=\"gb-image gb-image-c32df101 gb-image-b19acb23\" src=\"https:\/\/spacewell.com\/wp-content\/uploads\/2021\/10\/sentiment-toward-future-of-work-graph-sv-800x449-1.png\" alt=\"Inst\u00e4llningen till arbetets framtid graf\" srcset=\"https:\/\/spacewell.com\/wp-content\/uploads\/2021\/10\/sentiment-toward-future-of-work-graph-sv-800x449-1.png 800w, https:\/\/spacewell.com\/wp-content\/uploads\/2021\/10\/sentiment-toward-future-of-work-graph-sv-800x449-1-500x281.png 500w, https:\/\/spacewell.com\/wp-content\/uploads\/2021\/10\/sentiment-toward-future-of-work-graph-sv-800x449-1-768x431.png 768w\" sizes=\"auto, (max-width: 800px) 100vw, 800px\" \/><\/figure>\n\n<\/div>\n\n<div class=\"gb-container gb-container-c6c61ebd gb-container-5731d80c\">\n\n<h3 class=\"gb-headline gb-headline-8df0030b gb-headline-text\">2. Anpassning av utrymmet efter \u00e4ndam\u00e5let<\/h3>\n\n\n\n<p>Hybridarbetsplatsen efter pandemin f\u00f6rv\u00e4ntas bli mer inriktad p\u00e5 samarbete, engagemang och kultur. Detta k\u00e4nns intuitivt rimligt. N\u00e4r pandemin kom t\u00f6mdes kontoren n\u00e4stan \u00f6ver en natt. Vi tog oss igenom mass\u00f6verg\u00e5ngen till distansarbete genom att anv\u00e4nda samarbetsverktyg som Zoom eller Teams f\u00f6r att komma i kontakt med arbetskamrater. Men att se n\u00e5gon p\u00e5 en sk\u00e4rm g\u00e5r helt enkelt inte att j\u00e4mf\u00f6ra med att samarbeta p\u00e5 samma plats. Under det regeringsreglerade arbetet i hemmet b\u00f6rjade anst\u00e4llda sakna de m\u00f6jligheter till socialt samspel och skapande av relationer som var en inneboende egenskap hos en fysisk arbetsplats. Med detta som utg\u00e5ngspunkt f\u00f6rest\u00e4ller sig m\u00e5nga kontoret efter pandemin som ett socialt nav \u2013 platsen dit m\u00e4nniskor tar sig f\u00f6r att tr\u00e4ffas, knyta sociala kontakter och arbeta tillsammans.      <\/p>\n\n\n\n<p>Nevertheless, it would be an oversimplification to state that the post-pandemic workplace will only be about collaboration. Leesman data shows that individual, focused work remains the number 1 need for remote-leaning <em>b\u00e5de f\u00f6r distansarbetesinriktade och kontorsarbetesinriktade kunskapsarbetare<\/em>. F\u00f6r att det ska g\u00e5 att s\u00e4kerst\u00e4lla en bra arbetsplatsupplevelse som ger st\u00f6d f\u00f6r allas produktivitet m\u00e5ste hybridkontoret d\u00e4rf\u00f6r ha l\u00e4mpliga utrymmen b\u00e5de f\u00f6r samarbete i grupp och f\u00f6r koncentrerat arbete.<\/p>\n\n\n\n<h3 class=\"gb-headline gb-headline-2df0491d gb-headline-text\">3. Mer flexibilitet och valfrihet<\/h3>\n\n\n\n<p>I en hybridmodell med en kombination av distans- och kontorsarbete inneb\u00e4r en l\u00f6sning med fasta arbetsplatser naturligtvis att det uppst\u00e5r m\u00e5nga tomma platser och outnyttjat utrymme. Med flexibel platsanv\u00e4ndning (<a href=\"\">dynamiska reservationer eller icke-fasta arbetsplatser<\/a>) kan arbetsplatsansvariga minska antalet arbetsplatser, och det frigjorda utrymmet kan elimineras, hyras ut i andra hand eller g\u00f6ras om f\u00f6r samarbete.  Valfrihetsbaserade arbetsplatser eller milj\u00f6er utan fasta arbetsplatser blir d\u00e4rf\u00f6r allt vanligare. P\u00e5 ett s\u00e5dant funktionsinriktat kontor utan fasta arbetsplatser finns inga tilldelade skrivbord, utan i st\u00e4llet en m\u00e4ngd olika utrymmen, bland annat icke-fasta arbetsplatser, m\u00f6tesrum och samlingslokaler, informella utrymmen, telefonkiosker och utrymmen f\u00f6r fokuserat arbete. Under en typisk arbetsdag kan anst\u00e4llda r\u00f6ra sig mellan olika utrymmen beroende p\u00e5 \u00f6nskem\u00e5l, energiniv\u00e5 och det slags arbete de vill utf\u00f6ra.  <\/p>\n\n\n\n<h2 class=\"gb-headline gb-headline-160458a2 gb-headline-text\">Aff\u00e4rsm\u00e4ssiga m\u00e5l med en bra arbetsplatsupplevelse<\/h2>\n\n\n\n<p>En positiv upplevelse f\u00f6r de anst\u00e4llda \u00e4r inte bara trevlig att skapa, den \u00e4r en grundl\u00e4ggande f\u00f6ruts\u00e4ttning f\u00f6r att f\u00f6retag ska bli konkurrenskraftiga. Detta \u00e4r s\u00e4rskilt tydligt i kunskapsbranscher, d\u00e4r kreativitet, nyskapande och intellektuellt engagemang \u00e4r stora v\u00e4rdeskapare. <\/p>\n\n\n\n<p>Den fysiska\/digitala arbetsplatsen spelar en viktig roll f\u00f6r de anst\u00e4lldas allm\u00e4nna upplevelse och produktivitet. M\u00e5let med den \u00e4r att undanr\u00f6ja hinder f\u00f6r produktivitet och att skapa en effektiv och flexibel milj\u00f6 d\u00e4r anst\u00e4llda kan arbeta s\u00e5 bra som m\u00f6jligt. Tekniken \u00e4r det som g\u00f6r en s\u00e5dan l\u00f6sning till en fungerande helhet.  <\/p>\n\n\n\n<h2 class=\"gb-headline gb-headline-868ac2eb gb-headline-text\">Teknikens betydelse f\u00f6r framg\u00e5ngsrikt hybridarbete<\/h2>\n\n\n\n<p>Teknik f\u00f6r den smarta arbetsplatsen \u00e4r praktiskt taget ett m\u00e5ste f\u00f6r att det ska g\u00e5 att f\u00e5 flexibla arbetsplatskoncept att fungera smidigt. Till exempel \u00e4r ett sensorbaserat bokningssystem f\u00f6r arbetsplatser viktigt p\u00e5 en arbetsplats d\u00e4r arbetsgrupper ofta byts ut, d\u00e4r anst\u00e4llda regelbundet v\u00e4xlar mellan olika arbetsomr\u00e5den och antalet arbetsplatser \u00e4r litet i f\u00f6rh\u00e5llande till antalet anst\u00e4llda. Ju n\u00e4rmare du kommer den optimala eller maximala anv\u00e4ndningen av m\u00f6tesrum under hektiska kontorsdagar, desto mer beh\u00f6ver du dessutom digitala verktyg som tillhandah\u00e5ller realtidsinformation om aktuell bel\u00e4ggning.  <\/p>\n\n\n\n<p><em>Read more about <a href=\"\/sv\/resurser\/blogg\/losningar-for-hybridarbetsplatsen-fran-storningar-till-stabilitet\/\">hybrid workplace solutions.<\/a><\/em><\/p>\n\n\n\n<h2 class=\"gb-headline gb-headline-c988b000 gb-headline-text\">En responsiv arbetsplats berikad med sensordata<\/h2>\n\n\n\n<p>Organisationer som implementerar ett IWMS-system f\u00f6r hantering av arbetsplatser som \u00e4r integrerat med IoT f\u00e5r en f\u00f6rdel framf\u00f6r andra. Genom registrering av live-data fr\u00e5n sensorer kan ett s\u00e5dant system ge anst\u00e4llda realtidsinformation om tillg\u00e4ngligheten f\u00f6r utrymmen p\u00e5 flera v\u00e5ningar eller kontor via en mobilapp. Ett exempel \u00e4r Spacewells Workplace-app (klicka h\u00e4r f\u00f6r att f\u00e5 en kostnadsfri provperiod p\u00e5 tv\u00e5 veckor) som anst\u00e4llda kan anv\u00e4nda p\u00e5 sina egna smartphones eller via andra anv\u00e4ndarv\u00e4nliga touchpoints. Appens funktioner g\u00f6r det mycket l\u00e4ttare att navigera p\u00e5 en flexibel arbetsplats. S\u00f6kverktyg hj\u00e4lper anv\u00e4ndare att se vilka utrymmen som \u00e4r tillg\u00e4ngliga, vilka funktioner som finns i varje utrymme, vilka milj\u00f6f\u00f6rh\u00e5llandena \u00e4r och hur man tar sig till dessa utrymmen. Med bokningsfunktionen kan anv\u00e4ndarna s\u00e4kerst\u00e4lla att de f\u00e5r tillg\u00e5ng till utrymmet omg\u00e5ende eller kan planera sin dag i f\u00f6rv\u00e4g. Integreringen med IWMS g\u00f6r det ocks\u00e5 m\u00f6jligt f\u00f6r anv\u00e4ndare att best\u00e4lla tj\u00e4nster och f\u00f6r tj\u00e4nsteleverant\u00f6rer att leverera tj\u00e4nster n\u00e4r de beh\u00f6vs.      <\/p>\n\n\n\n<p>Fr\u00e5n de fastighetsansvarigas perspektiv ger s\u00e5dan arbetsplatsteknik viktig information om vilka utrymmen de anst\u00e4llda faktiskt anv\u00e4nder s\u00e5 att de kan optimera utrymmesblandningen. Kanske \u00e4r en byggnads fokusrum fullbokade hela dagen samtidigt som stora konferensrum st\u00e5r tomma, vilket pekar p\u00e5 att det r\u00e5der en brist p\u00e5 \u00f6verensst\u00e4mmelse mellan de typer av utrymmen som finns och de som beh\u00f6vs. Eller s\u00e5 kanske anst\u00e4llda undviker utrymmet eftersom det \u00e4r f\u00f6r kallt, f\u00f6r varmt eller f\u00f6r kvavt.  <\/p>\n\n\n\n<h2 class=\"gb-headline gb-headline-a4caeeae gb-headline-text\">Tre viktiga f\u00f6rdelar f\u00f6r arbetsplatsupplevelsen med att anv\u00e4nda IoT<\/h2>\n\n\n\n<h3 class=\"gb-headline gb-headline-5cec8895 gb-headline-text\">1 \u2013 F\u00f6rb\u00e4ttring av arbetsplatsens schemal\u00e4ggning genom anv\u00e4ndning av data i realtid<\/h3>\n\n\n\n<p>Realtidsdata fr\u00e5n sensorer p\u00e5 digitala v\u00e5ningsplaner g\u00f6r arbetsplatsen helt transparent f\u00f6r anst\u00e4llda. Anst\u00e4llda har tillg\u00e5ng till dessa data i realtid <a href=\"\/sv\/programvaror\/smarta-arbetsplatslosningar\/workplace-experience\/app-smarta-arbetsplatsen\/\">p\u00e5 sina smartphones och andra digitala touchpoints<\/a>. D\u00e4rmed kan de enkelt hitta och boka l\u00e4mpliga utrymmen med r\u00e4tt bekv\u00e4mligheter och milj\u00f6f\u00f6rh\u00e5llanden. Fastighetsservicepersonalen f\u00e5r ocks\u00e5 visuella anvisningar p\u00e5 mobila enheter, som visar dem vart de ska g\u00e5 och vilka arbetsuppgifter de ska utf\u00f6ra. Prioriteringar kan snabbt uppdateras, baserat p\u00e5 best\u00e4llningar fr\u00e5n anv\u00e4ndare eller sensortriggersignaler. Resultat: Byggnadens anv\u00e4ndare blir n\u00f6jdare och tillfredsst\u00e4llelsen med arbetet \u00f6kar.   <\/p>\n\n\n<div class=\"gb-container gb-container-e52b122f cursor-pointer\" id=\"open-video-overlay\">\n\n<figure class=\"gb-block-image gb-block-image-ea28290e\"><img loading=\"lazy\" decoding=\"async\" width=\"1024\" height=\"593\" class=\"gb-image gb-image-ea28290e gb-image-b19acb23\" src=\"\/wp-content\/uploads\/2023\/07\/kiosk-social-distancing-video-preview-1200x695-1-1024x593.png\" alt=\"Kiosk social distancing video preview\" srcset=\"https:\/\/spacewell.com\/wp-content\/uploads\/2023\/07\/kiosk-social-distancing-video-preview-1200x695-1-1024x593.png 1024w, https:\/\/spacewell.com\/wp-content\/uploads\/2023\/07\/kiosk-social-distancing-video-preview-1200x695-1-500x290.png 500w, https:\/\/spacewell.com\/wp-content\/uploads\/2023\/07\/kiosk-social-distancing-video-preview-1200x695-1-768x445.png 768w, https:\/\/spacewell.com\/wp-content\/uploads\/2023\/07\/kiosk-social-distancing-video-preview-1200x695-1.png 1200w\" sizes=\"auto, (max-width: 1024px) 100vw, 1024px\" \/><\/figure>\n\n\n<div class=\"gb-container gb-container-681e5228 play-button\"><\/div>\n<\/div>\n\n<div id=\"video-overlay\" data-video-id=\"ew1eBHUz6Sc\" class=\"wp-block-sw-blocks-modal-video\">\n  \n\n<div class=\"modal-header\">\n      <div class=\"modal-header-left\">\n      <\/div> \n      <div class=\"modal-header-right\">\n        <button class=\"close-button video-close-button\">\n          <svg xmlns=\"http:\/\/www.w3.org\/2000\/svg\" viewBox=\"0 0 512 512\">\n            <path\n              d=\"M175 175C184.4 165.7 199.6 165.7 208.1 175L255.1 222.1L303 175C312.4 165.7 327.6 165.7 336.1 175C346.3 184.4 346.3 199.6 336.1 208.1L289.9 255.1L336.1 303C346.3 312.4 346.3 327.6 336.1 336.1C327.6 346.3 312.4 346.3 303 336.1L255.1 289.9L208.1 336.1C199.6 346.3 184.4 346.3 175 336.1C165.7 327.6 165.7 312.4 175 303L222.1 255.1L175 208.1C165.7 199.6 165.7 184.4 175 175V175zM512 256C512 397.4 397.4 512 256 512C114.6 512 0 397.4 0 256C0 114.6 114.6 0 256 0C397.4 0 512 114.6 512 256zM256 48C141.1 48 48 141.1 48 256C48 370.9 141.1 464 256 464C370.9 464 464 370.9 464 256C464 141.1 370.9 48 256 48z\"\n              fill=\"currentcolor\" \/>\n          <\/svg>\n        <\/button>\n      <\/div>\n    <\/div>\n    \n    <div class=\"modal video-modal\">\n\n    <div class=\"modal-content-box\">\n      <div class=\"video-content\">\n      <\/div>\n    <\/div>\n\n  <\/div>\n<\/div>\n\n\n<h3 class=\"gb-headline gb-headline-d50d16ab gb-headline-text\">2 \u2013 Utnyttjande av anv\u00e4ndningsdata f\u00f6r l\u00e5ngtidsplanering<\/h3>\n\n\n\n<p>Ut\u00f6ver realtidsf\u00f6rdelar ger data om utrymmesanv\u00e4ndning fr\u00e5n sensorer ocks\u00e5 viktig information f\u00f6r l\u00e5ngsiktig planering. Informationen \u00e4r mer exakt \u00e4n den fr\u00e5n traditionella bokningssystem, och d\u00e4rf\u00f6r mer tillf\u00f6rlitlig som grund f\u00f6r att hitta r\u00e4tt blandning av kontorsutrymmen eller fastst\u00e4lla det l\u00e4mpligaste antalet anst\u00e4llda per skrivbord. <\/p>\n\n<\/div>\n\n<div class=\"gb-container gb-container-1ace8fcf\">\n\n<figure class=\"gb-block-image gb-block-image-1ae55cb9\"><img loading=\"lazy\" decoding=\"async\" width=\"1920\" height=\"1080\" class=\"gb-image gb-image-1ae55cb9 gb-image-b19acb23\" src=\"\/wp-content\/uploads\/2023\/06\/space-utilization-header-1920x1080-1.jpg\" alt=\"Utrymmes\u00f6vervakning\" srcset=\"https:\/\/spacewell.com\/wp-content\/uploads\/2023\/06\/space-utilization-header-1920x1080-1.jpg 1920w, https:\/\/spacewell.com\/wp-content\/uploads\/2023\/06\/space-utilization-header-1920x1080-1-500x281.jpg 500w, https:\/\/spacewell.com\/wp-content\/uploads\/2023\/06\/space-utilization-header-1920x1080-1-1024x576.jpg 1024w, https:\/\/spacewell.com\/wp-content\/uploads\/2023\/06\/space-utilization-header-1920x1080-1-768x432.jpg 768w, https:\/\/spacewell.com\/wp-content\/uploads\/2023\/06\/space-utilization-header-1920x1080-1-1536x864.jpg 1536w\" sizes=\"auto, (max-width: 1920px) 100vw, 1920px\" \/><\/figure>\n\n<\/div>\n\n<div class=\"gb-container gb-container-2d669b44 gb-container-5731d80c\">\n\n<h3 class=\"gb-headline gb-headline-6d56ebea gb-headline-text\">3 \u2013 F\u00f6rb\u00e4ttring av de anst\u00e4lldas v\u00e4lbefinnande med sensordata<\/h3>\n\n\n\n<p>M\u00e5nga k\u00e4llor till luftf\u00f6roreningar inomhus kan p\u00e5verka m\u00e4nniskors h\u00e4lsa och kognitiva funktioner. Studier visar att d\u00e5lig ventilation, \u00f6kande koldioxidhalter och partiklar (som b\u00e4r med sig flyktiga organiska f\u00f6reningar) tillsammans betydligt f\u00f6rs\u00e4mrar den kognitiva funktionen p\u00e5 kontor \u00f6ver hela v\u00e4rlden. Kvaliteten p\u00e5 den inomhusluft vi andas kan ocks\u00e5 p\u00e5verka v\u00e5rt hum\u00f6r och v\u00e5rt psykiska v\u00e4lbefinnande. <a href=\"\">Komfort- och luftkvalitetssensorer p\u00e5 arbetsplatsen<\/a> kan \u00f6vervaka m\u00e5nga aspekter av milj\u00f6ns kvalitet, fr\u00e5n flyktiga organiska f\u00f6reningar (VOC) till koldioxid, temperatur, luftfuktighet och radon p\u00e5 en platsspecifik niv\u00e5.  <\/p>\n\n<\/div>\n\n<div class=\"gb-container gb-container-a56bd1af\">\n\n<figure class=\"gb-block-image gb-block-image-167591ca\"><img loading=\"lazy\" decoding=\"async\" width=\"1200\" height=\"630\" class=\"gb-image gb-image-167591ca gb-image-b19acb23\" src=\"\/wp-content\/uploads\/2023\/06\/comfort-monitor-1200x630-2.png\" alt=\"Sk\u00e4rmbild \u00f6vervakning av komfort\" srcset=\"https:\/\/spacewell.com\/wp-content\/uploads\/2023\/06\/comfort-monitor-1200x630-2.png 1200w, https:\/\/spacewell.com\/wp-content\/uploads\/2023\/06\/comfort-monitor-1200x630-2-500x263.png 500w, https:\/\/spacewell.com\/wp-content\/uploads\/2023\/06\/comfort-monitor-1200x630-2-1024x538.png 1024w, https:\/\/spacewell.com\/wp-content\/uploads\/2023\/06\/comfort-monitor-1200x630-2-768x403.png 768w\" sizes=\"auto, (max-width: 1200px) 100vw, 1200px\" \/><\/figure>\n\n<\/div>","protected":false},"excerpt":{"rendered":"<p>I den h\u00e4r bloggartikeln kommer vi att titta p\u00e5 hur IoT-sensortekniken och de data som h\u00e4mtas fr\u00e5n den kan optimera arbetsplatsupplevelsen. Vi ska b\u00f6rja med att titta p\u00e5 3 viktiga arbetsplatstrender som har p\u00e5skyndats av pandemin. 1. Hybridarbetets int\u00e5g Den nya tillvaron efter pandemin \u00e4r definitivt hybridbaserad, enligt McKinsey. Hybridarbete betyder att en del av &#8230; <a title=\"Hur IoT-sensordata kan f\u00f6rb\u00e4ttra arbetsplatsupplevelsen serien \u201dFr\u00e5n sensor till insikt\u201d, del 4\" class=\"read-more\" href=\"https:\/\/spacewell.com\/sv\/resurser\/blogg\/hur-iot-sensordata-kan-forbattra-arbetsplatsupplevelsen\/\" aria-label=\"L\u00e4s mer om Hur IoT-sensordata kan f\u00f6rb\u00e4ttra arbetsplatsupplevelsen serien \u201dFr\u00e5n sensor till insikt\u201d, del 4\">L\u00e4s mer<\/a><\/p>\n","protected":false},"author":29,"featured_media":2258,"comment_status":"closed","ping_status":"open","sticky":false,"template":"","format":"standard","meta":{"_acf_changed":false,"footnotes":""},"categories":[37],"tags":[69],"class_list":["post-8814","post","type-post","status-publish","format-standard","has-post-thumbnail","hentry","category-blogg","tag-fran-sensor-till-insikt","generate-columns","tablet-grid-50","mobile-grid-100","grid-parent","grid-50","no-featured-image-padding"],"acf":[],"yoast_head":"<!-- This site is optimized with the Yoast SEO Premium plugin v26.0 (Yoast SEO v27.5) - https:\/\/yoast.com\/product\/yoast-seo-premium-wordpress\/ -->\n<title>Hur IoT-sensordata kan f\u00f6rb\u00e4ttra arbetsplatsupplevelsen | Spacewell<\/title>\n<meta name=\"description\" content=\"Hybridarbete \u00f6kar. Hur kan man utnyttja smart teknik f\u00f6r att ge medarbetarna en bra upplevelse p\u00e5 en hybridarbetsplats?\" \/>\n<meta name=\"robots\" content=\"index, follow, max-snippet:-1, max-image-preview:large, max-video-preview:-1\" \/>\n<link rel=\"canonical\" href=\"https:\/\/spacewell.com\/sv\/resurser\/blogg\/hur-iot-sensordata-kan-forbattra-arbetsplatsupplevelsen\/\" \/>\n<meta property=\"og:locale\" content=\"sv_SE\" \/>\n<meta property=\"og:type\" content=\"article\" \/>\n<meta property=\"og:title\" content=\"Hur IoT-sensordata kan f\u00f6rb\u00e4ttra arbetsplatsupplevelsen serien \u201dFr\u00e5n sensor till insikt\u201d, del 4\" \/>\n<meta property=\"og:description\" content=\"Hybridarbete \u00f6kar. Hur kan man utnyttja smart teknik f\u00f6r att ge medarbetarna en bra upplevelse p\u00e5 en hybridarbetsplats?\" \/>\n<meta property=\"og:url\" content=\"https:\/\/spacewell.com\/sv\/resurser\/blogg\/hur-iot-sensordata-kan-forbattra-arbetsplatsupplevelsen\/\" \/>\n<meta property=\"og:site_name\" content=\"Spacewell | A Nemetschek Company\" \/>\n<meta property=\"article:publisher\" content=\"https:\/\/www.facebook.com\/SpacewellHQ\" \/>\n<meta property=\"article:published_time\" content=\"2021-10-08T09:50:00+00:00\" \/>\n<meta property=\"article:modified_time\" content=\"2023-11-22T10:33:15+00:00\" \/>\n<meta property=\"og:image\" content=\"https:\/\/spacewell.com\/wp-content\/uploads\/2023\/06\/colleagues-working-standing-over-desk-1200x630-1.jpg\" \/>\n\t<meta property=\"og:image:width\" content=\"1200\" \/>\n\t<meta property=\"og:image:height\" content=\"630\" \/>\n\t<meta property=\"og:image:type\" content=\"image\/jpeg\" \/>\n<meta name=\"author\" content=\"Marketing Team\" \/>\n<meta name=\"twitter:card\" content=\"summary_large_image\" \/>\n<meta name=\"twitter:creator\" content=\"@Spacewell_HQ\" \/>\n<meta name=\"twitter:site\" content=\"@Spacewell_HQ\" \/>\n<meta name=\"twitter:label1\" content=\"Skriven av\" \/>\n\t<meta name=\"twitter:data1\" content=\"Marketing Team\" \/>\n\t<meta name=\"twitter:label2\" content=\"Ber\u00e4knad l\u00e4stid\" \/>\n\t<meta name=\"twitter:data2\" content=\"6 minuter\" \/>\n<script type=\"application\/ld+json\" class=\"yoast-schema-graph\">{\"@context\":\"https:\\\/\\\/schema.org\",\"@graph\":[{\"@type\":\"Article\",\"@id\":\"https:\\\/\\\/spacewell.com\\\/sv\\\/resurser\\\/blogg\\\/hur-iot-sensordata-kan-forbattra-arbetsplatsupplevelsen\\\/#article\",\"isPartOf\":{\"@id\":\"https:\\\/\\\/spacewell.com\\\/sv\\\/resurser\\\/blogg\\\/hur-iot-sensordata-kan-forbattra-arbetsplatsupplevelsen\\\/\"},\"author\":{\"name\":\"Marketing Team\",\"@id\":\"https:\\\/\\\/spacewell.com\\\/sv\\\/#\\\/schema\\\/person\\\/56fc87cc20a52c431f3831f2c17e946a\"},\"headline\":\"Hur IoT-sensordata kan f\u00f6rb\u00e4ttra arbetsplatsupplevelsen serien \u201dFr\u00e5n sensor till insikt\u201d, del 4\",\"datePublished\":\"2021-10-08T09:50:00+00:00\",\"dateModified\":\"2023-11-22T10:33:15+00:00\",\"mainEntityOfPage\":{\"@id\":\"https:\\\/\\\/spacewell.com\\\/sv\\\/resurser\\\/blogg\\\/hur-iot-sensordata-kan-forbattra-arbetsplatsupplevelsen\\\/\"},\"wordCount\":1431,\"publisher\":{\"@id\":\"https:\\\/\\\/spacewell.com\\\/sv\\\/#organization\"},\"image\":{\"@id\":\"https:\\\/\\\/spacewell.com\\\/sv\\\/resurser\\\/blogg\\\/hur-iot-sensordata-kan-forbattra-arbetsplatsupplevelsen\\\/#primaryimage\"},\"thumbnailUrl\":\"https:\\\/\\\/spacewell.com\\\/wp-content\\\/uploads\\\/2023\\\/06\\\/colleagues-working-standing-over-desk-1200x630-1.jpg\",\"keywords\":[\"Fr\u00e5n sensor till insikt\"],\"articleSection\":[\"Blogg\"],\"inLanguage\":\"sv-SE\"},{\"@type\":\"WebPage\",\"@id\":\"https:\\\/\\\/spacewell.com\\\/sv\\\/resurser\\\/blogg\\\/hur-iot-sensordata-kan-forbattra-arbetsplatsupplevelsen\\\/\",\"url\":\"https:\\\/\\\/spacewell.com\\\/sv\\\/resurser\\\/blogg\\\/hur-iot-sensordata-kan-forbattra-arbetsplatsupplevelsen\\\/\",\"name\":\"Hur IoT-sensordata kan f\u00f6rb\u00e4ttra arbetsplatsupplevelsen | Spacewell\",\"isPartOf\":{\"@id\":\"https:\\\/\\\/spacewell.com\\\/sv\\\/#website\"},\"primaryImageOfPage\":{\"@id\":\"https:\\\/\\\/spacewell.com\\\/sv\\\/resurser\\\/blogg\\\/hur-iot-sensordata-kan-forbattra-arbetsplatsupplevelsen\\\/#primaryimage\"},\"image\":{\"@id\":\"https:\\\/\\\/spacewell.com\\\/sv\\\/resurser\\\/blogg\\\/hur-iot-sensordata-kan-forbattra-arbetsplatsupplevelsen\\\/#primaryimage\"},\"thumbnailUrl\":\"https:\\\/\\\/spacewell.com\\\/wp-content\\\/uploads\\\/2023\\\/06\\\/colleagues-working-standing-over-desk-1200x630-1.jpg\",\"datePublished\":\"2021-10-08T09:50:00+00:00\",\"dateModified\":\"2023-11-22T10:33:15+00:00\",\"description\":\"Hybridarbete \u00f6kar. Hur kan man utnyttja smart teknik f\u00f6r att ge medarbetarna en bra upplevelse p\u00e5 en hybridarbetsplats?\",\"breadcrumb\":{\"@id\":\"https:\\\/\\\/spacewell.com\\\/sv\\\/resurser\\\/blogg\\\/hur-iot-sensordata-kan-forbattra-arbetsplatsupplevelsen\\\/#breadcrumb\"},\"inLanguage\":\"sv-SE\",\"potentialAction\":[{\"@type\":\"ReadAction\",\"target\":[\"https:\\\/\\\/spacewell.com\\\/sv\\\/resurser\\\/blogg\\\/hur-iot-sensordata-kan-forbattra-arbetsplatsupplevelsen\\\/\"]}]},{\"@type\":\"ImageObject\",\"inLanguage\":\"sv-SE\",\"@id\":\"https:\\\/\\\/spacewell.com\\\/sv\\\/resurser\\\/blogg\\\/hur-iot-sensordata-kan-forbattra-arbetsplatsupplevelsen\\\/#primaryimage\",\"url\":\"https:\\\/\\\/spacewell.com\\\/wp-content\\\/uploads\\\/2023\\\/06\\\/colleagues-working-standing-over-desk-1200x630-1.jpg\",\"contentUrl\":\"https:\\\/\\\/spacewell.com\\\/wp-content\\\/uploads\\\/2023\\\/06\\\/colleagues-working-standing-over-desk-1200x630-1.jpg\",\"width\":1200,\"height\":630,\"caption\":\"Colleagues working standing over desk\"},{\"@type\":\"BreadcrumbList\",\"@id\":\"https:\\\/\\\/spacewell.com\\\/sv\\\/resurser\\\/blogg\\\/hur-iot-sensordata-kan-forbattra-arbetsplatsupplevelsen\\\/#breadcrumb\",\"itemListElement\":[{\"@type\":\"ListItem\",\"position\":1,\"name\":\"Home\",\"item\":\"https:\\\/\\\/spacewell.com\\\/sv\\\/\"},{\"@type\":\"ListItem\",\"position\":2,\"name\":\"Hur IoT-sensordata kan f\u00f6rb\u00e4ttra arbetsplatsupplevelsen serien \u201dFr\u00e5n sensor till insikt\u201d, del 4\"}]},{\"@type\":\"WebSite\",\"@id\":\"https:\\\/\\\/spacewell.com\\\/sv\\\/#website\",\"url\":\"https:\\\/\\\/spacewell.com\\\/sv\\\/\",\"name\":\"Spacewell | A Nemetschek Company\",\"description\":\"Make buildings work for people\",\"publisher\":{\"@id\":\"https:\\\/\\\/spacewell.com\\\/sv\\\/#organization\"},\"potentialAction\":[{\"@type\":\"SearchAction\",\"target\":{\"@type\":\"EntryPoint\",\"urlTemplate\":\"https:\\\/\\\/spacewell.com\\\/sv\\\/?s={search_term_string}\"},\"query-input\":{\"@type\":\"PropertyValueSpecification\",\"valueRequired\":true,\"valueName\":\"search_term_string\"}}],\"inLanguage\":\"sv-SE\"},{\"@type\":\"Organization\",\"@id\":\"https:\\\/\\\/spacewell.com\\\/sv\\\/#organization\",\"name\":\"Spacewell | A Nemetschek Company\",\"url\":\"https:\\\/\\\/spacewell.com\\\/sv\\\/\",\"logo\":{\"@type\":\"ImageObject\",\"inLanguage\":\"sv-SE\",\"@id\":\"https:\\\/\\\/spacewell.com\\\/sv\\\/#\\\/schema\\\/logo\\\/image\\\/\",\"url\":\"https:\\\/\\\/spacewell.com\\\/wp-content\\\/uploads\\\/2023\\\/05\\\/spacewell-logo-500x88-1.webp\",\"contentUrl\":\"https:\\\/\\\/spacewell.com\\\/wp-content\\\/uploads\\\/2023\\\/05\\\/spacewell-logo-500x88-1.webp\",\"width\":500,\"height\":88,\"caption\":\"Spacewell | A Nemetschek Company\"},\"image\":{\"@id\":\"https:\\\/\\\/spacewell.com\\\/sv\\\/#\\\/schema\\\/logo\\\/image\\\/\"},\"sameAs\":[\"https:\\\/\\\/www.facebook.com\\\/SpacewellHQ\",\"https:\\\/\\\/x.com\\\/Spacewell_HQ\"]},{\"@type\":\"Person\",\"@id\":\"https:\\\/\\\/spacewell.com\\\/sv\\\/#\\\/schema\\\/person\\\/56fc87cc20a52c431f3831f2c17e946a\",\"name\":\"Marketing Team\",\"image\":{\"@type\":\"ImageObject\",\"inLanguage\":\"sv-SE\",\"@id\":\"https:\\\/\\\/secure.gravatar.com\\\/avatar\\\/33dd4b194f6044b53d8410d1a677b226d86f23969442e70903a2b3bd700aac4d?s=96&d=mm&r=g\",\"url\":\"https:\\\/\\\/secure.gravatar.com\\\/avatar\\\/33dd4b194f6044b53d8410d1a677b226d86f23969442e70903a2b3bd700aac4d?s=96&d=mm&r=g\",\"contentUrl\":\"https:\\\/\\\/secure.gravatar.com\\\/avatar\\\/33dd4b194f6044b53d8410d1a677b226d86f23969442e70903a2b3bd700aac4d?s=96&d=mm&r=g\",\"caption\":\"Marketing Team\"},\"url\":\"https:\\\/\\\/spacewell.com\\\/sv\\\/author\\\/marketing-team\\\/\"}]}<\/script>\n<!-- \/ Yoast SEO Premium plugin. -->","yoast_head_json":{"title":"Hur IoT-sensordata kan f\u00f6rb\u00e4ttra arbetsplatsupplevelsen | Spacewell","description":"Hybridarbete \u00f6kar. Hur kan man utnyttja smart teknik f\u00f6r att ge medarbetarna en bra upplevelse p\u00e5 en hybridarbetsplats?","robots":{"index":"index","follow":"follow","max-snippet":"max-snippet:-1","max-image-preview":"max-image-preview:large","max-video-preview":"max-video-preview:-1"},"canonical":"https:\/\/spacewell.com\/sv\/resurser\/blogg\/hur-iot-sensordata-kan-forbattra-arbetsplatsupplevelsen\/","og_locale":"sv_SE","og_type":"article","og_title":"Hur IoT-sensordata kan f\u00f6rb\u00e4ttra arbetsplatsupplevelsen serien \u201dFr\u00e5n sensor till insikt\u201d, del 4","og_description":"Hybridarbete \u00f6kar. Hur kan man utnyttja smart teknik f\u00f6r att ge medarbetarna en bra upplevelse p\u00e5 en hybridarbetsplats?","og_url":"https:\/\/spacewell.com\/sv\/resurser\/blogg\/hur-iot-sensordata-kan-forbattra-arbetsplatsupplevelsen\/","og_site_name":"Spacewell | A Nemetschek Company","article_publisher":"https:\/\/www.facebook.com\/SpacewellHQ","article_published_time":"2021-10-08T09:50:00+00:00","article_modified_time":"2023-11-22T10:33:15+00:00","og_image":[{"width":1200,"height":630,"url":"https:\/\/spacewell.com\/wp-content\/uploads\/2023\/06\/colleagues-working-standing-over-desk-1200x630-1.jpg","type":"image\/jpeg"}],"author":"Marketing Team","twitter_card":"summary_large_image","twitter_creator":"@Spacewell_HQ","twitter_site":"@Spacewell_HQ","twitter_misc":{"Skriven av":"Marketing Team","Ber\u00e4knad l\u00e4stid":"6 minuter"},"schema":{"@context":"https:\/\/schema.org","@graph":[{"@type":"Article","@id":"https:\/\/spacewell.com\/sv\/resurser\/blogg\/hur-iot-sensordata-kan-forbattra-arbetsplatsupplevelsen\/#article","isPartOf":{"@id":"https:\/\/spacewell.com\/sv\/resurser\/blogg\/hur-iot-sensordata-kan-forbattra-arbetsplatsupplevelsen\/"},"author":{"name":"Marketing Team","@id":"https:\/\/spacewell.com\/sv\/#\/schema\/person\/56fc87cc20a52c431f3831f2c17e946a"},"headline":"Hur IoT-sensordata kan f\u00f6rb\u00e4ttra arbetsplatsupplevelsen serien \u201dFr\u00e5n sensor till insikt\u201d, del 4","datePublished":"2021-10-08T09:50:00+00:00","dateModified":"2023-11-22T10:33:15+00:00","mainEntityOfPage":{"@id":"https:\/\/spacewell.com\/sv\/resurser\/blogg\/hur-iot-sensordata-kan-forbattra-arbetsplatsupplevelsen\/"},"wordCount":1431,"publisher":{"@id":"https:\/\/spacewell.com\/sv\/#organization"},"image":{"@id":"https:\/\/spacewell.com\/sv\/resurser\/blogg\/hur-iot-sensordata-kan-forbattra-arbetsplatsupplevelsen\/#primaryimage"},"thumbnailUrl":"https:\/\/spacewell.com\/wp-content\/uploads\/2023\/06\/colleagues-working-standing-over-desk-1200x630-1.jpg","keywords":["Fr\u00e5n sensor till insikt"],"articleSection":["Blogg"],"inLanguage":"sv-SE"},{"@type":"WebPage","@id":"https:\/\/spacewell.com\/sv\/resurser\/blogg\/hur-iot-sensordata-kan-forbattra-arbetsplatsupplevelsen\/","url":"https:\/\/spacewell.com\/sv\/resurser\/blogg\/hur-iot-sensordata-kan-forbattra-arbetsplatsupplevelsen\/","name":"Hur IoT-sensordata kan f\u00f6rb\u00e4ttra arbetsplatsupplevelsen | Spacewell","isPartOf":{"@id":"https:\/\/spacewell.com\/sv\/#website"},"primaryImageOfPage":{"@id":"https:\/\/spacewell.com\/sv\/resurser\/blogg\/hur-iot-sensordata-kan-forbattra-arbetsplatsupplevelsen\/#primaryimage"},"image":{"@id":"https:\/\/spacewell.com\/sv\/resurser\/blogg\/hur-iot-sensordata-kan-forbattra-arbetsplatsupplevelsen\/#primaryimage"},"thumbnailUrl":"https:\/\/spacewell.com\/wp-content\/uploads\/2023\/06\/colleagues-working-standing-over-desk-1200x630-1.jpg","datePublished":"2021-10-08T09:50:00+00:00","dateModified":"2023-11-22T10:33:15+00:00","description":"Hybridarbete \u00f6kar. Hur kan man utnyttja smart teknik f\u00f6r att ge medarbetarna en bra upplevelse p\u00e5 en hybridarbetsplats?","breadcrumb":{"@id":"https:\/\/spacewell.com\/sv\/resurser\/blogg\/hur-iot-sensordata-kan-forbattra-arbetsplatsupplevelsen\/#breadcrumb"},"inLanguage":"sv-SE","potentialAction":[{"@type":"ReadAction","target":["https:\/\/spacewell.com\/sv\/resurser\/blogg\/hur-iot-sensordata-kan-forbattra-arbetsplatsupplevelsen\/"]}]},{"@type":"ImageObject","inLanguage":"sv-SE","@id":"https:\/\/spacewell.com\/sv\/resurser\/blogg\/hur-iot-sensordata-kan-forbattra-arbetsplatsupplevelsen\/#primaryimage","url":"https:\/\/spacewell.com\/wp-content\/uploads\/2023\/06\/colleagues-working-standing-over-desk-1200x630-1.jpg","contentUrl":"https:\/\/spacewell.com\/wp-content\/uploads\/2023\/06\/colleagues-working-standing-over-desk-1200x630-1.jpg","width":1200,"height":630,"caption":"Colleagues working standing over desk"},{"@type":"BreadcrumbList","@id":"https:\/\/spacewell.com\/sv\/resurser\/blogg\/hur-iot-sensordata-kan-forbattra-arbetsplatsupplevelsen\/#breadcrumb","itemListElement":[{"@type":"ListItem","position":1,"name":"Home","item":"https:\/\/spacewell.com\/sv\/"},{"@type":"ListItem","position":2,"name":"Hur IoT-sensordata kan f\u00f6rb\u00e4ttra arbetsplatsupplevelsen serien \u201dFr\u00e5n sensor till insikt\u201d, del 4"}]},{"@type":"WebSite","@id":"https:\/\/spacewell.com\/sv\/#website","url":"https:\/\/spacewell.com\/sv\/","name":"Spacewell | A Nemetschek Company","description":"Make buildings work for people","publisher":{"@id":"https:\/\/spacewell.com\/sv\/#organization"},"potentialAction":[{"@type":"SearchAction","target":{"@type":"EntryPoint","urlTemplate":"https:\/\/spacewell.com\/sv\/?s={search_term_string}"},"query-input":{"@type":"PropertyValueSpecification","valueRequired":true,"valueName":"search_term_string"}}],"inLanguage":"sv-SE"},{"@type":"Organization","@id":"https:\/\/spacewell.com\/sv\/#organization","name":"Spacewell | A Nemetschek Company","url":"https:\/\/spacewell.com\/sv\/","logo":{"@type":"ImageObject","inLanguage":"sv-SE","@id":"https:\/\/spacewell.com\/sv\/#\/schema\/logo\/image\/","url":"https:\/\/spacewell.com\/wp-content\/uploads\/2023\/05\/spacewell-logo-500x88-1.webp","contentUrl":"https:\/\/spacewell.com\/wp-content\/uploads\/2023\/05\/spacewell-logo-500x88-1.webp","width":500,"height":88,"caption":"Spacewell | A Nemetschek Company"},"image":{"@id":"https:\/\/spacewell.com\/sv\/#\/schema\/logo\/image\/"},"sameAs":["https:\/\/www.facebook.com\/SpacewellHQ","https:\/\/x.com\/Spacewell_HQ"]},{"@type":"Person","@id":"https:\/\/spacewell.com\/sv\/#\/schema\/person\/56fc87cc20a52c431f3831f2c17e946a","name":"Marketing Team","image":{"@type":"ImageObject","inLanguage":"sv-SE","@id":"https:\/\/secure.gravatar.com\/avatar\/33dd4b194f6044b53d8410d1a677b226d86f23969442e70903a2b3bd700aac4d?s=96&d=mm&r=g","url":"https:\/\/secure.gravatar.com\/avatar\/33dd4b194f6044b53d8410d1a677b226d86f23969442e70903a2b3bd700aac4d?s=96&d=mm&r=g","contentUrl":"https:\/\/secure.gravatar.com\/avatar\/33dd4b194f6044b53d8410d1a677b226d86f23969442e70903a2b3bd700aac4d?s=96&d=mm&r=g","caption":"Marketing Team"},"url":"https:\/\/spacewell.com\/sv\/author\/marketing-team\/"}]}},"_links":{"self":[{"href":"https:\/\/spacewell.com\/sv\/wp-json\/wp\/v2\/posts\/8814","targetHints":{"allow":["GET"]}}],"collection":[{"href":"https:\/\/spacewell.com\/sv\/wp-json\/wp\/v2\/posts"}],"about":[{"href":"https:\/\/spacewell.com\/sv\/wp-json\/wp\/v2\/types\/post"}],"author":[{"embeddable":true,"href":"https:\/\/spacewell.com\/sv\/wp-json\/wp\/v2\/users\/29"}],"replies":[{"embeddable":true,"href":"https:\/\/spacewell.com\/sv\/wp-json\/wp\/v2\/comments?post=8814"}],"version-history":[{"count":11,"href":"https:\/\/spacewell.com\/sv\/wp-json\/wp\/v2\/posts\/8814\/revisions"}],"predecessor-version":[{"id":27930,"href":"https:\/\/spacewell.com\/sv\/wp-json\/wp\/v2\/posts\/8814\/revisions\/27930"}],"wp:featuredmedia":[{"embeddable":true,"href":"https:\/\/spacewell.com\/sv\/wp-json\/wp\/v2\/media\/2258"}],"wp:attachment":[{"href":"https:\/\/spacewell.com\/sv\/wp-json\/wp\/v2\/media?parent=8814"}],"wp:term":[{"taxonomy":"category","embeddable":true,"href":"https:\/\/spacewell.com\/sv\/wp-json\/wp\/v2\/categories?post=8814"},{"taxonomy":"post_tag","embeddable":true,"href":"https:\/\/spacewell.com\/sv\/wp-json\/wp\/v2\/tags?post=8814"}],"curies":[{"name":"wp","href":"https:\/\/api.w.org\/{rel}","templated":true}]}}