


{"id":8786,"date":"2022-12-19T17:23:00","date_gmt":"2022-12-19T16:23:00","guid":{"rendered":"https:\/\/spacewell.com\/okategoriserad\/vad-ar-en-smart-arbetsplats\/"},"modified":"2023-07-26T15:23:29","modified_gmt":"2023-07-26T13:23:29","slug":"vad-ar-en-smart-arbetsplats","status":"publish","type":"post","link":"https:\/\/spacewell.com\/sv\/resurser\/blogg\/vad-ar-en-smart-arbetsplats\/","title":{"rendered":"Vad \u00e4r en smart arbetsplats?"},"content":{"rendered":"<div class=\"gb-container gb-container-fd2ab180 gb-container-5731d80c\">\n\n<p>Har du h\u00f6rt talas om den \u201dsmarta arbetsplatsen\u201d men vet inte riktigt vad begreppet inneb\u00e4r? Vill du genomf\u00f6ra en strategi f\u00f6r att f\u00f6rb\u00e4ttra arbetsmilj\u00f6n p\u00e5 ditt f\u00f6retag? H\u00e4r \u00e4r n\u00e5gra tips f\u00f6r att hj\u00e4lpa dig med planeringen!  <\/p>\n\n\n\n<p>Den smarta arbetsplatsen \u00e4r l\u00e5ngt ifr\u00e5n ett abstrakt begrepp utan verklig grund, utan \u00e4r en av de termer som har inf\u00f6rts f\u00f6r att beteckna nya s\u00e4tt att organisera arbetet, i samband med utvecklingen av distansarbete och hybridkontor.<\/p>\n\n\n\n<h2 class=\"gb-headline gb-headline-47ab6bdc gb-headline-text\">Den smarta arbetsplatsen \u2013 en del av den moderna arbetsplatsen<\/h2>\n\n\n\n<p>Begreppet smart arbetsplats \u00e4r en del av det mer globala begreppet \u201dmodern arbetsplats\u201d.<\/p>\n\n\n\n<h3 class=\"gb-headline gb-headline-c9526381 gb-headline-text\">Vad \u00e4r den moderna arbetsplatsen?<\/h3>\n\n\n\n<p>Den moderna arbetsplatsen \u00e4r en dynamisk och st\u00f6djande milj\u00f6 som syftar till att utnyttja humankapitalet p\u00e5 b\u00e4sta s\u00e4tt i en arbetsv\u00e4rld som utvecklas snabbt. Den \u00e4r ett svar p\u00e5 den globala trenden mot \u00f6kad r\u00f6rlighet och flexibilitet. Denna trend, som fanns redan f\u00f6re pandemin, accelererar och har \u00f6ppnat v\u00e4gen f\u00f6r nya hybridbaserade arbetsformer.  <\/p>\n\n\n\n<p>Begreppet modern arbetsplats omfattar begreppen <em>hybridarbetsplats<\/em> (ett ekosystem som erbjuder en blandning av arbete p\u00e5 plats och arbete p\u00e5 distans), <em>digital arbetsplats<\/em> (som omfattar all digital teknik som m\u00e4nniskor anv\u00e4nder f\u00f6r att f\u00e5 arbetet gjort p\u00e5 dagens arbetsplats), <em>virtuell arbetsplats<\/em> (d\u00e4r anst\u00e4llda kan samarbeta oavsett var de befinner sig) och framf\u00f6r allt den <em>smarta arbetsplatsen.<\/em>.<\/p>\n\n\n\n<h3 class=\"gb-headline gb-headline-f61cb500 gb-headline-text\">P\u00e5 den smarta arbetsplatsen s\u00e4tts tekniken i arbete f\u00f6r de anst\u00e4llda<\/h3>\n\n\n\n<p>Generellt sett anv\u00e4nder man sig med en smart arbetsplats av teknik f\u00f6r att knyta samman och engagera de anst\u00e4llda med deras arbetsmilj\u00f6, oavsett var den finns (p\u00e5 plats, p\u00e5 distans\u2026). Syftet \u00e4r att anpassa arbetslokalerna till nya arbetss\u00e4tt med hj\u00e4lp av teknik, s\u00e4rskilt digitala verktyg.<\/p>\n\n\n\n<p>L\u00e4s ocks\u00e5: <a href=\"https:\/\/spacewell.com\/sv\/resurser\/blogg\/vilka-ar-de-viktigaste-fordelarna-med-mjukvara-for-arbetsplatshantering\/\">Vilka \u00e4r de viktigaste f\u00f6rdelarna med mjukvara f\u00f6r arbetsplatshantering<\/a>?<\/p>\n\n\n\n<h2 class=\"gb-headline gb-headline-9b15c949 gb-headline-text\">Smart arbetsplats: utmaningar och l\u00f6sningar<\/h2>\n\n\n\n<p>Den st\u00f6rsta utmaningen med den smarta arbetsplatsen \u00e4r att effektivt anpassa arbetsmilj\u00f6n till nya metoder f\u00f6r att uppfylla de anst\u00e4lldas f\u00f6rv\u00e4ntningar och samtidigt f\u00f6rb\u00e4ttra produktiviteten.<\/p>\n\n\n\n<h3 class=\"gb-headline gb-headline-2d3333c6 gb-headline-text\">Distansarbete och smarta arbetsplatser<\/h3>\n\n\n\n<p>Den viktigaste utvecklingen under de senaste \u00e5ren, som ber\u00f6r ett mycket stort antal f\u00f6retag, \u00e4r den betydande utvecklingen av distansarbete efter covid-19-krisen. Till en b\u00f6rjan reagerade f\u00f6retagen snabbt p\u00e5 pandemin genom att l\u00e5ta de anst\u00e4llda arbeta hemifr\u00e5n och ge dem fj\u00e4rr\u00e5tkomst till kritiska tj\u00e4nster som beh\u00f6vs f\u00f6r att de ska kunna utf\u00f6ra sitt arbete. <\/p>\n\n\n\n<p>Den smarta arbetsplatsen g\u00f6r det dock m\u00f6jligt f\u00f6r organisationer att g\u00e5 l\u00e4ngre, att planera l\u00e5ngsiktiga strategier och att anpassa och optimera arbetsplatsens funktionss\u00e4tt. Det har till exempel konstaterats att distansarbete isolerar de anst\u00e4llda och leder till mindre interaktion med kollegor. <\/p>\n\n\n\n<p>Den smarta arbetsplatsen svarar p\u00e5 denna iakttagelse genom att erbjuda de anst\u00e4llda en global digital arbetsmilj\u00f6 s\u00e5 att de enkelt och snabbt kan komma i kontakt med \u201dkontoret\u201d och kollegorna p\u00e5 olika s\u00e4tt, t.ex. via chatt, telefon eller videosamtal.<\/p>\n\n<\/div><div class=\"gb-container gb-container-5c818698\">\n\n<figure class=\"gb-block-image gb-block-image-9ee0f2d0\"><img loading=\"lazy\" decoding=\"async\" width=\"1200\" height=\"630\" class=\"gb-image gb-image-9ee0f2d0 gb-image-b19acb23\" src=\"\/wp-content\/uploads\/2023\/06\/colegues-meeting-in-meeting-corner-with-sofas-1200x630-2.png\" alt=\"Kollegor m\u00f6ts i ett m\u00f6tesh\u00f6rn med soffor\" srcset=\"https:\/\/spacewell.com\/wp-content\/uploads\/2023\/06\/colegues-meeting-in-meeting-corner-with-sofas-1200x630-2.png 1200w, https:\/\/spacewell.com\/wp-content\/uploads\/2023\/06\/colegues-meeting-in-meeting-corner-with-sofas-1200x630-2-500x263.png 500w, https:\/\/spacewell.com\/wp-content\/uploads\/2023\/06\/colegues-meeting-in-meeting-corner-with-sofas-1200x630-2-1024x538.png 1024w, https:\/\/spacewell.com\/wp-content\/uploads\/2023\/06\/colegues-meeting-in-meeting-corner-with-sofas-1200x630-2-768x403.png 768w\" sizes=\"auto, (max-width: 1200px) 100vw, 1200px\" \/><\/figure>\n\n<\/div><div class=\"gb-container gb-container-828aeb3b gb-container-5731d80c\">\n\n<h3 class=\"gb-headline gb-headline-24e90cc6 gb-headline-text\">Kontoret som ett samarbetsutrymme<\/h3>\n\n\n\n<p>\u201dN\u00e4r du g\u00e5r till jobbet \u00e4r det f\u00f6r att samarbeta\u201d: detta \u00e4r en av de senaste \u00e5rens viktigaste utvecklingstendenser. I och med utvecklingen av distansarbete har kontoret blivit en plats dit de anst\u00e4llda inte bara g\u00e5r f\u00f6r att f\u00e5 sitt arbete gjort, utan ocks\u00e5 f\u00f6r att samarbeta med sina kollegor. F\u00f6r kunskapsarbetare \u00e4r detta en viktig aktivitet, eftersom samarbete ger br\u00e4nsle till id\u00e9er f\u00f6r probleml\u00f6sning och innovation. Arbetslokalerna m\u00e5ste d\u00e4rf\u00f6r vara perfekt anpassade f\u00f6r samarbete och kommunikation.   <\/p>\n\n\n\n<p>Det \u00e4r till exempel viktigt att m\u00f6tesrummen alltid \u00e4r tillg\u00e4ngliga n\u00e4r de anst\u00e4llda beh\u00f6ver dem. Erfarenheten visar att m\u00f6tesrummen ofta ser ut att vara upptagna n\u00e4r de i sj\u00e4lva verket st\u00e5r oanv\u00e4nda. Verktyg f\u00f6r smarta arbetsplatser kan ta itu med denna utmaning, inte bara genom tj\u00e4nster f\u00f6r bokning av rum, utan ocks\u00e5 genom att tillhandah\u00e5lla tillg\u00e4nglighet i realtid, t.ex. genom sensorer som kan registrera om ett rum \u00e4r upptaget eller inte.  <\/p>\n\n\n\n<h2 class=\"gb-headline gb-headline-7918196b gb-headline-text\">Hur implementerar man en smart arbetsplats med digitala verktyg?<\/h2>\n\n\n\n<p>F\u00f6r att f\u00f6rvandla ett traditionellt kontor till en smart arbetsplats beh\u00f6vs mjukvara som \u00e4r utformad f\u00f6r detta \u00e4ndam\u00e5l.<\/p>\n\n\n\n<h3 class=\"gb-headline gb-headline-cdb4663f gb-headline-text\">Till\u00e4mpa principerna f\u00f6r smarta arbetsplatser p\u00e5 det fysiska kontoret<\/h3>\n\n\n\n<p>Det \u00e4r i de fysiska arbetsutrymmena, dvs. f\u00f6retagets kontor, som det kan vara mest komplicerat att genomf\u00f6ra principerna f\u00f6r smarta arbetsplatser. Det handlar om att utforma och utrusta platser f\u00f6r aktivitetsbaserat arbete: brainstorming- och samlingsrum, telefonkiosker och koncentrationsutrymmen, avkopplings- och loungeomr\u00e5den o.s.v. Det handlar ocks\u00e5 om att hantera bokning av rum, st\u00e4dning och underh\u00e5ll av utrymmena utan att st\u00f6ra anv\u00e4ndarna.  <\/p>\n\n\n\n<p>L\u00e4s ocks\u00e5: <a href=\"https:\/\/spacewell.com\/sv\/resurser\/blogg\/hur-kan-du-forbattra-ditt-foretags-arbetsplatshantering\/\">Hur kan du f\u00f6rb\u00e4ttra ditt f\u00f6retags arbetsplatshantering?<\/a><\/p>\n\n\n\n<h3 class=\"gb-headline gb-headline-79eef426 gb-headline-text\">Spacewell, mjukvara f\u00f6r smarta arbetsplatser utformad f\u00f6r hybridarbetsplatser<\/h3>\n\n\n\n<p>Det \u00e4r inte m\u00f6jligt att implementera principer f\u00f6r smarta arbetsplatser i fysiska kontor utan en s\u00e4rskild till\u00e4mpning. Spacewells plattform f\u00f6r den smarta arbetsplatsen har utformats s\u00e4rskilt f\u00f6r att f\u00f6retag enkelt ska kunna uppn\u00e5 detta m\u00e5l genom att kombinera realtidsdata, effektiva arbetsfl\u00f6den och funktioner f\u00f6r medarbetarna. <\/p>\n\n<\/div><div class=\"gb-container gb-container-0ecacc9d\">\n\n<figure class=\"gb-block-image gb-block-image-e739a1ca\"><img loading=\"lazy\" decoding=\"async\" width=\"1280\" height=\"718\" class=\"gb-image gb-image-e739a1ca gb-image-b19acb23\" src=\"\/wp-content\/uploads\/2023\/06\/workplace-comfort-1280x718-1.png\" alt=\"Workplace komfort\" srcset=\"https:\/\/spacewell.com\/wp-content\/uploads\/2023\/06\/workplace-comfort-1280x718-1.png 1280w, https:\/\/spacewell.com\/wp-content\/uploads\/2023\/06\/workplace-comfort-1280x718-1-500x280.png 500w, https:\/\/spacewell.com\/wp-content\/uploads\/2023\/06\/workplace-comfort-1280x718-1-1024x574.png 1024w, https:\/\/spacewell.com\/wp-content\/uploads\/2023\/06\/workplace-comfort-1280x718-1-768x431.png 768w\" sizes=\"auto, (max-width: 1280px) 100vw, 1280px\" \/><\/figure>\n\n<\/div><div class=\"gb-container gb-container-2864ec67 gb-container-5731d80c\">\n\n<h4 class=\"gb-headline gb-headline-76126c69 gb-headline-text\"><strong>N\u00e5gra viktiga funktioner:<\/strong><\/h4>\n\n\n\n<ul class=\"wp-block-list\">\n<li>Enkel bokning av rum och arbetsstationer<\/li>\n\n\n\n<li>Tillg\u00e5ng till v\u00e5ningsplaner i realtid p\u00e5 mobila enheter<\/li>\n\n\n\n<li>Lokalisera kollegor i n\u00e4rheten av ditt team<\/li>\n\n\n\n<li>\u00d6vervakning av komfort och inomhusluftkvalitet<\/li>\n\n\n\n<li>Sp\u00e5rning och visualisering av bel\u00e4ggning<\/li>\n\n\n\n<li>Utrymmesanalyser och utrymmesbesparande simuleringar<\/li>\n\n\n\n<li>Effektiva svar p\u00e5 servicef\u00f6rfr\u00e5gningar<\/li>\n<\/ul>\n\n\n\n<p>Dessutom \u00e4r Spacewells app f\u00f6r den smarta arbetsplatsen intuitiv f\u00f6r att underl\u00e4tta interaktion med kontorsmilj\u00f6n, anpassningsbar f\u00f6r att ge anv\u00e4ndaren verklig komfort, och dessutom flexibel.<\/p>\n\n\n\n<p>Pandemin har visat hur viktigt det \u00e4r att erbjuda en sammanh\u00e4ngande arbetsmilj\u00f6 som \u00e4r anpassad till kunskapsarbetarnas behov. M\u00e4nniskors s\u00e4tt att arbeta har f\u00f6r\u00e4ndrats dramatiskt och ett helt station\u00e4rt arbetss\u00e4tt \u00e4r numera f\u00f6r\u00e5ldrat. <\/p>\n\n\n\n<p>Genom att g\u00f6ra ditt kontor till en smart arbetsplats kan du t\u00e4nka om n\u00e4r det g\u00e4ller de anst\u00e4lldas upplevelse och anpassa dig till den digitala omvandlingen, samtidigt som du f\u00e5r flera f\u00f6rdelar, t.ex. b\u00e4ttre engagemang och produktivitet hos de anst\u00e4llda.<\/p>\n\n\n\n<p><a href=\"https:\/\/spacewell.com\/sv\/programvaror\/smarta-arbetsplatslosningar\/\">Spacewell Workplace<\/a> \u00e4r det perfekta verktyget f\u00f6r att uppn\u00e5 dessa m\u00e5l!<\/p>\n\n<\/div>","protected":false},"excerpt":{"rendered":"<p>Har du h\u00f6rt talas om den \u201dsmarta arbetsplatsen\u201d men vet inte riktigt vad begreppet inneb\u00e4r? Vill du genomf\u00f6ra en strategi f\u00f6r att f\u00f6rb\u00e4ttra arbetsmilj\u00f6n p\u00e5 ditt f\u00f6retag? H\u00e4r \u00e4r n\u00e5gra tips f\u00f6r att hj\u00e4lpa dig med planeringen! Den smarta arbetsplatsen \u00e4r l\u00e5ngt ifr\u00e5n ett abstrakt begrepp utan verklig grund, utan \u00e4r en av de termer &#8230; <a title=\"Vad \u00e4r en smart arbetsplats?\" class=\"read-more\" href=\"https:\/\/spacewell.com\/sv\/resurser\/blogg\/vad-ar-en-smart-arbetsplats\/\" aria-label=\"L\u00e4s mer om Vad \u00e4r en smart arbetsplats?\">L\u00e4s mer<\/a><\/p>\n","protected":false},"author":29,"featured_media":2844,"comment_status":"closed","ping_status":"open","sticky":false,"template":"","format":"standard","meta":{"_acf_changed":false,"footnotes":""},"categories":[37],"tags":[],"class_list":["post-8786","post","type-post","status-publish","format-standard","has-post-thumbnail","hentry","category-blogg","generate-columns","tablet-grid-50","mobile-grid-100","grid-parent","grid-50","no-featured-image-padding"],"acf":[],"yoast_head":"<!-- This site is optimized with the Yoast SEO Premium plugin v26.0 (Yoast SEO v27.5) - https:\/\/yoast.com\/product\/yoast-seo-premium-wordpress\/ -->\n<title>Vad \u00e4r en smart arbetsplats? | Spacewell<\/title>\n<meta name=\"description\" content=\"Du har h\u00f6rt talas om den &quot;smarta arbetsplatsen&quot;, men konceptet \u00e4r oklart f\u00f6r dig? Det h\u00e4r blogginl\u00e4gget kommer att hj\u00e4lpa dig att f\u00e5 en b\u00e4ttre f\u00f6rst\u00e5else.\" \/>\n<meta name=\"robots\" content=\"index, follow, max-snippet:-1, max-image-preview:large, max-video-preview:-1\" \/>\n<link rel=\"canonical\" href=\"https:\/\/spacewell.com\/sv\/resurser\/blogg\/vad-ar-en-smart-arbetsplats\/\" \/>\n<meta property=\"og:locale\" content=\"sv_SE\" \/>\n<meta property=\"og:type\" content=\"article\" \/>\n<meta property=\"og:title\" content=\"Vad \u00e4r en smart arbetsplats?\" \/>\n<meta property=\"og:description\" content=\"Du har h\u00f6rt talas om den &quot;smarta arbetsplatsen&quot;, men konceptet \u00e4r oklart f\u00f6r dig? Det h\u00e4r blogginl\u00e4gget kommer att hj\u00e4lpa dig att f\u00e5 en b\u00e4ttre f\u00f6rst\u00e5else.\" \/>\n<meta property=\"og:url\" content=\"https:\/\/spacewell.com\/sv\/resurser\/blogg\/vad-ar-en-smart-arbetsplats\/\" \/>\n<meta property=\"og:site_name\" content=\"Spacewell | A Nemetschek Company\" \/>\n<meta property=\"article:publisher\" content=\"https:\/\/www.facebook.com\/SpacewellHQ\" \/>\n<meta property=\"article:published_time\" content=\"2022-12-19T16:23:00+00:00\" \/>\n<meta property=\"article:modified_time\" content=\"2023-07-26T13:23:29+00:00\" \/>\n<meta property=\"og:image\" content=\"https:\/\/spacewell.com\/wp-content\/uploads\/2023\/06\/colleges-around-table-in-office-meeting-room-1200x630-1.png\" \/>\n\t<meta property=\"og:image:width\" content=\"1200\" \/>\n\t<meta property=\"og:image:height\" content=\"630\" \/>\n\t<meta property=\"og:image:type\" content=\"image\/png\" \/>\n<meta name=\"author\" content=\"Marketing Team\" \/>\n<meta name=\"twitter:card\" content=\"summary_large_image\" \/>\n<meta name=\"twitter:creator\" content=\"@Spacewell_HQ\" \/>\n<meta name=\"twitter:site\" content=\"@Spacewell_HQ\" \/>\n<meta name=\"twitter:label1\" content=\"Skriven av\" \/>\n\t<meta name=\"twitter:data1\" content=\"Marketing Team\" \/>\n\t<meta name=\"twitter:label2\" content=\"Ber\u00e4knad l\u00e4stid\" \/>\n\t<meta name=\"twitter:data2\" content=\"5 minuter\" \/>\n<script type=\"application\/ld+json\" class=\"yoast-schema-graph\">{\"@context\":\"https:\\\/\\\/schema.org\",\"@graph\":[{\"@type\":\"Article\",\"@id\":\"https:\\\/\\\/spacewell.com\\\/sv\\\/resurser\\\/blogg\\\/vad-ar-en-smart-arbetsplats\\\/#article\",\"isPartOf\":{\"@id\":\"https:\\\/\\\/spacewell.com\\\/sv\\\/resurser\\\/blogg\\\/vad-ar-en-smart-arbetsplats\\\/\"},\"author\":{\"name\":\"Marketing Team\",\"@id\":\"https:\\\/\\\/spacewell.com\\\/sv\\\/#\\\/schema\\\/person\\\/56fc87cc20a52c431f3831f2c17e946a\"},\"headline\":\"Vad \u00e4r en smart arbetsplats?\",\"datePublished\":\"2022-12-19T16:23:00+00:00\",\"dateModified\":\"2023-07-26T13:23:29+00:00\",\"mainEntityOfPage\":{\"@id\":\"https:\\\/\\\/spacewell.com\\\/sv\\\/resurser\\\/blogg\\\/vad-ar-en-smart-arbetsplats\\\/\"},\"wordCount\":1087,\"publisher\":{\"@id\":\"https:\\\/\\\/spacewell.com\\\/sv\\\/#organization\"},\"image\":{\"@id\":\"https:\\\/\\\/spacewell.com\\\/sv\\\/resurser\\\/blogg\\\/vad-ar-en-smart-arbetsplats\\\/#primaryimage\"},\"thumbnailUrl\":\"https:\\\/\\\/spacewell.com\\\/wp-content\\\/uploads\\\/2023\\\/06\\\/colleges-around-table-in-office-meeting-room-1200x630-1.png\",\"articleSection\":[\"Blogg\"],\"inLanguage\":\"sv-SE\"},{\"@type\":\"WebPage\",\"@id\":\"https:\\\/\\\/spacewell.com\\\/sv\\\/resurser\\\/blogg\\\/vad-ar-en-smart-arbetsplats\\\/\",\"url\":\"https:\\\/\\\/spacewell.com\\\/sv\\\/resurser\\\/blogg\\\/vad-ar-en-smart-arbetsplats\\\/\",\"name\":\"Vad \u00e4r en smart arbetsplats? | Spacewell\",\"isPartOf\":{\"@id\":\"https:\\\/\\\/spacewell.com\\\/sv\\\/#website\"},\"primaryImageOfPage\":{\"@id\":\"https:\\\/\\\/spacewell.com\\\/sv\\\/resurser\\\/blogg\\\/vad-ar-en-smart-arbetsplats\\\/#primaryimage\"},\"image\":{\"@id\":\"https:\\\/\\\/spacewell.com\\\/sv\\\/resurser\\\/blogg\\\/vad-ar-en-smart-arbetsplats\\\/#primaryimage\"},\"thumbnailUrl\":\"https:\\\/\\\/spacewell.com\\\/wp-content\\\/uploads\\\/2023\\\/06\\\/colleges-around-table-in-office-meeting-room-1200x630-1.png\",\"datePublished\":\"2022-12-19T16:23:00+00:00\",\"dateModified\":\"2023-07-26T13:23:29+00:00\",\"description\":\"Du har h\u00f6rt talas om den \\\"smarta arbetsplatsen\\\", men konceptet \u00e4r oklart f\u00f6r dig? Det h\u00e4r blogginl\u00e4gget kommer att hj\u00e4lpa dig att f\u00e5 en b\u00e4ttre f\u00f6rst\u00e5else.\",\"breadcrumb\":{\"@id\":\"https:\\\/\\\/spacewell.com\\\/sv\\\/resurser\\\/blogg\\\/vad-ar-en-smart-arbetsplats\\\/#breadcrumb\"},\"inLanguage\":\"sv-SE\",\"potentialAction\":[{\"@type\":\"ReadAction\",\"target\":[\"https:\\\/\\\/spacewell.com\\\/sv\\\/resurser\\\/blogg\\\/vad-ar-en-smart-arbetsplats\\\/\"]}]},{\"@type\":\"ImageObject\",\"inLanguage\":\"sv-SE\",\"@id\":\"https:\\\/\\\/spacewell.com\\\/sv\\\/resurser\\\/blogg\\\/vad-ar-en-smart-arbetsplats\\\/#primaryimage\",\"url\":\"https:\\\/\\\/spacewell.com\\\/wp-content\\\/uploads\\\/2023\\\/06\\\/colleges-around-table-in-office-meeting-room-1200x630-1.png\",\"contentUrl\":\"https:\\\/\\\/spacewell.com\\\/wp-content\\\/uploads\\\/2023\\\/06\\\/colleges-around-table-in-office-meeting-room-1200x630-1.png\",\"width\":1200,\"height\":630,\"caption\":\"Kollegor runt ett bord i ett m\u00f6tesrum p\u00e5 ett kontor\"},{\"@type\":\"BreadcrumbList\",\"@id\":\"https:\\\/\\\/spacewell.com\\\/sv\\\/resurser\\\/blogg\\\/vad-ar-en-smart-arbetsplats\\\/#breadcrumb\",\"itemListElement\":[{\"@type\":\"ListItem\",\"position\":1,\"name\":\"Home\",\"item\":\"https:\\\/\\\/spacewell.com\\\/sv\\\/\"},{\"@type\":\"ListItem\",\"position\":2,\"name\":\"Vad \u00e4r en smart arbetsplats?\"}]},{\"@type\":\"WebSite\",\"@id\":\"https:\\\/\\\/spacewell.com\\\/sv\\\/#website\",\"url\":\"https:\\\/\\\/spacewell.com\\\/sv\\\/\",\"name\":\"Spacewell | A Nemetschek Company\",\"description\":\"Make buildings work for people\",\"publisher\":{\"@id\":\"https:\\\/\\\/spacewell.com\\\/sv\\\/#organization\"},\"potentialAction\":[{\"@type\":\"SearchAction\",\"target\":{\"@type\":\"EntryPoint\",\"urlTemplate\":\"https:\\\/\\\/spacewell.com\\\/sv\\\/?s={search_term_string}\"},\"query-input\":{\"@type\":\"PropertyValueSpecification\",\"valueRequired\":true,\"valueName\":\"search_term_string\"}}],\"inLanguage\":\"sv-SE\"},{\"@type\":\"Organization\",\"@id\":\"https:\\\/\\\/spacewell.com\\\/sv\\\/#organization\",\"name\":\"Spacewell | A Nemetschek Company\",\"url\":\"https:\\\/\\\/spacewell.com\\\/sv\\\/\",\"logo\":{\"@type\":\"ImageObject\",\"inLanguage\":\"sv-SE\",\"@id\":\"https:\\\/\\\/spacewell.com\\\/sv\\\/#\\\/schema\\\/logo\\\/image\\\/\",\"url\":\"https:\\\/\\\/spacewell.com\\\/wp-content\\\/uploads\\\/2023\\\/05\\\/spacewell-logo-500x88-1.webp\",\"contentUrl\":\"https:\\\/\\\/spacewell.com\\\/wp-content\\\/uploads\\\/2023\\\/05\\\/spacewell-logo-500x88-1.webp\",\"width\":500,\"height\":88,\"caption\":\"Spacewell | A Nemetschek Company\"},\"image\":{\"@id\":\"https:\\\/\\\/spacewell.com\\\/sv\\\/#\\\/schema\\\/logo\\\/image\\\/\"},\"sameAs\":[\"https:\\\/\\\/www.facebook.com\\\/SpacewellHQ\",\"https:\\\/\\\/x.com\\\/Spacewell_HQ\"]},{\"@type\":\"Person\",\"@id\":\"https:\\\/\\\/spacewell.com\\\/sv\\\/#\\\/schema\\\/person\\\/56fc87cc20a52c431f3831f2c17e946a\",\"name\":\"Marketing Team\",\"image\":{\"@type\":\"ImageObject\",\"inLanguage\":\"sv-SE\",\"@id\":\"https:\\\/\\\/secure.gravatar.com\\\/avatar\\\/33dd4b194f6044b53d8410d1a677b226d86f23969442e70903a2b3bd700aac4d?s=96&d=mm&r=g\",\"url\":\"https:\\\/\\\/secure.gravatar.com\\\/avatar\\\/33dd4b194f6044b53d8410d1a677b226d86f23969442e70903a2b3bd700aac4d?s=96&d=mm&r=g\",\"contentUrl\":\"https:\\\/\\\/secure.gravatar.com\\\/avatar\\\/33dd4b194f6044b53d8410d1a677b226d86f23969442e70903a2b3bd700aac4d?s=96&d=mm&r=g\",\"caption\":\"Marketing Team\"},\"url\":\"https:\\\/\\\/spacewell.com\\\/sv\\\/author\\\/marketing-team\\\/\"}]}<\/script>\n<!-- \/ Yoast SEO Premium plugin. -->","yoast_head_json":{"title":"Vad \u00e4r en smart arbetsplats? | Spacewell","description":"Du har h\u00f6rt talas om den \"smarta arbetsplatsen\", men konceptet \u00e4r oklart f\u00f6r dig? Det h\u00e4r blogginl\u00e4gget kommer att hj\u00e4lpa dig att f\u00e5 en b\u00e4ttre f\u00f6rst\u00e5else.","robots":{"index":"index","follow":"follow","max-snippet":"max-snippet:-1","max-image-preview":"max-image-preview:large","max-video-preview":"max-video-preview:-1"},"canonical":"https:\/\/spacewell.com\/sv\/resurser\/blogg\/vad-ar-en-smart-arbetsplats\/","og_locale":"sv_SE","og_type":"article","og_title":"Vad \u00e4r en smart arbetsplats?","og_description":"Du har h\u00f6rt talas om den \"smarta arbetsplatsen\", men konceptet \u00e4r oklart f\u00f6r dig? Det h\u00e4r blogginl\u00e4gget kommer att hj\u00e4lpa dig att f\u00e5 en b\u00e4ttre f\u00f6rst\u00e5else.","og_url":"https:\/\/spacewell.com\/sv\/resurser\/blogg\/vad-ar-en-smart-arbetsplats\/","og_site_name":"Spacewell | A Nemetschek Company","article_publisher":"https:\/\/www.facebook.com\/SpacewellHQ","article_published_time":"2022-12-19T16:23:00+00:00","article_modified_time":"2023-07-26T13:23:29+00:00","og_image":[{"width":1200,"height":630,"url":"https:\/\/spacewell.com\/wp-content\/uploads\/2023\/06\/colleges-around-table-in-office-meeting-room-1200x630-1.png","type":"image\/png"}],"author":"Marketing Team","twitter_card":"summary_large_image","twitter_creator":"@Spacewell_HQ","twitter_site":"@Spacewell_HQ","twitter_misc":{"Skriven av":"Marketing Team","Ber\u00e4knad l\u00e4stid":"5 minuter"},"schema":{"@context":"https:\/\/schema.org","@graph":[{"@type":"Article","@id":"https:\/\/spacewell.com\/sv\/resurser\/blogg\/vad-ar-en-smart-arbetsplats\/#article","isPartOf":{"@id":"https:\/\/spacewell.com\/sv\/resurser\/blogg\/vad-ar-en-smart-arbetsplats\/"},"author":{"name":"Marketing Team","@id":"https:\/\/spacewell.com\/sv\/#\/schema\/person\/56fc87cc20a52c431f3831f2c17e946a"},"headline":"Vad \u00e4r en smart arbetsplats?","datePublished":"2022-12-19T16:23:00+00:00","dateModified":"2023-07-26T13:23:29+00:00","mainEntityOfPage":{"@id":"https:\/\/spacewell.com\/sv\/resurser\/blogg\/vad-ar-en-smart-arbetsplats\/"},"wordCount":1087,"publisher":{"@id":"https:\/\/spacewell.com\/sv\/#organization"},"image":{"@id":"https:\/\/spacewell.com\/sv\/resurser\/blogg\/vad-ar-en-smart-arbetsplats\/#primaryimage"},"thumbnailUrl":"https:\/\/spacewell.com\/wp-content\/uploads\/2023\/06\/colleges-around-table-in-office-meeting-room-1200x630-1.png","articleSection":["Blogg"],"inLanguage":"sv-SE"},{"@type":"WebPage","@id":"https:\/\/spacewell.com\/sv\/resurser\/blogg\/vad-ar-en-smart-arbetsplats\/","url":"https:\/\/spacewell.com\/sv\/resurser\/blogg\/vad-ar-en-smart-arbetsplats\/","name":"Vad \u00e4r en smart arbetsplats? | Spacewell","isPartOf":{"@id":"https:\/\/spacewell.com\/sv\/#website"},"primaryImageOfPage":{"@id":"https:\/\/spacewell.com\/sv\/resurser\/blogg\/vad-ar-en-smart-arbetsplats\/#primaryimage"},"image":{"@id":"https:\/\/spacewell.com\/sv\/resurser\/blogg\/vad-ar-en-smart-arbetsplats\/#primaryimage"},"thumbnailUrl":"https:\/\/spacewell.com\/wp-content\/uploads\/2023\/06\/colleges-around-table-in-office-meeting-room-1200x630-1.png","datePublished":"2022-12-19T16:23:00+00:00","dateModified":"2023-07-26T13:23:29+00:00","description":"Du har h\u00f6rt talas om den \"smarta arbetsplatsen\", men konceptet \u00e4r oklart f\u00f6r dig? Det h\u00e4r blogginl\u00e4gget kommer att hj\u00e4lpa dig att f\u00e5 en b\u00e4ttre f\u00f6rst\u00e5else.","breadcrumb":{"@id":"https:\/\/spacewell.com\/sv\/resurser\/blogg\/vad-ar-en-smart-arbetsplats\/#breadcrumb"},"inLanguage":"sv-SE","potentialAction":[{"@type":"ReadAction","target":["https:\/\/spacewell.com\/sv\/resurser\/blogg\/vad-ar-en-smart-arbetsplats\/"]}]},{"@type":"ImageObject","inLanguage":"sv-SE","@id":"https:\/\/spacewell.com\/sv\/resurser\/blogg\/vad-ar-en-smart-arbetsplats\/#primaryimage","url":"https:\/\/spacewell.com\/wp-content\/uploads\/2023\/06\/colleges-around-table-in-office-meeting-room-1200x630-1.png","contentUrl":"https:\/\/spacewell.com\/wp-content\/uploads\/2023\/06\/colleges-around-table-in-office-meeting-room-1200x630-1.png","width":1200,"height":630,"caption":"Kollegor runt ett bord i ett m\u00f6tesrum p\u00e5 ett kontor"},{"@type":"BreadcrumbList","@id":"https:\/\/spacewell.com\/sv\/resurser\/blogg\/vad-ar-en-smart-arbetsplats\/#breadcrumb","itemListElement":[{"@type":"ListItem","position":1,"name":"Home","item":"https:\/\/spacewell.com\/sv\/"},{"@type":"ListItem","position":2,"name":"Vad \u00e4r en smart arbetsplats?"}]},{"@type":"WebSite","@id":"https:\/\/spacewell.com\/sv\/#website","url":"https:\/\/spacewell.com\/sv\/","name":"Spacewell | A Nemetschek Company","description":"Make buildings work for people","publisher":{"@id":"https:\/\/spacewell.com\/sv\/#organization"},"potentialAction":[{"@type":"SearchAction","target":{"@type":"EntryPoint","urlTemplate":"https:\/\/spacewell.com\/sv\/?s={search_term_string}"},"query-input":{"@type":"PropertyValueSpecification","valueRequired":true,"valueName":"search_term_string"}}],"inLanguage":"sv-SE"},{"@type":"Organization","@id":"https:\/\/spacewell.com\/sv\/#organization","name":"Spacewell | A Nemetschek Company","url":"https:\/\/spacewell.com\/sv\/","logo":{"@type":"ImageObject","inLanguage":"sv-SE","@id":"https:\/\/spacewell.com\/sv\/#\/schema\/logo\/image\/","url":"https:\/\/spacewell.com\/wp-content\/uploads\/2023\/05\/spacewell-logo-500x88-1.webp","contentUrl":"https:\/\/spacewell.com\/wp-content\/uploads\/2023\/05\/spacewell-logo-500x88-1.webp","width":500,"height":88,"caption":"Spacewell | A Nemetschek Company"},"image":{"@id":"https:\/\/spacewell.com\/sv\/#\/schema\/logo\/image\/"},"sameAs":["https:\/\/www.facebook.com\/SpacewellHQ","https:\/\/x.com\/Spacewell_HQ"]},{"@type":"Person","@id":"https:\/\/spacewell.com\/sv\/#\/schema\/person\/56fc87cc20a52c431f3831f2c17e946a","name":"Marketing Team","image":{"@type":"ImageObject","inLanguage":"sv-SE","@id":"https:\/\/secure.gravatar.com\/avatar\/33dd4b194f6044b53d8410d1a677b226d86f23969442e70903a2b3bd700aac4d?s=96&d=mm&r=g","url":"https:\/\/secure.gravatar.com\/avatar\/33dd4b194f6044b53d8410d1a677b226d86f23969442e70903a2b3bd700aac4d?s=96&d=mm&r=g","contentUrl":"https:\/\/secure.gravatar.com\/avatar\/33dd4b194f6044b53d8410d1a677b226d86f23969442e70903a2b3bd700aac4d?s=96&d=mm&r=g","caption":"Marketing Team"},"url":"https:\/\/spacewell.com\/sv\/author\/marketing-team\/"}]}},"_links":{"self":[{"href":"https:\/\/spacewell.com\/sv\/wp-json\/wp\/v2\/posts\/8786","targetHints":{"allow":["GET"]}}],"collection":[{"href":"https:\/\/spacewell.com\/sv\/wp-json\/wp\/v2\/posts"}],"about":[{"href":"https:\/\/spacewell.com\/sv\/wp-json\/wp\/v2\/types\/post"}],"author":[{"embeddable":true,"href":"https:\/\/spacewell.com\/sv\/wp-json\/wp\/v2\/users\/29"}],"replies":[{"embeddable":true,"href":"https:\/\/spacewell.com\/sv\/wp-json\/wp\/v2\/comments?post=8786"}],"version-history":[{"count":11,"href":"https:\/\/spacewell.com\/sv\/wp-json\/wp\/v2\/posts\/8786\/revisions"}],"predecessor-version":[{"id":28605,"href":"https:\/\/spacewell.com\/sv\/wp-json\/wp\/v2\/posts\/8786\/revisions\/28605"}],"wp:featuredmedia":[{"embeddable":true,"href":"https:\/\/spacewell.com\/sv\/wp-json\/wp\/v2\/media\/2844"}],"wp:attachment":[{"href":"https:\/\/spacewell.com\/sv\/wp-json\/wp\/v2\/media?parent=8786"}],"wp:term":[{"taxonomy":"category","embeddable":true,"href":"https:\/\/spacewell.com\/sv\/wp-json\/wp\/v2\/categories?post=8786"},{"taxonomy":"post_tag","embeddable":true,"href":"https:\/\/spacewell.com\/sv\/wp-json\/wp\/v2\/tags?post=8786"}],"curies":[{"name":"wp","href":"https:\/\/api.w.org\/{rel}","templated":true}]}}