


{"id":8691,"date":"2021-04-27T14:07:00","date_gmt":"2021-04-27T12:07:00","guid":{"rendered":"https:\/\/spacewell.com\/okategoriserad\/analyser-av-hybridkontorets-dynamik-att-identifiera-nya-kontorsmonster-del-5-i-serien-om-hybridkontoret\/"},"modified":"2023-07-22T16:05:25","modified_gmt":"2023-07-22T14:05:25","slug":"analyser-av-hybridkontorets-dynamik-att-identifiera-nya-kontorsmonster-del-5-i-serien-om-hybridkontoret","status":"publish","type":"post","link":"https:\/\/spacewell.com\/sv\/resurser\/blogg\/analyser-av-hybridkontorets-dynamik-att-identifiera-nya-kontorsmonster-del-5-i-serien-om-hybridkontoret\/","title":{"rendered":"Analyser av hybridkontorets dynamik \u2013 att identifiera nya kontorsm\u00f6nster (del 5 i serien om hybridkontoret)"},"content":{"rendered":"<div class=\"gb-container gb-container-dc414689 gb-container-5731d80c\">\n\n<p>En av de st\u00f6rsta utmaningarna med att f\u00f6rbereda sig f\u00f6r hybridkontoret (och som \u00e4r relaterad till min <a href=\"https:\/\/spacewell.com\/sv\/resurser\/blogg\/optimering-av-kontorsutrymmets-konfiguration-hantering-av-tillgangen-i-forhallande-till-efterfragan-del-4-i-serien-om-hybridkontoret\/\">f\u00f6rra artikel<\/a>) \u00e4r den os\u00e4kerhet som finns om anv\u00e4ndningsm\u00f6nster, b\u00e5de \u00f6vergripande och vardagliga. \u00c4ven om det \u00e4r \u00f6nskv\u00e4rt med dynamik och valfrihet n\u00e4r det g\u00e4ller att beh\u00e5lla medarbetare kan alltf\u00f6r stor flexibilitet skapa problem om den leder till utrymmesbrist eller flaskhalsar. En l\u00f6sning \u00e4r att undvika problemet helt genom mycket strukturerade policyer f\u00f6r hybridarbete, men det kan vara effektivare att ange policyer eller f\u00f6r\u00e4ndra arbetsplatsen med h\u00e4nsyn till nya arbetsplatsbeteenden. <\/p>\n\n\n\n<h2 class=\"gb-headline gb-headline-0c427383 gb-headline-text\">P\u00e5 vilket s\u00e4tt utg\u00f6r hybridkontorets dynamik en utmaning p\u00e5 fastighetsomr\u00e5det?<\/h2>\n\n\n\n<p>Utmaningen med flexibelt arbete i stor skala \u00e4r helt enkelt denna: Om de anst\u00e4lldas oberoende val tenderar att inriktas p\u00e5 samma tidpunkter och dagar blir resultatet f\u00f6rmodligen mycket ineffektivt ur fastighetssynpunkt.<\/p>\n\n\n\n<p>Anta till exempel att de anst\u00e4llda ombeds att komma till kontoret minst tre dagar per vecka och sj\u00e4lva f\u00e5r v\u00e4lja vilka. Vad h\u00e4nder om de flesta anst\u00e4llda oberoende av varandra best\u00e4mmer sig f\u00f6r att arbeta hemma p\u00e5 m\u00e5ndagar och fredagar f\u00f6r att ta sovmorgon efter helgen eller undvika veckoslutstrafiken? <\/p>\n\n\n\n<p>Om de fastighetsansvariga omf\u00f6rhandlade sitt hyresavtal baserat p\u00e5 antagandet att arbetsstyrkan skulle vara f\u00f6rdelad \u00f6ver hela arbetsveckan blir resultatet sannolikt tr\u00e4ngsel p\u00e5 kontoret fr\u00e5n tisdag till torsdag, och att de anst\u00e4llda f\u00e5r l\u00e4gga mycket tid p\u00e5 att leta efter tillg\u00e4ngliga arbetsplatser och f\u00e5 n\u00f6ja sig med att arbeta i bullriga utrymmen som kafeterian eftersom det \u00e4r brist p\u00e5 plats. Om de fastighetsansvariga i st\u00e4llet f\u00f6ruts\u00e5g detta tr\u00e4ngselskapande beteende blir f\u00f6ljden en m\u00e4ngd \u00f6verfl\u00f6digt utrymme p\u00e5 m\u00e5ndagar och fredagar, och f\u00f6rmodligen ocks\u00e5 ett \u00f6verskott av tillg\u00e4nglig st\u00e4d- eller s\u00e4kerhetspersonal. <\/p>\n\n\n\n<p>En l\u00f6sning som har f\u00f6reslagits \u00e4r att schemal\u00e4gga arbetspass eller rotationer p\u00e5 kontoret. Specifika team eller avdelningar skulle tilldelas vissa dagar, och kontorstrafiken blir i h\u00f6g grad f\u00f6ruts\u00e4gbar (med viss felmarginal f\u00f6r att hantera bes\u00f6k). Denna l\u00f6sning skulle f\u00f6rmodligen bli effektiv f\u00f6r utrymmesplaneringen, med anv\u00e4ndning av mjukvaruverktyg f\u00f6r schemal\u00e4ggning och bokningar f\u00f6r enkel tilldelning eller omf\u00f6rdelning. Den skulle dock ocks\u00e5 minska de anst\u00e4lldas valfrihet och flexibilitet samt minska antalet slumpm\u00e4ssiga m\u00f6ten mellan anst\u00e4llda som tilldelats till olika rotationer. I organisationer med flexibla team skulle det ocks\u00e5 leda till of\u00f6ruts\u00e4gbara scheman, vilket skulle underminera vissa av de personliga f\u00f6rdelarna med flexibiliteten.    <\/p>\n\n\n\n<h2 class=\"gb-headline gb-headline-9f2ae154 gb-headline-text\">Hantering av utmaningen genom \u00f6vervakning<\/h2>\n\n\n\n<p>Det beh\u00f6ver dock inte bli n\u00f6dv\u00e4ndigt f\u00f6r alla organisationer att inf\u00f6ra s\u00e5 strikta policyer f\u00f6r att g\u00f6ra hybridarbetet effektivt. Det nyss beskrivna scenariot \u00e4r helt hypotetiskt, och anst\u00e4llda kan naturligt komma att f\u00f6lja olika m\u00f6nster. F\u00f6r\u00e4ldrar v\u00e4ljer kanske till exempel att inr\u00e4tta sina kontorsscheman efter h\u00e4mtning och l\u00e4mning av barn, och kommer till jobbet en del av dagen varje dag. Andra anst\u00e4llda kanske anpassar sitt kontorsschema efter teamets eller arbetsledarens val, eller f\u00f6ljer olika scheman beroende p\u00e5 vilken fas deras projekt \u00e4r i. Unga anst\u00e4llda eller nyanst\u00e4llda kanske v\u00e4ljer att komma till kontoret oftare f\u00f6r att f\u00e5 v\u00e4gledning och bygga n\u00e4tverk. F\u00f6r ett kontor som helhet kan toppar och dalar i anv\u00e4ndningen vara mycket mindre extrema \u00e4n i det f\u00f6reg\u00e5ende hypotetiska scenariot \u2013 eller variera stort mellan olika kontor.     <\/p>\n\n<\/div><div class=\"gb-container gb-container-d91eaa6d\">\n\n<figure class=\"gb-block-image gb-block-image-9997a40a\"><img loading=\"lazy\" decoding=\"async\" width=\"1080\" height=\"569\" class=\"gb-image gb-image-9997a40a gb-image-b19acb23\" src=\"\/wp-content\/uploads\/2023\/06\/Dashboards-e1586504582643.png\" alt=\"Space Montor (WW Phoenix pres.)\" srcset=\"https:\/\/spacewell.com\/wp-content\/uploads\/2023\/06\/Dashboards-e1586504582643.png 1080w, https:\/\/spacewell.com\/wp-content\/uploads\/2023\/06\/Dashboards-e1586504582643-500x263.png 500w, https:\/\/spacewell.com\/wp-content\/uploads\/2023\/06\/Dashboards-e1586504582643-1024x539.png 1024w, https:\/\/spacewell.com\/wp-content\/uploads\/2023\/06\/Dashboards-e1586504582643-768x405.png 768w\" sizes=\"auto, (max-width: 1080px) 100vw, 1080px\" \/><\/figure>\n\n<\/div><div class=\"gb-container gb-container-3e25d112 gb-container-5731d80c\">\n\n<p>Organisationer som inte beh\u00f6ver g\u00f6ra sina fastighetsval omedelbart (kanske f\u00f6r att flera \u00e5r \u00e5terst\u00e5r p\u00e5 deras hyresavtal) har f\u00f6rm\u00e5nen att kunna utv\u00e4rdera hur hybridarbetets dynamik faktiskt kommer att bli. Sensorer \u00e4r ett kraftfullt verktyg f\u00f6r att visa historiska trender n\u00e4r det g\u00e4ller toppar, dalar, genomsnitt och trafikfl\u00f6den genom olika platser och utrymmen. N\u00e4r deras data sammanst\u00e4lls och behandlas i analysprogram kan fastighetsansvariga anv\u00e4nda resultaten f\u00f6r att utv\u00e4rdera hybridarbetets m\u00f6nster och se om de \u00e4r stabila eller f\u00f6r\u00e4ndras n\u00e4r nyhetens behag med hybridarbetet avtar.  <\/p>\n\n\n\n<p>Dessa m\u00f6nster kan sedan anv\u00e4ndas f\u00f6r att fatta datadrivna fastighetsbeslut som s\u00e4kerst\u00e4ller att det finns tillr\u00e4ckligt utrymme f\u00f6r att hantera de st\u00f6rsta trafikvolymerna utan att sl\u00f6sa f\u00f6r mycket resurser och f\u00f6r att omplanera kontorens fysiska milj\u00f6er eller \u00e4ndra arbetsplatsplaceringar f\u00f6r att hantera flexibelt arbete. Andra team kan anv\u00e4nda s\u00e5dana data f\u00f6r att fatta b\u00e4ttre beslut f\u00f6r tillhandah\u00e5llandet av service och, om det beh\u00f6vs, ocks\u00e5 inf\u00f6ra eller g\u00f6ra om policyer f\u00f6r distansarbete baserat p\u00e5 tydlig information. <\/p>\n\n\n\n<p><em>Denna artikel ing\u00e5r i en serie om <a href=\"\/sv\/resurser\/blogg\/losningar-for-hybridarbetsplatsen-fran-storningar-till-stabilitet\/\">hur arbetsplatsteknik kan m\u00f6jligg\u00f6ra<\/a> ett hybridkontor och f\u00f6r\u00e4ndra s\u00e4ttet att arbeta.<\/em><\/p>\n\n<\/div>","protected":false},"excerpt":{"rendered":"<p>En av de st\u00f6rsta utmaningarna med att f\u00f6rbereda sig f\u00f6r hybridkontoret (och som \u00e4r relaterad till min f\u00f6rra artikel) \u00e4r den os\u00e4kerhet som finns om anv\u00e4ndningsm\u00f6nster, b\u00e5de \u00f6vergripande och vardagliga. \u00c4ven om det \u00e4r \u00f6nskv\u00e4rt med dynamik och valfrihet n\u00e4r det g\u00e4ller att beh\u00e5lla medarbetare kan alltf\u00f6r stor flexibilitet skapa problem om den leder till &#8230; <a title=\"Analyser av hybridkontorets dynamik \u2013 att identifiera nya kontorsm\u00f6nster (del 5 i serien om hybridkontoret)\" class=\"read-more\" href=\"https:\/\/spacewell.com\/sv\/resurser\/blogg\/analyser-av-hybridkontorets-dynamik-att-identifiera-nya-kontorsmonster-del-5-i-serien-om-hybridkontoret\/\" aria-label=\"L\u00e4s mer om Analyser av hybridkontorets dynamik \u2013 att identifiera nya kontorsm\u00f6nster (del 5 i serien om hybridkontoret)\">L\u00e4s mer<\/a><\/p>\n","protected":false},"author":29,"featured_media":1862,"comment_status":"closed","ping_status":"open","sticky":false,"template":"","format":"standard","meta":{"_acf_changed":false,"footnotes":""},"categories":[37],"tags":[53],"class_list":["post-8691","post","type-post","status-publish","format-standard","has-post-thumbnail","hentry","category-blogg","tag-hybridkontoret","generate-columns","tablet-grid-50","mobile-grid-100","grid-parent","grid-50","no-featured-image-padding"],"acf":[],"yoast_head":"<!-- This site is optimized with the Yoast SEO Premium plugin v26.0 (Yoast SEO v27.5) - https:\/\/yoast.com\/product\/yoast-seo-premium-wordpress\/ -->\n<title>Analyser av hybridkontorets dynamik \u2013 att identifiera nya kontorsm\u00f6nster<\/title>\n<meta name=\"description\" content=\"Nicole Weygandt, Ph.D., diskuterar hur man utnyttjar sensordata och analyser f\u00f6r att bed\u00f6ma hybridanv\u00e4ndningsm\u00f6nster p\u00e5 den postpandemiska arbetsplatsen.\" \/>\n<meta name=\"robots\" content=\"index, follow, max-snippet:-1, max-image-preview:large, max-video-preview:-1\" \/>\n<link rel=\"canonical\" href=\"https:\/\/spacewell.com\/sv\/resurser\/blogg\/analyser-av-hybridkontorets-dynamik-att-identifiera-nya-kontorsmonster-del-5-i-serien-om-hybridkontoret\/\" \/>\n<meta property=\"og:locale\" content=\"sv_SE\" \/>\n<meta property=\"og:type\" content=\"article\" \/>\n<meta property=\"og:title\" content=\"Analyser av hybridkontorets dynamik \u2013 att identifiera nya kontorsm\u00f6nster (del 5 i serien om hybridkontoret)\" \/>\n<meta property=\"og:description\" content=\"Nicole Weygandt, Ph.D., diskuterar hur man utnyttjar sensordata och analyser f\u00f6r att bed\u00f6ma hybridanv\u00e4ndningsm\u00f6nster p\u00e5 den postpandemiska arbetsplatsen.\" \/>\n<meta property=\"og:url\" content=\"https:\/\/spacewell.com\/sv\/resurser\/blogg\/analyser-av-hybridkontorets-dynamik-att-identifiera-nya-kontorsmonster-del-5-i-serien-om-hybridkontoret\/\" \/>\n<meta property=\"og:site_name\" content=\"Spacewell | A Nemetschek Company\" \/>\n<meta property=\"article:publisher\" content=\"https:\/\/www.facebook.com\/SpacewellHQ\" \/>\n<meta property=\"article:published_time\" content=\"2021-04-27T12:07:00+00:00\" \/>\n<meta property=\"article:modified_time\" content=\"2023-07-22T14:05:25+00:00\" \/>\n<meta property=\"og:image\" content=\"https:\/\/spacewell.com\/wp-content\/uploads\/2023\/06\/people-in-lobby-entering-and-leaving-building-1200x630-1.jpg\" \/>\n\t<meta property=\"og:image:width\" content=\"1200\" \/>\n\t<meta property=\"og:image:height\" content=\"630\" \/>\n\t<meta property=\"og:image:type\" content=\"image\/jpeg\" \/>\n<meta name=\"author\" content=\"Marketing Team\" \/>\n<meta name=\"twitter:card\" content=\"summary_large_image\" \/>\n<meta name=\"twitter:creator\" content=\"@Spacewell_HQ\" \/>\n<meta name=\"twitter:site\" content=\"@Spacewell_HQ\" \/>\n<meta name=\"twitter:label1\" content=\"Skriven av\" \/>\n\t<meta name=\"twitter:data1\" content=\"Marketing Team\" \/>\n\t<meta name=\"twitter:label2\" content=\"Ber\u00e4knad l\u00e4stid\" \/>\n\t<meta name=\"twitter:data2\" content=\"4 minuter\" \/>\n<script type=\"application\/ld+json\" class=\"yoast-schema-graph\">{\"@context\":\"https:\\\/\\\/schema.org\",\"@graph\":[{\"@type\":\"Article\",\"@id\":\"https:\\\/\\\/spacewell.com\\\/sv\\\/resurser\\\/blogg\\\/analyser-av-hybridkontorets-dynamik-att-identifiera-nya-kontorsmonster-del-5-i-serien-om-hybridkontoret\\\/#article\",\"isPartOf\":{\"@id\":\"https:\\\/\\\/spacewell.com\\\/sv\\\/resurser\\\/blogg\\\/analyser-av-hybridkontorets-dynamik-att-identifiera-nya-kontorsmonster-del-5-i-serien-om-hybridkontoret\\\/\"},\"author\":{\"name\":\"Marketing Team\",\"@id\":\"https:\\\/\\\/spacewell.com\\\/sv\\\/#\\\/schema\\\/person\\\/56fc87cc20a52c431f3831f2c17e946a\"},\"headline\":\"Analyser av hybridkontorets dynamik \u2013 att identifiera nya kontorsm\u00f6nster (del 5 i serien om hybridkontoret)\",\"datePublished\":\"2021-04-27T12:07:00+00:00\",\"dateModified\":\"2023-07-22T14:05:25+00:00\",\"mainEntityOfPage\":{\"@id\":\"https:\\\/\\\/spacewell.com\\\/sv\\\/resurser\\\/blogg\\\/analyser-av-hybridkontorets-dynamik-att-identifiera-nya-kontorsmonster-del-5-i-serien-om-hybridkontoret\\\/\"},\"wordCount\":842,\"publisher\":{\"@id\":\"https:\\\/\\\/spacewell.com\\\/sv\\\/#organization\"},\"image\":{\"@id\":\"https:\\\/\\\/spacewell.com\\\/sv\\\/resurser\\\/blogg\\\/analyser-av-hybridkontorets-dynamik-att-identifiera-nya-kontorsmonster-del-5-i-serien-om-hybridkontoret\\\/#primaryimage\"},\"thumbnailUrl\":\"https:\\\/\\\/spacewell.com\\\/wp-content\\\/uploads\\\/2023\\\/06\\\/people-in-lobby-entering-and-leaving-building-1200x630-1.jpg\",\"keywords\":[\"Hybridkontoret\"],\"articleSection\":[\"Blogg\"],\"inLanguage\":\"sv-SE\"},{\"@type\":\"WebPage\",\"@id\":\"https:\\\/\\\/spacewell.com\\\/sv\\\/resurser\\\/blogg\\\/analyser-av-hybridkontorets-dynamik-att-identifiera-nya-kontorsmonster-del-5-i-serien-om-hybridkontoret\\\/\",\"url\":\"https:\\\/\\\/spacewell.com\\\/sv\\\/resurser\\\/blogg\\\/analyser-av-hybridkontorets-dynamik-att-identifiera-nya-kontorsmonster-del-5-i-serien-om-hybridkontoret\\\/\",\"name\":\"Analyser av hybridkontorets dynamik \u2013 att identifiera nya kontorsm\u00f6nster\",\"isPartOf\":{\"@id\":\"https:\\\/\\\/spacewell.com\\\/sv\\\/#website\"},\"primaryImageOfPage\":{\"@id\":\"https:\\\/\\\/spacewell.com\\\/sv\\\/resurser\\\/blogg\\\/analyser-av-hybridkontorets-dynamik-att-identifiera-nya-kontorsmonster-del-5-i-serien-om-hybridkontoret\\\/#primaryimage\"},\"image\":{\"@id\":\"https:\\\/\\\/spacewell.com\\\/sv\\\/resurser\\\/blogg\\\/analyser-av-hybridkontorets-dynamik-att-identifiera-nya-kontorsmonster-del-5-i-serien-om-hybridkontoret\\\/#primaryimage\"},\"thumbnailUrl\":\"https:\\\/\\\/spacewell.com\\\/wp-content\\\/uploads\\\/2023\\\/06\\\/people-in-lobby-entering-and-leaving-building-1200x630-1.jpg\",\"datePublished\":\"2021-04-27T12:07:00+00:00\",\"dateModified\":\"2023-07-22T14:05:25+00:00\",\"description\":\"Nicole Weygandt, Ph.D., diskuterar hur man utnyttjar sensordata och analyser f\u00f6r att bed\u00f6ma hybridanv\u00e4ndningsm\u00f6nster p\u00e5 den postpandemiska arbetsplatsen.\",\"breadcrumb\":{\"@id\":\"https:\\\/\\\/spacewell.com\\\/sv\\\/resurser\\\/blogg\\\/analyser-av-hybridkontorets-dynamik-att-identifiera-nya-kontorsmonster-del-5-i-serien-om-hybridkontoret\\\/#breadcrumb\"},\"inLanguage\":\"sv-SE\",\"potentialAction\":[{\"@type\":\"ReadAction\",\"target\":[\"https:\\\/\\\/spacewell.com\\\/sv\\\/resurser\\\/blogg\\\/analyser-av-hybridkontorets-dynamik-att-identifiera-nya-kontorsmonster-del-5-i-serien-om-hybridkontoret\\\/\"]}]},{\"@type\":\"ImageObject\",\"inLanguage\":\"sv-SE\",\"@id\":\"https:\\\/\\\/spacewell.com\\\/sv\\\/resurser\\\/blogg\\\/analyser-av-hybridkontorets-dynamik-att-identifiera-nya-kontorsmonster-del-5-i-serien-om-hybridkontoret\\\/#primaryimage\",\"url\":\"https:\\\/\\\/spacewell.com\\\/wp-content\\\/uploads\\\/2023\\\/06\\\/people-in-lobby-entering-and-leaving-building-1200x630-1.jpg\",\"contentUrl\":\"https:\\\/\\\/spacewell.com\\\/wp-content\\\/uploads\\\/2023\\\/06\\\/people-in-lobby-entering-and-leaving-building-1200x630-1.jpg\",\"width\":1200,\"height\":630,\"caption\":\"M\u00e4nniskor i lobbyn som g\u00e5r in och ut ur byggnaden\"},{\"@type\":\"BreadcrumbList\",\"@id\":\"https:\\\/\\\/spacewell.com\\\/sv\\\/resurser\\\/blogg\\\/analyser-av-hybridkontorets-dynamik-att-identifiera-nya-kontorsmonster-del-5-i-serien-om-hybridkontoret\\\/#breadcrumb\",\"itemListElement\":[{\"@type\":\"ListItem\",\"position\":1,\"name\":\"Home\",\"item\":\"https:\\\/\\\/spacewell.com\\\/sv\\\/\"},{\"@type\":\"ListItem\",\"position\":2,\"name\":\"Analyser av hybridkontorets dynamik \u2013 att identifiera nya kontorsm\u00f6nster (del 5 i serien om hybridkontoret)\"}]},{\"@type\":\"WebSite\",\"@id\":\"https:\\\/\\\/spacewell.com\\\/sv\\\/#website\",\"url\":\"https:\\\/\\\/spacewell.com\\\/sv\\\/\",\"name\":\"Spacewell | A Nemetschek Company\",\"description\":\"Make buildings work for people\",\"publisher\":{\"@id\":\"https:\\\/\\\/spacewell.com\\\/sv\\\/#organization\"},\"potentialAction\":[{\"@type\":\"SearchAction\",\"target\":{\"@type\":\"EntryPoint\",\"urlTemplate\":\"https:\\\/\\\/spacewell.com\\\/sv\\\/?s={search_term_string}\"},\"query-input\":{\"@type\":\"PropertyValueSpecification\",\"valueRequired\":true,\"valueName\":\"search_term_string\"}}],\"inLanguage\":\"sv-SE\"},{\"@type\":\"Organization\",\"@id\":\"https:\\\/\\\/spacewell.com\\\/sv\\\/#organization\",\"name\":\"Spacewell | A Nemetschek Company\",\"url\":\"https:\\\/\\\/spacewell.com\\\/sv\\\/\",\"logo\":{\"@type\":\"ImageObject\",\"inLanguage\":\"sv-SE\",\"@id\":\"https:\\\/\\\/spacewell.com\\\/sv\\\/#\\\/schema\\\/logo\\\/image\\\/\",\"url\":\"https:\\\/\\\/spacewell.com\\\/wp-content\\\/uploads\\\/2023\\\/05\\\/spacewell-logo-500x88-1.webp\",\"contentUrl\":\"https:\\\/\\\/spacewell.com\\\/wp-content\\\/uploads\\\/2023\\\/05\\\/spacewell-logo-500x88-1.webp\",\"width\":500,\"height\":88,\"caption\":\"Spacewell | A Nemetschek Company\"},\"image\":{\"@id\":\"https:\\\/\\\/spacewell.com\\\/sv\\\/#\\\/schema\\\/logo\\\/image\\\/\"},\"sameAs\":[\"https:\\\/\\\/www.facebook.com\\\/SpacewellHQ\",\"https:\\\/\\\/x.com\\\/Spacewell_HQ\"]},{\"@type\":\"Person\",\"@id\":\"https:\\\/\\\/spacewell.com\\\/sv\\\/#\\\/schema\\\/person\\\/56fc87cc20a52c431f3831f2c17e946a\",\"name\":\"Marketing Team\",\"image\":{\"@type\":\"ImageObject\",\"inLanguage\":\"sv-SE\",\"@id\":\"https:\\\/\\\/secure.gravatar.com\\\/avatar\\\/33dd4b194f6044b53d8410d1a677b226d86f23969442e70903a2b3bd700aac4d?s=96&d=mm&r=g\",\"url\":\"https:\\\/\\\/secure.gravatar.com\\\/avatar\\\/33dd4b194f6044b53d8410d1a677b226d86f23969442e70903a2b3bd700aac4d?s=96&d=mm&r=g\",\"contentUrl\":\"https:\\\/\\\/secure.gravatar.com\\\/avatar\\\/33dd4b194f6044b53d8410d1a677b226d86f23969442e70903a2b3bd700aac4d?s=96&d=mm&r=g\",\"caption\":\"Marketing Team\"},\"url\":\"https:\\\/\\\/spacewell.com\\\/sv\\\/author\\\/marketing-team\\\/\"}]}<\/script>\n<!-- \/ Yoast SEO Premium plugin. -->","yoast_head_json":{"title":"Analyser av hybridkontorets dynamik \u2013 att identifiera nya kontorsm\u00f6nster","description":"Nicole Weygandt, Ph.D., diskuterar hur man utnyttjar sensordata och analyser f\u00f6r att bed\u00f6ma hybridanv\u00e4ndningsm\u00f6nster p\u00e5 den postpandemiska arbetsplatsen.","robots":{"index":"index","follow":"follow","max-snippet":"max-snippet:-1","max-image-preview":"max-image-preview:large","max-video-preview":"max-video-preview:-1"},"canonical":"https:\/\/spacewell.com\/sv\/resurser\/blogg\/analyser-av-hybridkontorets-dynamik-att-identifiera-nya-kontorsmonster-del-5-i-serien-om-hybridkontoret\/","og_locale":"sv_SE","og_type":"article","og_title":"Analyser av hybridkontorets dynamik \u2013 att identifiera nya kontorsm\u00f6nster (del 5 i serien om hybridkontoret)","og_description":"Nicole Weygandt, Ph.D., diskuterar hur man utnyttjar sensordata och analyser f\u00f6r att bed\u00f6ma hybridanv\u00e4ndningsm\u00f6nster p\u00e5 den postpandemiska arbetsplatsen.","og_url":"https:\/\/spacewell.com\/sv\/resurser\/blogg\/analyser-av-hybridkontorets-dynamik-att-identifiera-nya-kontorsmonster-del-5-i-serien-om-hybridkontoret\/","og_site_name":"Spacewell | A Nemetschek Company","article_publisher":"https:\/\/www.facebook.com\/SpacewellHQ","article_published_time":"2021-04-27T12:07:00+00:00","article_modified_time":"2023-07-22T14:05:25+00:00","og_image":[{"width":1200,"height":630,"url":"https:\/\/spacewell.com\/wp-content\/uploads\/2023\/06\/people-in-lobby-entering-and-leaving-building-1200x630-1.jpg","type":"image\/jpeg"}],"author":"Marketing Team","twitter_card":"summary_large_image","twitter_creator":"@Spacewell_HQ","twitter_site":"@Spacewell_HQ","twitter_misc":{"Skriven av":"Marketing Team","Ber\u00e4knad l\u00e4stid":"4 minuter"},"schema":{"@context":"https:\/\/schema.org","@graph":[{"@type":"Article","@id":"https:\/\/spacewell.com\/sv\/resurser\/blogg\/analyser-av-hybridkontorets-dynamik-att-identifiera-nya-kontorsmonster-del-5-i-serien-om-hybridkontoret\/#article","isPartOf":{"@id":"https:\/\/spacewell.com\/sv\/resurser\/blogg\/analyser-av-hybridkontorets-dynamik-att-identifiera-nya-kontorsmonster-del-5-i-serien-om-hybridkontoret\/"},"author":{"name":"Marketing Team","@id":"https:\/\/spacewell.com\/sv\/#\/schema\/person\/56fc87cc20a52c431f3831f2c17e946a"},"headline":"Analyser av hybridkontorets dynamik \u2013 att identifiera nya kontorsm\u00f6nster (del 5 i serien om hybridkontoret)","datePublished":"2021-04-27T12:07:00+00:00","dateModified":"2023-07-22T14:05:25+00:00","mainEntityOfPage":{"@id":"https:\/\/spacewell.com\/sv\/resurser\/blogg\/analyser-av-hybridkontorets-dynamik-att-identifiera-nya-kontorsmonster-del-5-i-serien-om-hybridkontoret\/"},"wordCount":842,"publisher":{"@id":"https:\/\/spacewell.com\/sv\/#organization"},"image":{"@id":"https:\/\/spacewell.com\/sv\/resurser\/blogg\/analyser-av-hybridkontorets-dynamik-att-identifiera-nya-kontorsmonster-del-5-i-serien-om-hybridkontoret\/#primaryimage"},"thumbnailUrl":"https:\/\/spacewell.com\/wp-content\/uploads\/2023\/06\/people-in-lobby-entering-and-leaving-building-1200x630-1.jpg","keywords":["Hybridkontoret"],"articleSection":["Blogg"],"inLanguage":"sv-SE"},{"@type":"WebPage","@id":"https:\/\/spacewell.com\/sv\/resurser\/blogg\/analyser-av-hybridkontorets-dynamik-att-identifiera-nya-kontorsmonster-del-5-i-serien-om-hybridkontoret\/","url":"https:\/\/spacewell.com\/sv\/resurser\/blogg\/analyser-av-hybridkontorets-dynamik-att-identifiera-nya-kontorsmonster-del-5-i-serien-om-hybridkontoret\/","name":"Analyser av hybridkontorets dynamik \u2013 att identifiera nya kontorsm\u00f6nster","isPartOf":{"@id":"https:\/\/spacewell.com\/sv\/#website"},"primaryImageOfPage":{"@id":"https:\/\/spacewell.com\/sv\/resurser\/blogg\/analyser-av-hybridkontorets-dynamik-att-identifiera-nya-kontorsmonster-del-5-i-serien-om-hybridkontoret\/#primaryimage"},"image":{"@id":"https:\/\/spacewell.com\/sv\/resurser\/blogg\/analyser-av-hybridkontorets-dynamik-att-identifiera-nya-kontorsmonster-del-5-i-serien-om-hybridkontoret\/#primaryimage"},"thumbnailUrl":"https:\/\/spacewell.com\/wp-content\/uploads\/2023\/06\/people-in-lobby-entering-and-leaving-building-1200x630-1.jpg","datePublished":"2021-04-27T12:07:00+00:00","dateModified":"2023-07-22T14:05:25+00:00","description":"Nicole Weygandt, Ph.D., diskuterar hur man utnyttjar sensordata och analyser f\u00f6r att bed\u00f6ma hybridanv\u00e4ndningsm\u00f6nster p\u00e5 den postpandemiska arbetsplatsen.","breadcrumb":{"@id":"https:\/\/spacewell.com\/sv\/resurser\/blogg\/analyser-av-hybridkontorets-dynamik-att-identifiera-nya-kontorsmonster-del-5-i-serien-om-hybridkontoret\/#breadcrumb"},"inLanguage":"sv-SE","potentialAction":[{"@type":"ReadAction","target":["https:\/\/spacewell.com\/sv\/resurser\/blogg\/analyser-av-hybridkontorets-dynamik-att-identifiera-nya-kontorsmonster-del-5-i-serien-om-hybridkontoret\/"]}]},{"@type":"ImageObject","inLanguage":"sv-SE","@id":"https:\/\/spacewell.com\/sv\/resurser\/blogg\/analyser-av-hybridkontorets-dynamik-att-identifiera-nya-kontorsmonster-del-5-i-serien-om-hybridkontoret\/#primaryimage","url":"https:\/\/spacewell.com\/wp-content\/uploads\/2023\/06\/people-in-lobby-entering-and-leaving-building-1200x630-1.jpg","contentUrl":"https:\/\/spacewell.com\/wp-content\/uploads\/2023\/06\/people-in-lobby-entering-and-leaving-building-1200x630-1.jpg","width":1200,"height":630,"caption":"M\u00e4nniskor i lobbyn som g\u00e5r in och ut ur byggnaden"},{"@type":"BreadcrumbList","@id":"https:\/\/spacewell.com\/sv\/resurser\/blogg\/analyser-av-hybridkontorets-dynamik-att-identifiera-nya-kontorsmonster-del-5-i-serien-om-hybridkontoret\/#breadcrumb","itemListElement":[{"@type":"ListItem","position":1,"name":"Home","item":"https:\/\/spacewell.com\/sv\/"},{"@type":"ListItem","position":2,"name":"Analyser av hybridkontorets dynamik \u2013 att identifiera nya kontorsm\u00f6nster (del 5 i serien om hybridkontoret)"}]},{"@type":"WebSite","@id":"https:\/\/spacewell.com\/sv\/#website","url":"https:\/\/spacewell.com\/sv\/","name":"Spacewell | A Nemetschek Company","description":"Make buildings work for people","publisher":{"@id":"https:\/\/spacewell.com\/sv\/#organization"},"potentialAction":[{"@type":"SearchAction","target":{"@type":"EntryPoint","urlTemplate":"https:\/\/spacewell.com\/sv\/?s={search_term_string}"},"query-input":{"@type":"PropertyValueSpecification","valueRequired":true,"valueName":"search_term_string"}}],"inLanguage":"sv-SE"},{"@type":"Organization","@id":"https:\/\/spacewell.com\/sv\/#organization","name":"Spacewell | A Nemetschek Company","url":"https:\/\/spacewell.com\/sv\/","logo":{"@type":"ImageObject","inLanguage":"sv-SE","@id":"https:\/\/spacewell.com\/sv\/#\/schema\/logo\/image\/","url":"https:\/\/spacewell.com\/wp-content\/uploads\/2023\/05\/spacewell-logo-500x88-1.webp","contentUrl":"https:\/\/spacewell.com\/wp-content\/uploads\/2023\/05\/spacewell-logo-500x88-1.webp","width":500,"height":88,"caption":"Spacewell | A Nemetschek Company"},"image":{"@id":"https:\/\/spacewell.com\/sv\/#\/schema\/logo\/image\/"},"sameAs":["https:\/\/www.facebook.com\/SpacewellHQ","https:\/\/x.com\/Spacewell_HQ"]},{"@type":"Person","@id":"https:\/\/spacewell.com\/sv\/#\/schema\/person\/56fc87cc20a52c431f3831f2c17e946a","name":"Marketing Team","image":{"@type":"ImageObject","inLanguage":"sv-SE","@id":"https:\/\/secure.gravatar.com\/avatar\/33dd4b194f6044b53d8410d1a677b226d86f23969442e70903a2b3bd700aac4d?s=96&d=mm&r=g","url":"https:\/\/secure.gravatar.com\/avatar\/33dd4b194f6044b53d8410d1a677b226d86f23969442e70903a2b3bd700aac4d?s=96&d=mm&r=g","contentUrl":"https:\/\/secure.gravatar.com\/avatar\/33dd4b194f6044b53d8410d1a677b226d86f23969442e70903a2b3bd700aac4d?s=96&d=mm&r=g","caption":"Marketing Team"},"url":"https:\/\/spacewell.com\/sv\/author\/marketing-team\/"}]}},"_links":{"self":[{"href":"https:\/\/spacewell.com\/sv\/wp-json\/wp\/v2\/posts\/8691","targetHints":{"allow":["GET"]}}],"collection":[{"href":"https:\/\/spacewell.com\/sv\/wp-json\/wp\/v2\/posts"}],"about":[{"href":"https:\/\/spacewell.com\/sv\/wp-json\/wp\/v2\/types\/post"}],"author":[{"embeddable":true,"href":"https:\/\/spacewell.com\/sv\/wp-json\/wp\/v2\/users\/29"}],"replies":[{"embeddable":true,"href":"https:\/\/spacewell.com\/sv\/wp-json\/wp\/v2\/comments?post=8691"}],"version-history":[{"count":0,"href":"https:\/\/spacewell.com\/sv\/wp-json\/wp\/v2\/posts\/8691\/revisions"}],"wp:featuredmedia":[{"embeddable":true,"href":"https:\/\/spacewell.com\/sv\/wp-json\/wp\/v2\/media\/1862"}],"wp:attachment":[{"href":"https:\/\/spacewell.com\/sv\/wp-json\/wp\/v2\/media?parent=8691"}],"wp:term":[{"taxonomy":"category","embeddable":true,"href":"https:\/\/spacewell.com\/sv\/wp-json\/wp\/v2\/categories?post=8691"},{"taxonomy":"post_tag","embeddable":true,"href":"https:\/\/spacewell.com\/sv\/wp-json\/wp\/v2\/tags?post=8691"}],"curies":[{"name":"wp","href":"https:\/\/api.w.org\/{rel}","templated":true}]}}