


{"id":8651,"date":"2021-03-16T10:26:00","date_gmt":"2021-03-16T09:26:00","guid":{"rendered":"https:\/\/spacewell.com\/okategoriserad\/dynamiska-reservationer-icke-fasta-arbetsplatser-flexibel-platsanvandning-och-hybridkontoret\/"},"modified":"2023-07-21T15:13:00","modified_gmt":"2023-07-21T13:13:00","slug":"dynamiska-reservationer-icke-fasta-arbetsplatser-flexibel-platsanvandning-och-hybridkontoret","status":"publish","type":"post","link":"https:\/\/spacewell.com\/sv\/resurser\/blogg\/dynamiska-reservationer-icke-fasta-arbetsplatser-flexibel-platsanvandning-och-hybridkontoret\/","title":{"rendered":"Dynamiska reservationer, icke-fasta arbetsplatser, flexibel platsanv\u00e4ndning och hybridkontoret (del 2 i serien om hybridkontoret)"},"content":{"rendered":"<div class=\"gb-container gb-container-42a5657b gb-container-5731d80c\">\n\n<p>En av de fr\u00e4msta f\u00f6ruts\u00e4gelserna n\u00e4r det g\u00e4ller hybridarbetsplatsen \u00e4r att denna nya modell kommer att vara inriktad p\u00e5 flexibilitet i alla dess former \u2013 vilket inkluderar hanteringen av enskilda arbetsplatser. N\u00e4r bara vissa av dina anst\u00e4llda kommer till kontoret om dagarna visar sig fasta arbetsplatser snabbt vara en mycket ineffektiv l\u00f6sning. f\u00f6rv\u00e4ntade \u00f6kningen av ej tilldelad eller flexibel platsanv\u00e4ndning beroende p\u00e5 nya s\u00e4tt att arbeta kommer att inneb\u00e4ra en stor f\u00f6r\u00e4ndring: fasta arbetsplatser anv\u00e4ndes p\u00e5 de flesta amerikanska arbetsplatser f\u00f6re pandemin<sup><a href=\"#ref-1\" class=\"smooth-scroll\">1<\/a><\/sup>, men unders\u00f6kningar pekar p\u00e5 att flexibel platsanv\u00e4ndning f\u00f6rmodligen kommer att bli den nya normen<sup><a href=\"#ref-2\" class=\"smooth-scroll\">2<\/a><\/sup>.<\/p>\n\n\n\n<h2 class=\"gb-headline gb-headline-150b90b5 gb-headline-text\">Utmaningen med flexibilitet<\/h2>\n\n\n\n<p>Flexibel platsanv\u00e4ndning kan f\u00f6rst\u00e5s betyda m\u00e5nga olika saker. I vissa fall kan det handla om att boka en plats under en l\u00e4ngre period (till exempel hela dagen) en eller flera dagar i f\u00f6rv\u00e4g, medan anst\u00e4llda i andra fall kan byta plats flera g\u00e5nger under en dag med hj\u00e4lp av ett system f\u00f6r l\u00f6pande incheckning\/utcheckning. Oavsett om flexibilitet handlar om dynamiska reservationer, icke-fasta arbetsplatser eller n\u00e5got d\u00e4remellan beh\u00f6vs ett stabilt bokningssystem f\u00f6r att det ska fungera smidigt.<\/p>\n\n\n\n<p>Varf\u00f6r \u00e4r det s\u00e5 viktigt med ett bokningssystem? F\u00f6rest\u00e4ll dig ett scenario d\u00e4r en anst\u00e4lld kommer till kontoret efter en aff\u00e4rsresa. Den anst\u00e4llde kommer dit en bit in p\u00e5 dagen n\u00e4r m\u00e5nga platser redan \u00e4r upptagna. Den anst\u00e4llde kan ha viss k\u00e4nnedom om vilka andra som \u00e4r p\u00e5 kontoret baserat p\u00e5 inbokade m\u00f6ten, men vet inte riktigt var de sitter eller ens om de bara deltar virtuellt. Om den anst\u00e4llde vill f\u00e5 kontakt med sina kollegor utanf\u00f6r m\u00f6tet m\u00e5ste han eller hon leta en hel del. Dessutom vet den anst\u00e4llde \u00e4nnu inte var de sitter eller vilken utrustning som finns tillg\u00e4nglig p\u00e5 en viss arbetsplats. Han eller hon \u00e4gnar d\u00e4rf\u00f6r de f\u00f6rsta 20 minuterna p\u00e5 kontoret \u00e5t att leta efter en plats att sitta p\u00e5, och har kanske inte ens allt som beh\u00f6vs f\u00f6r att vara fullt produktiv p\u00e5 kontoret. Den anst\u00e4llde saknar inte bara m\u00f6jligheter att g\u00f6ra sitt b\u00e4sta, utan f\u00e5r en negativ uppfattning om flexibel platsanv\u00e4ndning som s\u00e5dan, som inget annat \u00e4n en kostnadsbesparande \u00e5tg\u00e4rd.       <\/p>\n\n\n\n<p>F\u00f6rest\u00e4ll dig nu i st\u00e4llet ett scenario d\u00e4r den anst\u00e4llde har tillg\u00e5ng till en enkel arbetsplats-app som ger m\u00f6jlighet att v\u00e4lja arbetsplats baserat p\u00e5 resurser, till exempel en dockningsstation f\u00f6r laptop och dubbla sk\u00e4rmar, och att s\u00f6ka upp kollegor p\u00e5 v\u00e5ningsplanet. Den anst\u00e4llde kan till exempel anv\u00e4nda appen f\u00f6r att enkelt planera i f\u00f6rv\u00e4g och boka ett utrymme redan f\u00f6re ankomsten till kontoret, f\u00f6r att spara tid och slippa problem, eller enkelt skanna sin telefon vid \u00f6nskad arbetsplats f\u00f6r att boka den. Flexibiliteten ger med ens de anst\u00e4llda m\u00f6jlighet att hitta de platser de beh\u00f6ver f\u00f6r dagen, och enkelt v\u00e4xla mellan arbetsuppgifter eller arbetsgrupper.  <\/p>\n\n\n\n<h2 class=\"gb-headline gb-headline-9dda7258 gb-headline-text\">Vad \u00e4r unikt med hybridflexibilitet?<\/h2>\n\n\n\n<p>M\u00e5nga aspekter av detta scenario \u00e4r inte nya: vardagliga sv\u00e5righeter med flexibel platsanv\u00e4ndning fanns redan l\u00e5ngt f\u00f6re pandemin och m\u00e5nga av de utmaningar som beskrivits ovan var redan v\u00e4lk\u00e4nda. Hybridkontoret leder dock till ytterligare komplexitet p\u00e5 den flexibla arbetsplatsen. <\/p>\n\n\n\n<p>F\u00f6r det f\u00f6rsta \u00f6kar f\u00f6rdelarna med flexibel platsanv\u00e4ndning dramatiskt i en hybridarbetsmilj\u00f6. Varje dag (eller del av en dag) d\u00e5 en anst\u00e4lld arbetar hemma betyder att en arbetsplats st\u00e5r tom n\u00e4r fasta arbetsplatser anv\u00e4nds. I omr\u00e5den med h\u00f6ga hyror kan kostnaden f\u00f6r oanv\u00e4nda platser vara betydande, och utg\u00f6ra ett outnyttjat utrymme som skulle kunna vara tillg\u00e4ngligt f\u00f6r n\u00e5gon annan, som skulle kunna elimineras eller skulle kunna anv\u00e4ndas f\u00f6r samarbete i st\u00e4llet. Samtidigt som m\u00e4ngden outnyttjade resurser skulle kunna minskas genom att en och samma plats tilldelas till flera personer som turas om att anv\u00e4nda den s\u00e5 underminerar denna metod ett av de st\u00f6rsta sk\u00e4len till att anst\u00e4llda brukar gilla fasta arbetsplatser: personanpassning. Dessutom beaktas genom arbetspassbaserade tilldelningar inte det faktum att m\u00e5nga anst\u00e4llda v\u00e4xlar mellan olika typer av utrymmen och aktiviteter p\u00e5 jobbet och kanske inte har nytta av att vara knutna till en enskild arbetsplats. En metod f\u00f6r flexibel platsanv\u00e4ndning inneb\u00e4r d\u00e4rf\u00f6r f\u00f6rtj\u00e4nster n\u00e4r det g\u00e4ller <strong>fastighetskostnader<\/strong> och i form av <strong>produktivitetsf\u00f6rdelar<\/strong> f\u00f6r anst\u00e4llda som vill hitta platser som passar f\u00f6r deras f\u00f6r\u00e4nderliga behov.     <\/p>\n\n\n\n<p>F\u00f6r det andra inneb\u00e4r behovet av att ta h\u00e4nsyn till och engagera anst\u00e4llda som inte \u00e4r p\u00e5 kontoret att det blir allt viktigare med bokningar som ett verktyg f\u00f6r att knyta samman m\u00e4nniskor. Bokningsdata kan anv\u00e4ndas som grund f\u00f6r en funktion f\u00f6r <strong>persons\u00f6kning<\/strong> i arbetsplats-appar som g\u00f6r det enkelt att ta reda p\u00e5 vilka som \u00e4r p\u00e5 kontoret och var de sitter \u2013 allt utan att sp\u00e5ra de anst\u00e4lldas f\u00f6rflyttningar. Att g\u00f6ra det m\u00f6jligt f\u00f6r anst\u00e4llda att avst\u00e5 och att dela information p\u00e5 ett transparent s\u00e4tt kan hj\u00e4lpa anst\u00e4llda att f\u00e5 kontakt med varandra n\u00e4r de \u00e4r p\u00e5 kontoret utan att vara alltf\u00f6r p\u00e5tr\u00e4ngande.  <\/p>\n\n\n\n<p>Slutligen kommer det f\u00f6rmodligen att forts\u00e4tta att r\u00e5da en viss k\u00e4nslighet bland de anst\u00e4llda en tid fram\u00f6ver n\u00e4r det g\u00e4ller s\u00e4kerheten p\u00e5 kontoret. Flexibla kontorsl\u00f6sningar har tidigare inf\u00f6rts i syfte att \u00f6ka f\u00f6rt\u00e4tningen, ett m\u00e5l som kan st\u00e5 i konflikt med vissa anst\u00e4lldas oro f\u00f6r h\u00e4lsan. M\u00e4tning och delning av information om <strong>tr\u00e4ngseln<\/strong> p\u00e5 kontoret med hj\u00e4lp av realtidsdata fr\u00e5n sensorer kan vara ett v\u00e4rdefullt komplement till bokningssystem, f\u00f6r att hj\u00e4lpa anst\u00e4llda att v\u00e4lja utrymmen i omr\u00e5den d\u00e4r det \u00e4r olika grader av tr\u00e4ngsel beroende p\u00e5 deras komfortniv\u00e5. Om dessa system anv\u00e4nds tillsammans kan anst\u00e4llda k\u00e4nna sig s\u00e4kra samtidigt som utrymmet anv\u00e4nds effektivt.<\/p>\n\n\n<div class=\"gb-container gb-container-e52b122f cursor-pointer\" id=\"open-video-overlay\">\n\n<figure class=\"gb-block-image gb-block-image-ea28290e\"><img loading=\"lazy\" decoding=\"async\" width=\"1024\" height=\"593\" class=\"gb-image gb-image-ea28290e gb-image-b19acb23\" src=\"\/wp-content\/uploads\/2023\/07\/kiosk-social-distancing-video-preview-1200x695-1-1024x593.png\" alt=\"Kiosk social distancing video preview\" srcset=\"https:\/\/spacewell.com\/wp-content\/uploads\/2023\/07\/kiosk-social-distancing-video-preview-1200x695-1-1024x593.png 1024w, https:\/\/spacewell.com\/wp-content\/uploads\/2023\/07\/kiosk-social-distancing-video-preview-1200x695-1-500x290.png 500w, https:\/\/spacewell.com\/wp-content\/uploads\/2023\/07\/kiosk-social-distancing-video-preview-1200x695-1-768x445.png 768w, https:\/\/spacewell.com\/wp-content\/uploads\/2023\/07\/kiosk-social-distancing-video-preview-1200x695-1.png 1200w\" sizes=\"auto, (max-width: 1024px) 100vw, 1024px\" \/><\/figure>\n\n\n<div class=\"gb-container gb-container-681e5228 play-button\"><\/div>\n<\/div>\n\n<div id=\"video-overlay\" data-video-id=\"ew1eBHUz6Sc\" class=\"wp-block-sw-blocks-modal-video\">\n  \n\n<div class=\"modal-header\">\n      <div class=\"modal-header-left\">\n      <\/div> \n      <div class=\"modal-header-right\">\n        <button class=\"close-button video-close-button\">\n          <svg xmlns=\"http:\/\/www.w3.org\/2000\/svg\" viewBox=\"0 0 512 512\">\n            <path\n              d=\"M175 175C184.4 165.7 199.6 165.7 208.1 175L255.1 222.1L303 175C312.4 165.7 327.6 165.7 336.1 175C346.3 184.4 346.3 199.6 336.1 208.1L289.9 255.1L336.1 303C346.3 312.4 346.3 327.6 336.1 336.1C327.6 346.3 312.4 346.3 303 336.1L255.1 289.9L208.1 336.1C199.6 346.3 184.4 346.3 175 336.1C165.7 327.6 165.7 312.4 175 303L222.1 255.1L175 208.1C165.7 199.6 165.7 184.4 175 175V175zM512 256C512 397.4 397.4 512 256 512C114.6 512 0 397.4 0 256C0 114.6 114.6 0 256 0C397.4 0 512 114.6 512 256zM256 48C141.1 48 48 141.1 48 256C48 370.9 141.1 464 256 464C370.9 464 464 370.9 464 256C464 141.1 370.9 48 256 48z\"\n              fill=\"currentcolor\" \/>\n          <\/svg>\n        <\/button>\n      <\/div>\n    <\/div>\n    \n    <div class=\"modal video-modal\">\n\n    <div class=\"modal-content-box\">\n      <div class=\"video-content\">\n      <\/div>\n    <\/div>\n\n  <\/div>\n<\/div>\n\n\n<h2 class=\"gb-headline gb-headline-3ed150df gb-headline-text\">Planering i f\u00f6rv\u00e4g<\/h2>\n\n\n\n<p>Det pandemin i slut\u00e4ndan visade var hur viktigt det \u00e4r att arbetsplatser snabbt kan anpassas vid f\u00f6r\u00e4ndringar. Flexibla bokningssystem som kombineras med realtidsdata fr\u00e5n sensorer f\u00f6r att snabbt och noggrant \u00f6vervaka anv\u00e4ndningen kan hj\u00e4lpa chefer att fatta v\u00e4lgrundade beslut om hur de ska hantera nya risker p\u00e5 arbetsplatsen. Stabila bokningssystem som snabbt kan inf\u00f6ra anpassningar beroende p\u00e5 behovet av socialt avst\u00e5nd, problem med tr\u00e4ngsel och flexibelt arbete kan vara kraftfulla verktyg b\u00e5de f\u00f6r att skapa avkastning och f\u00f6r att hantera risker, vilket g\u00f6r dem till en viktig del av ett framtidss\u00e4kert kontor.  <\/p>\n\n\n\n<p><em>Denna artikel ing\u00e5r i en serie om <a href=\"\/sv\/resurser\/blogg\/losningar-for-hybridarbetsplatsen-fran-storningar-till-stabilitet\/\">hur arbetsplatsteknik kan m\u00f6jligg\u00f6ra ett hybridkontor<\/a> och f\u00f6r\u00e4ndra s\u00e4ttet att arbeta.<\/em><\/p>\n\n\n\n<ol class=\"wp-block-list\">\n<li class=\"has-small-font-size\"><span id=\"ref-1\">Se Gensler (2020). \u201cUS Workplace Survey 2020\u201d https:\/\/www.gensler.com\/workplace-surveys and CBRE (2020). \u201cThe Future of the Office Survey\u201d <a href=\"https:\/\/www.cbre.com\/-\/media\/files\/future%20of%20work\/future-of-the-office-v2.pdf\" target=\"_blank\" rel=\"noreferrer noopener\">https:\/\/www.cbre.com\/-\/media\/files\/future%20of%20work\/future-of-the-office-v2.pdf<\/a> f\u00f6r uppskattningar av anv\u00e4ndningen av fasta arbetsplatser.  <\/span><\/li>\n\n\n\n<li class=\"has-small-font-size\"><span id=\"ref-2\">Unders\u00f6kningsresultat fr\u00e5n CBRE pekar p\u00e5 att 70 procent av arbetsplatserna i betydande grad eller till st\u00f6rsta delen kommer att ha ej tilldelade platser i framtiden. <a href=\"https:\/\/www.gensler.com\/workplace-surveys\" target=\"_blank\" rel=\"noreferrer noopener\">https:\/\/www.gensler.com\/workplace-surveys<\/a><\/span><\/li>\n<\/ol>\n\n<\/div>","protected":false},"excerpt":{"rendered":"<p>En av de fr\u00e4msta f\u00f6ruts\u00e4gelserna n\u00e4r det g\u00e4ller hybridarbetsplatsen \u00e4r att denna nya modell kommer att vara inriktad p\u00e5 flexibilitet i alla dess former \u2013 vilket inkluderar hanteringen av enskilda arbetsplatser. N\u00e4r bara vissa av dina anst\u00e4llda kommer till kontoret om dagarna visar sig fasta arbetsplatser snabbt vara en mycket ineffektiv l\u00f6sning. f\u00f6rv\u00e4ntade \u00f6kningen av &#8230; <a title=\"Dynamiska reservationer, icke-fasta arbetsplatser, flexibel platsanv\u00e4ndning och hybridkontoret (del 2 i serien om hybridkontoret)\" class=\"read-more\" href=\"https:\/\/spacewell.com\/sv\/resurser\/blogg\/dynamiska-reservationer-icke-fasta-arbetsplatser-flexibel-platsanvandning-och-hybridkontoret\/\" aria-label=\"L\u00e4s mer om Dynamiska reservationer, icke-fasta arbetsplatser, flexibel platsanv\u00e4ndning och hybridkontoret (del 2 i serien om hybridkontoret)\">L\u00e4s mer<\/a><\/p>\n","protected":false},"author":29,"featured_media":1774,"comment_status":"closed","ping_status":"open","sticky":false,"template":"","format":"standard","meta":{"_acf_changed":false,"footnotes":""},"categories":[37],"tags":[53],"class_list":["post-8651","post","type-post","status-publish","format-standard","has-post-thumbnail","hentry","category-blogg","tag-hybridkontoret","generate-columns","tablet-grid-50","mobile-grid-100","grid-parent","grid-50","no-featured-image-padding"],"acf":[],"yoast_head":"<!-- This site is optimized with the Yoast SEO Premium plugin v26.0 (Yoast SEO v27.5) - https:\/\/yoast.com\/product\/yoast-seo-premium-wordpress\/ -->\n<title>Dynamiska reservationer, icke-fasta arbetsplatser, flexibel platsanv\u00e4ndning och hybridkontoret<\/title>\n<meta name=\"description\" content=\"L\u00f6sningar f\u00f6r flexibel platsanv\u00e4ndning fanns l\u00e5ngt f\u00f6re pandemin, men de blir l\u00e5ngt mycket viktigare p\u00e5 en hybridarbetsplats.\" \/>\n<meta name=\"robots\" content=\"index, follow, max-snippet:-1, max-image-preview:large, max-video-preview:-1\" \/>\n<link rel=\"canonical\" href=\"https:\/\/spacewell.com\/sv\/resurser\/blogg\/dynamiska-reservationer-icke-fasta-arbetsplatser-flexibel-platsanvandning-och-hybridkontoret\/\" \/>\n<meta property=\"og:locale\" content=\"sv_SE\" \/>\n<meta property=\"og:type\" content=\"article\" \/>\n<meta property=\"og:title\" content=\"Dynamiska reservationer, icke-fasta arbetsplatser, flexibel platsanv\u00e4ndning och hybridkontoret (del 2 i serien om hybridkontoret)\" \/>\n<meta property=\"og:description\" content=\"L\u00f6sningar f\u00f6r flexibel platsanv\u00e4ndning fanns l\u00e5ngt f\u00f6re pandemin, men de blir l\u00e5ngt mycket viktigare p\u00e5 en hybridarbetsplats.\" \/>\n<meta property=\"og:url\" content=\"https:\/\/spacewell.com\/sv\/resurser\/blogg\/dynamiska-reservationer-icke-fasta-arbetsplatser-flexibel-platsanvandning-och-hybridkontoret\/\" \/>\n<meta property=\"og:site_name\" content=\"Spacewell | A Nemetschek Company\" \/>\n<meta property=\"article:publisher\" content=\"https:\/\/www.facebook.com\/SpacewellHQ\" \/>\n<meta property=\"article:published_time\" content=\"2021-03-16T09:26:00+00:00\" \/>\n<meta property=\"article:modified_time\" content=\"2023-07-21T13:13:00+00:00\" \/>\n<meta property=\"og:image\" content=\"https:\/\/spacewell.com\/wp-content\/uploads\/2023\/06\/office-workers-flexible-seating-1200x630-1.jpg\" \/>\n\t<meta property=\"og:image:width\" content=\"1200\" \/>\n\t<meta property=\"og:image:height\" content=\"630\" \/>\n\t<meta property=\"og:image:type\" content=\"image\/jpeg\" \/>\n<meta name=\"author\" content=\"Marketing Team\" \/>\n<meta name=\"twitter:card\" content=\"summary_large_image\" \/>\n<meta name=\"twitter:creator\" content=\"@Spacewell_HQ\" \/>\n<meta name=\"twitter:site\" content=\"@Spacewell_HQ\" \/>\n<meta name=\"twitter:label1\" content=\"Skriven av\" \/>\n\t<meta name=\"twitter:data1\" content=\"Marketing Team\" \/>\n\t<meta name=\"twitter:label2\" content=\"Ber\u00e4knad l\u00e4stid\" \/>\n\t<meta name=\"twitter:data2\" content=\"6 minuter\" \/>\n<script type=\"application\/ld+json\" class=\"yoast-schema-graph\">{\"@context\":\"https:\\\/\\\/schema.org\",\"@graph\":[{\"@type\":\"Article\",\"@id\":\"https:\\\/\\\/spacewell.com\\\/sv\\\/resurser\\\/blogg\\\/dynamiska-reservationer-icke-fasta-arbetsplatser-flexibel-platsanvandning-och-hybridkontoret\\\/#article\",\"isPartOf\":{\"@id\":\"https:\\\/\\\/spacewell.com\\\/sv\\\/resurser\\\/blogg\\\/dynamiska-reservationer-icke-fasta-arbetsplatser-flexibel-platsanvandning-och-hybridkontoret\\\/\"},\"author\":{\"name\":\"Marketing Team\",\"@id\":\"https:\\\/\\\/spacewell.com\\\/sv\\\/#\\\/schema\\\/person\\\/56fc87cc20a52c431f3831f2c17e946a\"},\"headline\":\"Dynamiska reservationer, icke-fasta arbetsplatser, flexibel platsanv\u00e4ndning och hybridkontoret (del 2 i serien om hybridkontoret)\",\"datePublished\":\"2021-03-16T09:26:00+00:00\",\"dateModified\":\"2023-07-21T13:13:00+00:00\",\"mainEntityOfPage\":{\"@id\":\"https:\\\/\\\/spacewell.com\\\/sv\\\/resurser\\\/blogg\\\/dynamiska-reservationer-icke-fasta-arbetsplatser-flexibel-platsanvandning-och-hybridkontoret\\\/\"},\"wordCount\":1293,\"publisher\":{\"@id\":\"https:\\\/\\\/spacewell.com\\\/sv\\\/#organization\"},\"image\":{\"@id\":\"https:\\\/\\\/spacewell.com\\\/sv\\\/resurser\\\/blogg\\\/dynamiska-reservationer-icke-fasta-arbetsplatser-flexibel-platsanvandning-och-hybridkontoret\\\/#primaryimage\"},\"thumbnailUrl\":\"https:\\\/\\\/spacewell.com\\\/wp-content\\\/uploads\\\/2023\\\/06\\\/office-workers-flexible-seating-1200x630-1.jpg\",\"keywords\":[\"Hybridkontoret\"],\"articleSection\":[\"Blogg\"],\"inLanguage\":\"sv-SE\"},{\"@type\":\"WebPage\",\"@id\":\"https:\\\/\\\/spacewell.com\\\/sv\\\/resurser\\\/blogg\\\/dynamiska-reservationer-icke-fasta-arbetsplatser-flexibel-platsanvandning-och-hybridkontoret\\\/\",\"url\":\"https:\\\/\\\/spacewell.com\\\/sv\\\/resurser\\\/blogg\\\/dynamiska-reservationer-icke-fasta-arbetsplatser-flexibel-platsanvandning-och-hybridkontoret\\\/\",\"name\":\"Dynamiska reservationer, icke-fasta arbetsplatser, flexibel platsanv\u00e4ndning och hybridkontoret\",\"isPartOf\":{\"@id\":\"https:\\\/\\\/spacewell.com\\\/sv\\\/#website\"},\"primaryImageOfPage\":{\"@id\":\"https:\\\/\\\/spacewell.com\\\/sv\\\/resurser\\\/blogg\\\/dynamiska-reservationer-icke-fasta-arbetsplatser-flexibel-platsanvandning-och-hybridkontoret\\\/#primaryimage\"},\"image\":{\"@id\":\"https:\\\/\\\/spacewell.com\\\/sv\\\/resurser\\\/blogg\\\/dynamiska-reservationer-icke-fasta-arbetsplatser-flexibel-platsanvandning-och-hybridkontoret\\\/#primaryimage\"},\"thumbnailUrl\":\"https:\\\/\\\/spacewell.com\\\/wp-content\\\/uploads\\\/2023\\\/06\\\/office-workers-flexible-seating-1200x630-1.jpg\",\"datePublished\":\"2021-03-16T09:26:00+00:00\",\"dateModified\":\"2023-07-21T13:13:00+00:00\",\"description\":\"L\u00f6sningar f\u00f6r flexibel platsanv\u00e4ndning fanns l\u00e5ngt f\u00f6re pandemin, men de blir l\u00e5ngt mycket viktigare p\u00e5 en hybridarbetsplats.\",\"breadcrumb\":{\"@id\":\"https:\\\/\\\/spacewell.com\\\/sv\\\/resurser\\\/blogg\\\/dynamiska-reservationer-icke-fasta-arbetsplatser-flexibel-platsanvandning-och-hybridkontoret\\\/#breadcrumb\"},\"inLanguage\":\"sv-SE\",\"potentialAction\":[{\"@type\":\"ReadAction\",\"target\":[\"https:\\\/\\\/spacewell.com\\\/sv\\\/resurser\\\/blogg\\\/dynamiska-reservationer-icke-fasta-arbetsplatser-flexibel-platsanvandning-och-hybridkontoret\\\/\"]}]},{\"@type\":\"ImageObject\",\"inLanguage\":\"sv-SE\",\"@id\":\"https:\\\/\\\/spacewell.com\\\/sv\\\/resurser\\\/blogg\\\/dynamiska-reservationer-icke-fasta-arbetsplatser-flexibel-platsanvandning-och-hybridkontoret\\\/#primaryimage\",\"url\":\"https:\\\/\\\/spacewell.com\\\/wp-content\\\/uploads\\\/2023\\\/06\\\/office-workers-flexible-seating-1200x630-1.jpg\",\"contentUrl\":\"https:\\\/\\\/spacewell.com\\\/wp-content\\\/uploads\\\/2023\\\/06\\\/office-workers-flexible-seating-1200x630-1.jpg\",\"width\":1200,\"height\":630,\"caption\":\"Kontorsarbetare med flexibel platsanv\u00e4ndning\"},{\"@type\":\"BreadcrumbList\",\"@id\":\"https:\\\/\\\/spacewell.com\\\/sv\\\/resurser\\\/blogg\\\/dynamiska-reservationer-icke-fasta-arbetsplatser-flexibel-platsanvandning-och-hybridkontoret\\\/#breadcrumb\",\"itemListElement\":[{\"@type\":\"ListItem\",\"position\":1,\"name\":\"Home\",\"item\":\"https:\\\/\\\/spacewell.com\\\/sv\\\/\"},{\"@type\":\"ListItem\",\"position\":2,\"name\":\"Dynamiska reservationer, icke-fasta arbetsplatser, flexibel platsanv\u00e4ndning och hybridkontoret (del 2 i serien om hybridkontoret)\"}]},{\"@type\":\"WebSite\",\"@id\":\"https:\\\/\\\/spacewell.com\\\/sv\\\/#website\",\"url\":\"https:\\\/\\\/spacewell.com\\\/sv\\\/\",\"name\":\"Spacewell | A Nemetschek Company\",\"description\":\"Make buildings work for people\",\"publisher\":{\"@id\":\"https:\\\/\\\/spacewell.com\\\/sv\\\/#organization\"},\"potentialAction\":[{\"@type\":\"SearchAction\",\"target\":{\"@type\":\"EntryPoint\",\"urlTemplate\":\"https:\\\/\\\/spacewell.com\\\/sv\\\/?s={search_term_string}\"},\"query-input\":{\"@type\":\"PropertyValueSpecification\",\"valueRequired\":true,\"valueName\":\"search_term_string\"}}],\"inLanguage\":\"sv-SE\"},{\"@type\":\"Organization\",\"@id\":\"https:\\\/\\\/spacewell.com\\\/sv\\\/#organization\",\"name\":\"Spacewell | A Nemetschek Company\",\"url\":\"https:\\\/\\\/spacewell.com\\\/sv\\\/\",\"logo\":{\"@type\":\"ImageObject\",\"inLanguage\":\"sv-SE\",\"@id\":\"https:\\\/\\\/spacewell.com\\\/sv\\\/#\\\/schema\\\/logo\\\/image\\\/\",\"url\":\"https:\\\/\\\/spacewell.com\\\/wp-content\\\/uploads\\\/2023\\\/05\\\/spacewell-logo-500x88-1.webp\",\"contentUrl\":\"https:\\\/\\\/spacewell.com\\\/wp-content\\\/uploads\\\/2023\\\/05\\\/spacewell-logo-500x88-1.webp\",\"width\":500,\"height\":88,\"caption\":\"Spacewell | A Nemetschek Company\"},\"image\":{\"@id\":\"https:\\\/\\\/spacewell.com\\\/sv\\\/#\\\/schema\\\/logo\\\/image\\\/\"},\"sameAs\":[\"https:\\\/\\\/www.facebook.com\\\/SpacewellHQ\",\"https:\\\/\\\/x.com\\\/Spacewell_HQ\"]},{\"@type\":\"Person\",\"@id\":\"https:\\\/\\\/spacewell.com\\\/sv\\\/#\\\/schema\\\/person\\\/56fc87cc20a52c431f3831f2c17e946a\",\"name\":\"Marketing Team\",\"image\":{\"@type\":\"ImageObject\",\"inLanguage\":\"sv-SE\",\"@id\":\"https:\\\/\\\/secure.gravatar.com\\\/avatar\\\/33dd4b194f6044b53d8410d1a677b226d86f23969442e70903a2b3bd700aac4d?s=96&d=mm&r=g\",\"url\":\"https:\\\/\\\/secure.gravatar.com\\\/avatar\\\/33dd4b194f6044b53d8410d1a677b226d86f23969442e70903a2b3bd700aac4d?s=96&d=mm&r=g\",\"contentUrl\":\"https:\\\/\\\/secure.gravatar.com\\\/avatar\\\/33dd4b194f6044b53d8410d1a677b226d86f23969442e70903a2b3bd700aac4d?s=96&d=mm&r=g\",\"caption\":\"Marketing Team\"},\"url\":\"https:\\\/\\\/spacewell.com\\\/sv\\\/author\\\/marketing-team\\\/\"}]}<\/script>\n<!-- \/ Yoast SEO Premium plugin. -->","yoast_head_json":{"title":"Dynamiska reservationer, icke-fasta arbetsplatser, flexibel platsanv\u00e4ndning och hybridkontoret","description":"L\u00f6sningar f\u00f6r flexibel platsanv\u00e4ndning fanns l\u00e5ngt f\u00f6re pandemin, men de blir l\u00e5ngt mycket viktigare p\u00e5 en hybridarbetsplats.","robots":{"index":"index","follow":"follow","max-snippet":"max-snippet:-1","max-image-preview":"max-image-preview:large","max-video-preview":"max-video-preview:-1"},"canonical":"https:\/\/spacewell.com\/sv\/resurser\/blogg\/dynamiska-reservationer-icke-fasta-arbetsplatser-flexibel-platsanvandning-och-hybridkontoret\/","og_locale":"sv_SE","og_type":"article","og_title":"Dynamiska reservationer, icke-fasta arbetsplatser, flexibel platsanv\u00e4ndning och hybridkontoret (del 2 i serien om hybridkontoret)","og_description":"L\u00f6sningar f\u00f6r flexibel platsanv\u00e4ndning fanns l\u00e5ngt f\u00f6re pandemin, men de blir l\u00e5ngt mycket viktigare p\u00e5 en hybridarbetsplats.","og_url":"https:\/\/spacewell.com\/sv\/resurser\/blogg\/dynamiska-reservationer-icke-fasta-arbetsplatser-flexibel-platsanvandning-och-hybridkontoret\/","og_site_name":"Spacewell | A Nemetschek Company","article_publisher":"https:\/\/www.facebook.com\/SpacewellHQ","article_published_time":"2021-03-16T09:26:00+00:00","article_modified_time":"2023-07-21T13:13:00+00:00","og_image":[{"width":1200,"height":630,"url":"https:\/\/spacewell.com\/wp-content\/uploads\/2023\/06\/office-workers-flexible-seating-1200x630-1.jpg","type":"image\/jpeg"}],"author":"Marketing Team","twitter_card":"summary_large_image","twitter_creator":"@Spacewell_HQ","twitter_site":"@Spacewell_HQ","twitter_misc":{"Skriven av":"Marketing Team","Ber\u00e4knad l\u00e4stid":"6 minuter"},"schema":{"@context":"https:\/\/schema.org","@graph":[{"@type":"Article","@id":"https:\/\/spacewell.com\/sv\/resurser\/blogg\/dynamiska-reservationer-icke-fasta-arbetsplatser-flexibel-platsanvandning-och-hybridkontoret\/#article","isPartOf":{"@id":"https:\/\/spacewell.com\/sv\/resurser\/blogg\/dynamiska-reservationer-icke-fasta-arbetsplatser-flexibel-platsanvandning-och-hybridkontoret\/"},"author":{"name":"Marketing Team","@id":"https:\/\/spacewell.com\/sv\/#\/schema\/person\/56fc87cc20a52c431f3831f2c17e946a"},"headline":"Dynamiska reservationer, icke-fasta arbetsplatser, flexibel platsanv\u00e4ndning och hybridkontoret (del 2 i serien om hybridkontoret)","datePublished":"2021-03-16T09:26:00+00:00","dateModified":"2023-07-21T13:13:00+00:00","mainEntityOfPage":{"@id":"https:\/\/spacewell.com\/sv\/resurser\/blogg\/dynamiska-reservationer-icke-fasta-arbetsplatser-flexibel-platsanvandning-och-hybridkontoret\/"},"wordCount":1293,"publisher":{"@id":"https:\/\/spacewell.com\/sv\/#organization"},"image":{"@id":"https:\/\/spacewell.com\/sv\/resurser\/blogg\/dynamiska-reservationer-icke-fasta-arbetsplatser-flexibel-platsanvandning-och-hybridkontoret\/#primaryimage"},"thumbnailUrl":"https:\/\/spacewell.com\/wp-content\/uploads\/2023\/06\/office-workers-flexible-seating-1200x630-1.jpg","keywords":["Hybridkontoret"],"articleSection":["Blogg"],"inLanguage":"sv-SE"},{"@type":"WebPage","@id":"https:\/\/spacewell.com\/sv\/resurser\/blogg\/dynamiska-reservationer-icke-fasta-arbetsplatser-flexibel-platsanvandning-och-hybridkontoret\/","url":"https:\/\/spacewell.com\/sv\/resurser\/blogg\/dynamiska-reservationer-icke-fasta-arbetsplatser-flexibel-platsanvandning-och-hybridkontoret\/","name":"Dynamiska reservationer, icke-fasta arbetsplatser, flexibel platsanv\u00e4ndning och hybridkontoret","isPartOf":{"@id":"https:\/\/spacewell.com\/sv\/#website"},"primaryImageOfPage":{"@id":"https:\/\/spacewell.com\/sv\/resurser\/blogg\/dynamiska-reservationer-icke-fasta-arbetsplatser-flexibel-platsanvandning-och-hybridkontoret\/#primaryimage"},"image":{"@id":"https:\/\/spacewell.com\/sv\/resurser\/blogg\/dynamiska-reservationer-icke-fasta-arbetsplatser-flexibel-platsanvandning-och-hybridkontoret\/#primaryimage"},"thumbnailUrl":"https:\/\/spacewell.com\/wp-content\/uploads\/2023\/06\/office-workers-flexible-seating-1200x630-1.jpg","datePublished":"2021-03-16T09:26:00+00:00","dateModified":"2023-07-21T13:13:00+00:00","description":"L\u00f6sningar f\u00f6r flexibel platsanv\u00e4ndning fanns l\u00e5ngt f\u00f6re pandemin, men de blir l\u00e5ngt mycket viktigare p\u00e5 en hybridarbetsplats.","breadcrumb":{"@id":"https:\/\/spacewell.com\/sv\/resurser\/blogg\/dynamiska-reservationer-icke-fasta-arbetsplatser-flexibel-platsanvandning-och-hybridkontoret\/#breadcrumb"},"inLanguage":"sv-SE","potentialAction":[{"@type":"ReadAction","target":["https:\/\/spacewell.com\/sv\/resurser\/blogg\/dynamiska-reservationer-icke-fasta-arbetsplatser-flexibel-platsanvandning-och-hybridkontoret\/"]}]},{"@type":"ImageObject","inLanguage":"sv-SE","@id":"https:\/\/spacewell.com\/sv\/resurser\/blogg\/dynamiska-reservationer-icke-fasta-arbetsplatser-flexibel-platsanvandning-och-hybridkontoret\/#primaryimage","url":"https:\/\/spacewell.com\/wp-content\/uploads\/2023\/06\/office-workers-flexible-seating-1200x630-1.jpg","contentUrl":"https:\/\/spacewell.com\/wp-content\/uploads\/2023\/06\/office-workers-flexible-seating-1200x630-1.jpg","width":1200,"height":630,"caption":"Kontorsarbetare med flexibel platsanv\u00e4ndning"},{"@type":"BreadcrumbList","@id":"https:\/\/spacewell.com\/sv\/resurser\/blogg\/dynamiska-reservationer-icke-fasta-arbetsplatser-flexibel-platsanvandning-och-hybridkontoret\/#breadcrumb","itemListElement":[{"@type":"ListItem","position":1,"name":"Home","item":"https:\/\/spacewell.com\/sv\/"},{"@type":"ListItem","position":2,"name":"Dynamiska reservationer, icke-fasta arbetsplatser, flexibel platsanv\u00e4ndning och hybridkontoret (del 2 i serien om hybridkontoret)"}]},{"@type":"WebSite","@id":"https:\/\/spacewell.com\/sv\/#website","url":"https:\/\/spacewell.com\/sv\/","name":"Spacewell | A Nemetschek Company","description":"Make buildings work for people","publisher":{"@id":"https:\/\/spacewell.com\/sv\/#organization"},"potentialAction":[{"@type":"SearchAction","target":{"@type":"EntryPoint","urlTemplate":"https:\/\/spacewell.com\/sv\/?s={search_term_string}"},"query-input":{"@type":"PropertyValueSpecification","valueRequired":true,"valueName":"search_term_string"}}],"inLanguage":"sv-SE"},{"@type":"Organization","@id":"https:\/\/spacewell.com\/sv\/#organization","name":"Spacewell | A Nemetschek Company","url":"https:\/\/spacewell.com\/sv\/","logo":{"@type":"ImageObject","inLanguage":"sv-SE","@id":"https:\/\/spacewell.com\/sv\/#\/schema\/logo\/image\/","url":"https:\/\/spacewell.com\/wp-content\/uploads\/2023\/05\/spacewell-logo-500x88-1.webp","contentUrl":"https:\/\/spacewell.com\/wp-content\/uploads\/2023\/05\/spacewell-logo-500x88-1.webp","width":500,"height":88,"caption":"Spacewell | A Nemetschek Company"},"image":{"@id":"https:\/\/spacewell.com\/sv\/#\/schema\/logo\/image\/"},"sameAs":["https:\/\/www.facebook.com\/SpacewellHQ","https:\/\/x.com\/Spacewell_HQ"]},{"@type":"Person","@id":"https:\/\/spacewell.com\/sv\/#\/schema\/person\/56fc87cc20a52c431f3831f2c17e946a","name":"Marketing Team","image":{"@type":"ImageObject","inLanguage":"sv-SE","@id":"https:\/\/secure.gravatar.com\/avatar\/33dd4b194f6044b53d8410d1a677b226d86f23969442e70903a2b3bd700aac4d?s=96&d=mm&r=g","url":"https:\/\/secure.gravatar.com\/avatar\/33dd4b194f6044b53d8410d1a677b226d86f23969442e70903a2b3bd700aac4d?s=96&d=mm&r=g","contentUrl":"https:\/\/secure.gravatar.com\/avatar\/33dd4b194f6044b53d8410d1a677b226d86f23969442e70903a2b3bd700aac4d?s=96&d=mm&r=g","caption":"Marketing Team"},"url":"https:\/\/spacewell.com\/sv\/author\/marketing-team\/"}]}},"_links":{"self":[{"href":"https:\/\/spacewell.com\/sv\/wp-json\/wp\/v2\/posts\/8651","targetHints":{"allow":["GET"]}}],"collection":[{"href":"https:\/\/spacewell.com\/sv\/wp-json\/wp\/v2\/posts"}],"about":[{"href":"https:\/\/spacewell.com\/sv\/wp-json\/wp\/v2\/types\/post"}],"author":[{"embeddable":true,"href":"https:\/\/spacewell.com\/sv\/wp-json\/wp\/v2\/users\/29"}],"replies":[{"embeddable":true,"href":"https:\/\/spacewell.com\/sv\/wp-json\/wp\/v2\/comments?post=8651"}],"version-history":[{"count":0,"href":"https:\/\/spacewell.com\/sv\/wp-json\/wp\/v2\/posts\/8651\/revisions"}],"wp:featuredmedia":[{"embeddable":true,"href":"https:\/\/spacewell.com\/sv\/wp-json\/wp\/v2\/media\/1774"}],"wp:attachment":[{"href":"https:\/\/spacewell.com\/sv\/wp-json\/wp\/v2\/media?parent=8651"}],"wp:term":[{"taxonomy":"category","embeddable":true,"href":"https:\/\/spacewell.com\/sv\/wp-json\/wp\/v2\/categories?post=8651"},{"taxonomy":"post_tag","embeddable":true,"href":"https:\/\/spacewell.com\/sv\/wp-json\/wp\/v2\/tags?post=8651"}],"curies":[{"name":"wp","href":"https:\/\/api.w.org\/{rel}","templated":true}]}}