


{"id":58421,"date":"2026-08-28T13:41:49","date_gmt":"2026-08-28T11:41:49","guid":{"rendered":"https:\/\/spacewell.com\/?p=58421"},"modified":"2026-08-28T14:07:43","modified_gmt":"2026-08-28T12:07:43","slug":"mer-data-mindre-tydlighet-paradoxen-pa-den-moderna-arbetsplatsen","status":"publish","type":"post","link":"https:\/\/spacewell.com\/sv\/resurser\/webinarier\/mer-data-mindre-tydlighet-paradoxen-pa-den-moderna-arbetsplatsen\/","title":{"rendered":"Mer data, mindre tydlighet: paradoxen i den moderna arbetsplatsen"},"content":{"rendered":"<div class=\"gb-container gb-container-0bd2ebff gb-container-5731d80c\">\n\n<p class=\"wp-block-paragraph\">Hybridarbete har f\u00f6r\u00e4ndrat hur kontor anv\u00e4nds. Varje dag genererar bokningsverktyg, sensorer, passersystem och arbetsplatstj\u00e4nster v\u00e4rdefull information \u2013 men n\u00e4r dessa data lagras i separata system kan det leda till \u00f6kad komplexitet snarare \u00e4n \u00f6kad tydlighet. <\/p>\n\n\n\n<p class=\"wp-block-paragraph\">Under detta 30-minutersseminarium kommer vi att unders\u00f6ka hur chefer inom arbetsplats-, anl\u00e4ggnings- och fastighetssektorn kan g\u00e5 fr\u00e5n fragmenterade data och antaganden till en tydligare f\u00f6rst\u00e5else av den faktiska utrymmesanv\u00e4ndningen. Uppt\u00e4ck hur centraliserad arbetsplatsinformation st\u00f6djer v\u00e4lgrundade beslut om n\u00e4r man ska ut\u00f6ka, samordna, \u00e4ndra anv\u00e4ndningsomr\u00e5det f\u00f6r eller anpassa arbetsutrymmen utifr\u00e5n den faktiska efterfr\u00e5gan. <\/p>\n\n\n\n<p class=\"wp-block-paragraph\"><em><strong>Datum: 20 <\/strong>oktober 2026<br\/><strong>Tid: 10 <\/strong>:00\u201310:30 CEST<br\/><strong>Spr\u00e5k: spanska <\/strong><\/em><\/p>\n\n\n\n<div style=\"height:64px\" aria-hidden=\"true\" class=\"wp-block-spacer\"><\/div>\n\n\n\n<h2 id=\"h-what-you-ll-learn\" class=\"wp-block-heading\">Vad du kommer att l\u00e4ra dig<\/h2>\n\n\n\n<p class=\"wp-block-paragraph\">I det h\u00e4r webinaret kommer du att l\u00e4ra dig hur du:<\/p>\n\n\n\n<ul class=\"wp-block-list\">\n<li>Skapa en tydligare och mer tillf\u00f6rlitlig bild av hur arbetsplatsen anv\u00e4nds genom att sammanst\u00e4lla data fr\u00e5n bokningar, sensorer, passersystem och arbetsplatstj\u00e4nster.<\/li>\n\n\n\n<li>G\u00e5 bortom bokningar och kortavl\u00e4sningar f\u00f6r att f\u00e5 en f\u00f6rst\u00e5else f\u00f6r hur skrivbord, m\u00f6tesrum och gemensamma utrymmen faktiskt anv\u00e4nds.<\/li>\n\n\n\n<li>Kartl\u00e4gg anv\u00e4ndningsm\u00f6nster och underutnyttjade ytor i hela er fastighetsportf\u00f6lj.<\/li>\n\n\n\n<li>Anv\u00e4nd verkliga anv\u00e4ndningsdata som underlag f\u00f6r beslut om utrymmesoptimering, sammanslagning, utbyggnad och omgestaltning.<\/li>\n\n\n\n<li>Anpassa arbetsplatsplaneringen och fastighetsf\u00f6rvaltningen b\u00e4ttre till den faktiska efterfr\u00e5gan.<\/li>\n<\/ul>\n\n\n\n<div style=\"height:64px\" aria-hidden=\"true\" class=\"wp-block-spacer\"><\/div>\n\n\n\n<h2 id=\"h-our-speakers\" class=\"wp-block-heading\">V\u00e5ra talare<\/h2>\n\n\n\n<div class=\"wp-block-columns is-layout-flex wp-container-core-columns-is-layout-8f761849 wp-block-columns-is-layout-flex\">\n<div class=\"wp-block-column is-layout-flow wp-block-column-is-layout-flow\" style=\"flex-basis:33.33%\">\n<figure class=\"wp-block-image size-thumbnail\"><img loading=\"lazy\" decoding=\"async\" width=\"250\" height=\"250\" src=\"https:\/\/spacewell.com\/wp-content\/uploads\/2026\/02\/Iole-round-250x250.png\" alt=\"\" class=\"wp-image-47063\" srcset=\"https:\/\/spacewell.com\/wp-content\/uploads\/2026\/02\/Iole-round-250x250.png 250w, https:\/\/spacewell.com\/wp-content\/uploads\/2026\/02\/Iole-round-500x500.png 500w, https:\/\/spacewell.com\/wp-content\/uploads\/2026\/02\/Iole-round-1024x1024.png 1024w, https:\/\/spacewell.com\/wp-content\/uploads\/2026\/02\/Iole-round-768x768.png 768w, https:\/\/spacewell.com\/wp-content\/uploads\/2026\/02\/Iole-round.png 1080w\" sizes=\"auto, (max-width: 250px) 100vw, 250px\" \/><\/figure>\n<\/div>\n\n\n\n<div class=\"wp-block-column is-layout-flow wp-block-column-is-layout-flow\" style=\"flex-basis:100%\">\n<p class=\"wp-block-paragraph\"><\/p>\n\n\n\n<h3 id=\"h-iole-pannozzo\" class=\"wp-block-heading\">Iole Pannozzo<\/h3>\n\n\n\n<p class=\"wp-block-paragraph\"><strong>L\u00f6sningskonsult<\/strong><\/p>\n\n\n\n<p class=\"wp-block-paragraph\">Iole \u00e4r v\u00e5r specialist inom SaaS-sektorn som hj\u00e4lper organisationer att \u00f6ka effektiviteten med hj\u00e4lp av data, analysverktyg och smart building.<\/p>\n<\/div>\n<\/div>\n\n\n\n<p class=\"wp-block-paragraph\"><\/p>\n\n\n\n<p class=\"wp-block-paragraph\"><\/p>\n\n\n\n<div class=\"wp-block-columns is-layout-flex wp-container-core-columns-is-layout-8f761849 wp-block-columns-is-layout-flex\">\n<div class=\"wp-block-column is-layout-flow wp-block-column-is-layout-flow\" style=\"flex-basis:33.33%\">\n<figure class=\"wp-block-image size-thumbnail\"><img loading=\"lazy\" decoding=\"async\" width=\"250\" height=\"250\" src=\"https:\/\/spacewell.com\/wp-content\/uploads\/2026\/07\/Facundo-Alvarez-250x250.png\" alt=\"\" class=\"wp-image-55647\" srcset=\"https:\/\/spacewell.com\/wp-content\/uploads\/2026\/07\/Facundo-Alvarez-250x250.png 250w, https:\/\/spacewell.com\/wp-content\/uploads\/2026\/07\/Facundo-Alvarez-500x500.png 500w, https:\/\/spacewell.com\/wp-content\/uploads\/2026\/07\/Facundo-Alvarez-1024x1024.png 1024w, https:\/\/spacewell.com\/wp-content\/uploads\/2026\/07\/Facundo-Alvarez-768x768.png 768w, https:\/\/spacewell.com\/wp-content\/uploads\/2026\/07\/Facundo-Alvarez.png 1080w\" sizes=\"auto, (max-width: 250px) 100vw, 250px\" \/><\/figure>\n<\/div>\n\n\n\n<div class=\"wp-block-column is-layout-flow wp-block-column-is-layout-flow\" style=\"flex-basis:100%\">\n<p class=\"wp-block-paragraph\"><\/p>\n\n\n\n<h3 id=\"h-facundo-alvarez\" class=\"wp-block-heading\">Facundo Alvarez<\/h3>\n\n\n\n<p class=\"wp-block-paragraph\"><strong>Kundansvarig<\/strong><\/p>\n\n\n\n<p class=\"wp-block-paragraph\">Facundo ansvarar f\u00f6r marknadslanseringen hos Spacewell Spanien. Med sju \u00e5rs erfarenhet av effektivisering av datacenter fokuserar han nu p\u00e5 energieffektivitet i Spanien. <\/p>\n<\/div>\n<\/div>\n\n\n\n<div style=\"height:64px\" aria-hidden=\"true\" class=\"wp-block-spacer\"><\/div>\n\n\n\n<h2 id=\"h-secure-your-spot\" class=\"wp-block-heading\">S\u00e4kra din plats<\/h2>\n\n\n\n<p class=\"wp-block-paragraph\">Detta webinar anordnas av IFMA Spanien. F\u00f6r att anm\u00e4la dig, g\u00e5 till <strong>anm\u00e4lningssidan <a href=\"https:\/\/us02web.zoom.us\/webinar\/register\/WN_1jcJoyXQTNKquzc8m6w3Zg#\/registration\" target=\"_blank\" rel=\"noreferrer noopener\">h\u00e4r<\/a>.<\/strong> <\/p>\n\n\n\n<figure class=\"wp-block-image size-full\"><img loading=\"lazy\" decoding=\"async\" width=\"800\" height=\"183\" src=\"https:\/\/spacewell.com\/wp-content\/uploads\/2026\/08\/IFMA_Member.png\" alt=\"\" class=\"wp-image-58389\" srcset=\"https:\/\/spacewell.com\/wp-content\/uploads\/2026\/08\/IFMA_Member.png 800w, https:\/\/spacewell.com\/wp-content\/uploads\/2026\/08\/IFMA_Member-500x114.png 500w, https:\/\/spacewell.com\/wp-content\/uploads\/2026\/08\/IFMA_Member-768x176.png 768w\" sizes=\"auto, (max-width: 800px) 100vw, 800px\" \/><\/figure>\n\n\n\n<div style=\"height:64px\" aria-hidden=\"true\" class=\"wp-block-spacer\"><\/div>\n\n<\/div>\n<div style=\"height:100px\" aria-hidden=\"true\" class=\"wp-block-spacer\"><\/div>\n","protected":false},"excerpt":{"rendered":"<p>Hybridarbete har f\u00f6r\u00e4ndrat hur kontor anv\u00e4nds. Varje dag genererar bokningsverktyg, sensorer, passersystem och arbetsplatstj\u00e4nster v\u00e4rdefull information \u2013 men n\u00e4r dessa data lagras i separata system kan det leda till \u00f6kad komplexitet snarare \u00e4n \u00f6kad tydlighet. Under detta 30-minutersseminarium kommer vi att unders\u00f6ka hur chefer inom arbetsplats-, anl\u00e4ggnings- och fastighetssektorn kan g\u00e5 fr\u00e5n fragmenterade data och &#8230; <a title=\"Mer data, mindre tydlighet: paradoxen i den moderna arbetsplatsen\" class=\"read-more\" href=\"https:\/\/spacewell.com\/sv\/resurser\/webinarier\/mer-data-mindre-tydlighet-paradoxen-pa-den-moderna-arbetsplatsen\/\" aria-label=\"L\u00e4s mer om Mer data, mindre tydlighet: paradoxen i den moderna arbetsplatsen\">L\u00e4s mer<\/a><\/p>\n","protected":false},"author":47,"featured_media":58420,"comment_status":"closed","ping_status":"open","sticky":false,"template":"","format":"standard","meta":{"_acf_changed":false,"footnotes":""},"categories":[32,105],"tags":[],"class_list":["post-58421","post","type-post","status-publish","format-standard","has-post-thumbnail","hentry","category-resurser","category-webinarier","generate-columns","tablet-grid-50","mobile-grid-100","grid-parent","grid-50","no-featured-image-padding"],"acf":[],"yoast_head":"<!-- This site is optimized with the Yoast SEO Premium plugin v28.1 (Yoast SEO v28.1) - https:\/\/yoast.com\/product\/yoast-seo-premium-wordpress\/ -->\n<title>Mer data, mindre tydlighet: paradoxen i den moderna arbetsplatsen - Spacewell | A Nemetschek Company<\/title>\n<meta name=\"description\" content=\"Delta tillsammans med IFMA Spanien och Spacewell den 20 oktober i ett spanskt webinar om hur man kan anv\u00e4nda data om arbetsplatsanv\u00e4ndningen f\u00f6r att fatta smartare beslut om lokalplanering.\" \/>\n<meta name=\"robots\" content=\"index, follow, max-snippet:-1, max-image-preview:large, max-video-preview:-1\" \/>\n<link rel=\"canonical\" href=\"https:\/\/spacewell.com\/sv\/resurser\/webinarier\/mer-data-mindre-tydlighet-paradoxen-pa-den-moderna-arbetsplatsen\/\" \/>\n<meta property=\"og:locale\" content=\"sv_SE\" \/>\n<meta property=\"og:type\" content=\"article\" \/>\n<meta property=\"og:title\" content=\"Mer data, mindre tydlighet: paradoxen i den moderna arbetsplatsen\" \/>\n<meta property=\"og:description\" content=\"Delta tillsammans med IFMA Spanien och Spacewell den 20 oktober i ett spanskt webinar om hur man kan anv\u00e4nda data om arbetsplatsanv\u00e4ndningen f\u00f6r att fatta smartare beslut om lokalplanering.\" \/>\n<meta property=\"og:url\" content=\"https:\/\/spacewell.com\/sv\/resurser\/webinarier\/mer-data-mindre-tydlighet-paradoxen-pa-den-moderna-arbetsplatsen\/\" \/>\n<meta property=\"og:site_name\" content=\"Spacewell | A Nemetschek Company\" \/>\n<meta property=\"article:publisher\" content=\"https:\/\/www.facebook.com\/SpacewellHQ\" \/>\n<meta property=\"article:published_time\" content=\"2026-08-28T11:41:49+00:00\" \/>\n<meta property=\"article:modified_time\" content=\"2026-08-28T12:07:43+00:00\" \/>\n<meta property=\"og:image\" content=\"https:\/\/spacewell.com\/wp-content\/uploads\/2026\/08\/Workplace-Summer-School-Website-Header-1024x538.png\" \/>\n\t<meta property=\"og:image:width\" content=\"1024\" \/>\n\t<meta property=\"og:image:height\" content=\"538\" \/>\n\t<meta property=\"og:image:type\" content=\"image\/png\" \/>\n<meta name=\"author\" content=\"Stefanie Candela\" \/>\n<meta name=\"twitter:card\" content=\"summary_large_image\" \/>\n<meta name=\"twitter:creator\" content=\"@Spacewell_HQ\" \/>\n<meta name=\"twitter:site\" content=\"@Spacewell_HQ\" \/>\n<meta name=\"twitter:label1\" content=\"Skriven av\" \/>\n\t<meta name=\"twitter:data1\" content=\"Stefanie Candela\" \/>\n\t<meta name=\"twitter:label2\" content=\"Ber\u00e4knad l\u00e4stid\" \/>\n\t<meta name=\"twitter:data2\" content=\"2 minuter\" \/>\n<script type=\"application\/ld+json\" class=\"yoast-schema-graph\">{\"@context\":\"https:\\\/\\\/schema.org\",\"@graph\":[{\"@type\":\"Article\",\"@id\":\"https:\\\/\\\/spacewell.com\\\/sv\\\/resurser\\\/webinarier\\\/mer-data-mindre-tydlighet-paradoxen-pa-den-moderna-arbetsplatsen\\\/#article\",\"isPartOf\":{\"@id\":\"https:\\\/\\\/spacewell.com\\\/sv\\\/resurser\\\/webinarier\\\/mer-data-mindre-tydlighet-paradoxen-pa-den-moderna-arbetsplatsen\\\/\"},\"author\":{\"name\":\"Stefanie Candela\",\"@id\":\"https:\\\/\\\/spacewell.com\\\/sv\\\/#\\\/schema\\\/person\\\/7cb8d21e10d02d2677ce25c3ef233beb\"},\"headline\":\"Mer data, mindre tydlighet: paradoxen i den moderna arbetsplatsen\",\"datePublished\":\"2026-08-28T11:41:49+00:00\",\"dateModified\":\"2026-08-28T12:07:43+00:00\",\"mainEntityOfPage\":{\"@id\":\"https:\\\/\\\/spacewell.com\\\/sv\\\/resurser\\\/webinarier\\\/mer-data-mindre-tydlighet-paradoxen-pa-den-moderna-arbetsplatsen\\\/\"},\"wordCount\":315,\"publisher\":{\"@id\":\"https:\\\/\\\/spacewell.com\\\/sv\\\/#organization\"},\"image\":{\"@id\":\"https:\\\/\\\/spacewell.com\\\/sv\\\/resurser\\\/webinarier\\\/mer-data-mindre-tydlighet-paradoxen-pa-den-moderna-arbetsplatsen\\\/#primaryimage\"},\"thumbnailUrl\":\"https:\\\/\\\/spacewell.com\\\/wp-content\\\/uploads\\\/2026\\\/08\\\/Workplace-Summer-School-Website-Header.png\",\"articleSection\":[\"Resurser\",\"Webinarier\"],\"inLanguage\":\"sv-SE\"},{\"@type\":\"WebPage\",\"@id\":\"https:\\\/\\\/spacewell.com\\\/sv\\\/resurser\\\/webinarier\\\/mer-data-mindre-tydlighet-paradoxen-pa-den-moderna-arbetsplatsen\\\/\",\"url\":\"https:\\\/\\\/spacewell.com\\\/sv\\\/resurser\\\/webinarier\\\/mer-data-mindre-tydlighet-paradoxen-pa-den-moderna-arbetsplatsen\\\/\",\"name\":\"Mer data, mindre tydlighet: paradoxen i den moderna arbetsplatsen - Spacewell | A Nemetschek Company\",\"isPartOf\":{\"@id\":\"https:\\\/\\\/spacewell.com\\\/sv\\\/#website\"},\"primaryImageOfPage\":{\"@id\":\"https:\\\/\\\/spacewell.com\\\/sv\\\/resurser\\\/webinarier\\\/mer-data-mindre-tydlighet-paradoxen-pa-den-moderna-arbetsplatsen\\\/#primaryimage\"},\"image\":{\"@id\":\"https:\\\/\\\/spacewell.com\\\/sv\\\/resurser\\\/webinarier\\\/mer-data-mindre-tydlighet-paradoxen-pa-den-moderna-arbetsplatsen\\\/#primaryimage\"},\"thumbnailUrl\":\"https:\\\/\\\/spacewell.com\\\/wp-content\\\/uploads\\\/2026\\\/08\\\/Workplace-Summer-School-Website-Header.png\",\"datePublished\":\"2026-08-28T11:41:49+00:00\",\"dateModified\":\"2026-08-28T12:07:43+00:00\",\"description\":\"Delta tillsammans med IFMA Spanien och Spacewell den 20 oktober i ett spanskt webinar om hur man kan anv\u00e4nda data om arbetsplatsanv\u00e4ndningen f\u00f6r att fatta smartare beslut om lokalplanering.\",\"breadcrumb\":{\"@id\":\"https:\\\/\\\/spacewell.com\\\/sv\\\/resurser\\\/webinarier\\\/mer-data-mindre-tydlighet-paradoxen-pa-den-moderna-arbetsplatsen\\\/#breadcrumb\"},\"inLanguage\":\"sv-SE\",\"potentialAction\":[{\"@type\":\"ReadAction\",\"target\":[\"https:\\\/\\\/spacewell.com\\\/sv\\\/resurser\\\/webinarier\\\/mer-data-mindre-tydlighet-paradoxen-pa-den-moderna-arbetsplatsen\\\/\"]}]},{\"@type\":\"ImageObject\",\"inLanguage\":\"sv-SE\",\"@id\":\"https:\\\/\\\/spacewell.com\\\/sv\\\/resurser\\\/webinarier\\\/mer-data-mindre-tydlighet-paradoxen-pa-den-moderna-arbetsplatsen\\\/#primaryimage\",\"url\":\"https:\\\/\\\/spacewell.com\\\/wp-content\\\/uploads\\\/2026\\\/08\\\/Workplace-Summer-School-Website-Header.png\",\"contentUrl\":\"https:\\\/\\\/spacewell.com\\\/wp-content\\\/uploads\\\/2026\\\/08\\\/Workplace-Summer-School-Website-Header.png\",\"width\":2350,\"height\":1234,\"caption\":\"Mer data, mindre tydlighet \u2013 Spacewell x IFMA\"},{\"@type\":\"BreadcrumbList\",\"@id\":\"https:\\\/\\\/spacewell.com\\\/sv\\\/resurser\\\/webinarier\\\/mer-data-mindre-tydlighet-paradoxen-pa-den-moderna-arbetsplatsen\\\/#breadcrumb\",\"itemListElement\":[{\"@type\":\"ListItem\",\"position\":1,\"name\":\"Home\",\"item\":\"https:\\\/\\\/spacewell.com\\\/sv\\\/\"},{\"@type\":\"ListItem\",\"position\":2,\"name\":\"Mer data, mindre tydlighet: paradoxen i den moderna arbetsplatsen\"}]},{\"@type\":\"WebSite\",\"@id\":\"https:\\\/\\\/spacewell.com\\\/sv\\\/#website\",\"url\":\"https:\\\/\\\/spacewell.com\\\/sv\\\/\",\"name\":\"Spacewell | A Nemetschek Company\",\"description\":\"Make buildings work for people\",\"publisher\":{\"@id\":\"https:\\\/\\\/spacewell.com\\\/sv\\\/#organization\"},\"potentialAction\":[{\"@type\":\"SearchAction\",\"target\":{\"@type\":\"EntryPoint\",\"urlTemplate\":\"https:\\\/\\\/spacewell.com\\\/sv\\\/?s={search_term_string}\"},\"query-input\":{\"@type\":\"PropertyValueSpecification\",\"valueRequired\":true,\"valueName\":\"search_term_string\"}}],\"inLanguage\":\"sv-SE\"},{\"@type\":\"Organization\",\"@id\":\"https:\\\/\\\/spacewell.com\\\/sv\\\/#organization\",\"name\":\"Spacewell | A Nemetschek Company\",\"url\":\"https:\\\/\\\/spacewell.com\\\/sv\\\/\",\"logo\":{\"@type\":\"ImageObject\",\"inLanguage\":\"sv-SE\",\"@id\":\"https:\\\/\\\/spacewell.com\\\/sv\\\/#\\\/schema\\\/logo\\\/image\\\/\",\"url\":\"https:\\\/\\\/spacewell.com\\\/wp-content\\\/uploads\\\/2023\\\/05\\\/spacewell-logo-500x88-1.webp\",\"contentUrl\":\"https:\\\/\\\/spacewell.com\\\/wp-content\\\/uploads\\\/2023\\\/05\\\/spacewell-logo-500x88-1.webp\",\"width\":500,\"height\":88,\"caption\":\"Spacewell | A Nemetschek Company\"},\"image\":{\"@id\":\"https:\\\/\\\/spacewell.com\\\/sv\\\/#\\\/schema\\\/logo\\\/image\\\/\"},\"sameAs\":[\"https:\\\/\\\/www.facebook.com\\\/SpacewellHQ\",\"https:\\\/\\\/x.com\\\/Spacewell_HQ\"]},{\"@type\":\"Person\",\"@id\":\"https:\\\/\\\/spacewell.com\\\/sv\\\/#\\\/schema\\\/person\\\/7cb8d21e10d02d2677ce25c3ef233beb\",\"name\":\"Stefanie Candela\",\"image\":{\"@type\":\"ImageObject\",\"inLanguage\":\"sv-SE\",\"@id\":\"https:\\\/\\\/secure.gravatar.com\\\/avatar\\\/dc1ca66c1af8adbb370e67da2841bbaa6b529fed96ed781392a0322c5a932d85?s=96&d=mm&r=g\",\"url\":\"https:\\\/\\\/secure.gravatar.com\\\/avatar\\\/dc1ca66c1af8adbb370e67da2841bbaa6b529fed96ed781392a0322c5a932d85?s=96&d=mm&r=g\",\"contentUrl\":\"https:\\\/\\\/secure.gravatar.com\\\/avatar\\\/dc1ca66c1af8adbb370e67da2841bbaa6b529fed96ed781392a0322c5a932d85?s=96&d=mm&r=g\",\"caption\":\"Stefanie Candela\"},\"sameAs\":[\"http:\\\/\\\/spacewell.com\"],\"url\":\"https:\\\/\\\/spacewell.com\\\/sv\\\/author\\\/stefanie-candela\\\/\"}]}<\/script>\n<!-- \/ Yoast SEO Premium plugin. -->","yoast_head_json":{"title":"Mer data, mindre tydlighet: paradoxen i den moderna arbetsplatsen - Spacewell | A Nemetschek Company","description":"Delta tillsammans med IFMA Spanien och Spacewell den 20 oktober i ett spanskt webinar om hur man kan anv\u00e4nda data om arbetsplatsanv\u00e4ndningen f\u00f6r att fatta smartare beslut om lokalplanering.","robots":{"index":"index","follow":"follow","max-snippet":"max-snippet:-1","max-image-preview":"max-image-preview:large","max-video-preview":"max-video-preview:-1"},"canonical":"https:\/\/spacewell.com\/sv\/resurser\/webinarier\/mer-data-mindre-tydlighet-paradoxen-pa-den-moderna-arbetsplatsen\/","og_locale":"sv_SE","og_type":"article","og_title":"Mer data, mindre tydlighet: paradoxen i den moderna arbetsplatsen","og_description":"Delta tillsammans med IFMA Spanien och Spacewell den 20 oktober i ett spanskt webinar om hur man kan anv\u00e4nda data om arbetsplatsanv\u00e4ndningen f\u00f6r att fatta smartare beslut om lokalplanering.","og_url":"https:\/\/spacewell.com\/sv\/resurser\/webinarier\/mer-data-mindre-tydlighet-paradoxen-pa-den-moderna-arbetsplatsen\/","og_site_name":"Spacewell | A Nemetschek Company","article_publisher":"https:\/\/www.facebook.com\/SpacewellHQ","article_published_time":"2026-08-28T11:41:49+00:00","article_modified_time":"2026-08-28T12:07:43+00:00","og_image":[{"width":1024,"height":538,"url":"https:\/\/spacewell.com\/wp-content\/uploads\/2026\/08\/Workplace-Summer-School-Website-Header-1024x538.png","type":"image\/png"}],"author":"Stefanie Candela","twitter_card":"summary_large_image","twitter_creator":"@Spacewell_HQ","twitter_site":"@Spacewell_HQ","twitter_misc":{"Skriven av":"Stefanie Candela","Ber\u00e4knad l\u00e4stid":"2 minuter"},"schema":{"@context":"https:\/\/schema.org","@graph":[{"@type":"Article","@id":"https:\/\/spacewell.com\/sv\/resurser\/webinarier\/mer-data-mindre-tydlighet-paradoxen-pa-den-moderna-arbetsplatsen\/#article","isPartOf":{"@id":"https:\/\/spacewell.com\/sv\/resurser\/webinarier\/mer-data-mindre-tydlighet-paradoxen-pa-den-moderna-arbetsplatsen\/"},"author":{"name":"Stefanie Candela","@id":"https:\/\/spacewell.com\/sv\/#\/schema\/person\/7cb8d21e10d02d2677ce25c3ef233beb"},"headline":"Mer data, mindre tydlighet: paradoxen i den moderna arbetsplatsen","datePublished":"2026-08-28T11:41:49+00:00","dateModified":"2026-08-28T12:07:43+00:00","mainEntityOfPage":{"@id":"https:\/\/spacewell.com\/sv\/resurser\/webinarier\/mer-data-mindre-tydlighet-paradoxen-pa-den-moderna-arbetsplatsen\/"},"wordCount":315,"publisher":{"@id":"https:\/\/spacewell.com\/sv\/#organization"},"image":{"@id":"https:\/\/spacewell.com\/sv\/resurser\/webinarier\/mer-data-mindre-tydlighet-paradoxen-pa-den-moderna-arbetsplatsen\/#primaryimage"},"thumbnailUrl":"https:\/\/spacewell.com\/wp-content\/uploads\/2026\/08\/Workplace-Summer-School-Website-Header.png","articleSection":["Resurser","Webinarier"],"inLanguage":"sv-SE"},{"@type":"WebPage","@id":"https:\/\/spacewell.com\/sv\/resurser\/webinarier\/mer-data-mindre-tydlighet-paradoxen-pa-den-moderna-arbetsplatsen\/","url":"https:\/\/spacewell.com\/sv\/resurser\/webinarier\/mer-data-mindre-tydlighet-paradoxen-pa-den-moderna-arbetsplatsen\/","name":"Mer data, mindre tydlighet: paradoxen i den moderna arbetsplatsen - Spacewell | A Nemetschek Company","isPartOf":{"@id":"https:\/\/spacewell.com\/sv\/#website"},"primaryImageOfPage":{"@id":"https:\/\/spacewell.com\/sv\/resurser\/webinarier\/mer-data-mindre-tydlighet-paradoxen-pa-den-moderna-arbetsplatsen\/#primaryimage"},"image":{"@id":"https:\/\/spacewell.com\/sv\/resurser\/webinarier\/mer-data-mindre-tydlighet-paradoxen-pa-den-moderna-arbetsplatsen\/#primaryimage"},"thumbnailUrl":"https:\/\/spacewell.com\/wp-content\/uploads\/2026\/08\/Workplace-Summer-School-Website-Header.png","datePublished":"2026-08-28T11:41:49+00:00","dateModified":"2026-08-28T12:07:43+00:00","description":"Delta tillsammans med IFMA Spanien och Spacewell den 20 oktober i ett spanskt webinar om hur man kan anv\u00e4nda data om arbetsplatsanv\u00e4ndningen f\u00f6r att fatta smartare beslut om lokalplanering.","breadcrumb":{"@id":"https:\/\/spacewell.com\/sv\/resurser\/webinarier\/mer-data-mindre-tydlighet-paradoxen-pa-den-moderna-arbetsplatsen\/#breadcrumb"},"inLanguage":"sv-SE","potentialAction":[{"@type":"ReadAction","target":["https:\/\/spacewell.com\/sv\/resurser\/webinarier\/mer-data-mindre-tydlighet-paradoxen-pa-den-moderna-arbetsplatsen\/"]}]},{"@type":"ImageObject","inLanguage":"sv-SE","@id":"https:\/\/spacewell.com\/sv\/resurser\/webinarier\/mer-data-mindre-tydlighet-paradoxen-pa-den-moderna-arbetsplatsen\/#primaryimage","url":"https:\/\/spacewell.com\/wp-content\/uploads\/2026\/08\/Workplace-Summer-School-Website-Header.png","contentUrl":"https:\/\/spacewell.com\/wp-content\/uploads\/2026\/08\/Workplace-Summer-School-Website-Header.png","width":2350,"height":1234,"caption":"Mer data, mindre tydlighet \u2013 Spacewell x IFMA"},{"@type":"BreadcrumbList","@id":"https:\/\/spacewell.com\/sv\/resurser\/webinarier\/mer-data-mindre-tydlighet-paradoxen-pa-den-moderna-arbetsplatsen\/#breadcrumb","itemListElement":[{"@type":"ListItem","position":1,"name":"Home","item":"https:\/\/spacewell.com\/sv\/"},{"@type":"ListItem","position":2,"name":"Mer data, mindre tydlighet: paradoxen i den moderna arbetsplatsen"}]},{"@type":"WebSite","@id":"https:\/\/spacewell.com\/sv\/#website","url":"https:\/\/spacewell.com\/sv\/","name":"Spacewell | A Nemetschek Company","description":"Make buildings work for people","publisher":{"@id":"https:\/\/spacewell.com\/sv\/#organization"},"potentialAction":[{"@type":"SearchAction","target":{"@type":"EntryPoint","urlTemplate":"https:\/\/spacewell.com\/sv\/?s={search_term_string}"},"query-input":{"@type":"PropertyValueSpecification","valueRequired":true,"valueName":"search_term_string"}}],"inLanguage":"sv-SE"},{"@type":"Organization","@id":"https:\/\/spacewell.com\/sv\/#organization","name":"Spacewell | A Nemetschek Company","url":"https:\/\/spacewell.com\/sv\/","logo":{"@type":"ImageObject","inLanguage":"sv-SE","@id":"https:\/\/spacewell.com\/sv\/#\/schema\/logo\/image\/","url":"https:\/\/spacewell.com\/wp-content\/uploads\/2023\/05\/spacewell-logo-500x88-1.webp","contentUrl":"https:\/\/spacewell.com\/wp-content\/uploads\/2023\/05\/spacewell-logo-500x88-1.webp","width":500,"height":88,"caption":"Spacewell | A Nemetschek Company"},"image":{"@id":"https:\/\/spacewell.com\/sv\/#\/schema\/logo\/image\/"},"sameAs":["https:\/\/www.facebook.com\/SpacewellHQ","https:\/\/x.com\/Spacewell_HQ"]},{"@type":"Person","@id":"https:\/\/spacewell.com\/sv\/#\/schema\/person\/7cb8d21e10d02d2677ce25c3ef233beb","name":"Stefanie Candela","image":{"@type":"ImageObject","inLanguage":"sv-SE","@id":"https:\/\/secure.gravatar.com\/avatar\/dc1ca66c1af8adbb370e67da2841bbaa6b529fed96ed781392a0322c5a932d85?s=96&d=mm&r=g","url":"https:\/\/secure.gravatar.com\/avatar\/dc1ca66c1af8adbb370e67da2841bbaa6b529fed96ed781392a0322c5a932d85?s=96&d=mm&r=g","contentUrl":"https:\/\/secure.gravatar.com\/avatar\/dc1ca66c1af8adbb370e67da2841bbaa6b529fed96ed781392a0322c5a932d85?s=96&d=mm&r=g","caption":"Stefanie Candela"},"sameAs":["http:\/\/spacewell.com"],"url":"https:\/\/spacewell.com\/sv\/author\/stefanie-candela\/"}]}},"_links":{"self":[{"href":"https:\/\/spacewell.com\/sv\/wp-json\/wp\/v2\/posts\/58421","targetHints":{"allow":["GET"]}}],"collection":[{"href":"https:\/\/spacewell.com\/sv\/wp-json\/wp\/v2\/posts"}],"about":[{"href":"https:\/\/spacewell.com\/sv\/wp-json\/wp\/v2\/types\/post"}],"author":[{"embeddable":true,"href":"https:\/\/spacewell.com\/sv\/wp-json\/wp\/v2\/users\/47"}],"replies":[{"embeddable":true,"href":"https:\/\/spacewell.com\/sv\/wp-json\/wp\/v2\/comments?post=58421"}],"version-history":[{"count":11,"href":"https:\/\/spacewell.com\/sv\/wp-json\/wp\/v2\/posts\/58421\/revisions"}],"predecessor-version":[{"id":58467,"href":"https:\/\/spacewell.com\/sv\/wp-json\/wp\/v2\/posts\/58421\/revisions\/58467"}],"wp:featuredmedia":[{"embeddable":true,"href":"https:\/\/spacewell.com\/sv\/wp-json\/wp\/v2\/media\/58420"}],"wp:attachment":[{"href":"https:\/\/spacewell.com\/sv\/wp-json\/wp\/v2\/media?parent=58421"}],"wp:term":[{"taxonomy":"category","embeddable":true,"href":"https:\/\/spacewell.com\/sv\/wp-json\/wp\/v2\/categories?post=58421"},{"taxonomy":"post_tag","embeddable":true,"href":"https:\/\/spacewell.com\/sv\/wp-json\/wp\/v2\/tags?post=58421"}],"curies":[{"name":"wp","href":"https:\/\/api.w.org\/{rel}","templated":true}]}}