


{"id":48022,"date":"2026-03-06T14:40:57","date_gmt":"2026-03-06T13:40:57","guid":{"rendered":"https:\/\/spacewell.com\/okategoriserad\/facility-management-finally-reaches-the-boardroom\/"},"modified":"2026-03-06T16:05:20","modified_gmt":"2026-03-06T15:05:20","slug":"facility-management-finally-reaches-the-boardroom","status":"publish","type":"post","link":"https:\/\/spacewell.com\/sv\/resurser\/blogg\/facility-management-finally-reaches-the-boardroom\/","title":{"rendered":"Facility Management n\u00e5r \u00e4ntligen styrelserummet"},"content":{"rendered":"<div class=\"gb-container gb-container-2fca63ba gb-container-5731d80c\">\n\n<p>Facility Management spelar en allt viktigare roll inom organisationer. Det som tidigare ofta s\u00e5gs som en st\u00f6dfunktion betraktas nu allt oftare som en strategisk disciplin som direkt p\u00e5verkar kostnadshantering, h\u00e5llbarhet och medarbetarnas upplevelse. <\/p>\n\n\n\n<p>I en nyligen publicerad artikel i Knack Magazine, en belgisk utgivare av branschinriktade publikationer och aff\u00e4rsinneh\u00e5ll, diskuteras denna utveckling ing\u00e5ende. I denna dossier delar John Van Tessel, CEO f\u00f6r Spacewell, ocks\u00e5 med sig av sitt perspektiv p\u00e5 den f\u00f6r\u00e4ndrade rollen f\u00f6r facility management och teknikens inverkan p\u00e5 byggnader och arbetsplatser. <\/p>\n\n\n\n<h2 class=\"wp-block-heading\" id=\"h-people-are-more-expensive-than-buildings\"><strong>M\u00e4nniskor \u00e4r dyrare \u00e4n byggnader<\/strong><\/h2>\n\n\n\n<p>F\u00f6r de flesta organisationer utg\u00f6r de anst\u00e4llda den st\u00f6rsta kostnaden, medan byggnader och fastighetsservice ofta kommer i andra hand. Enligt Van Tessel \u00e4r det just d\u00e4rf\u00f6r som uppm\u00e4rksamheten inom organisationerna h\u00e5ller p\u00e5 att skifta. Han f\u00f6rklarar att f\u00f6retag i allt h\u00f6gre grad inser att deras tv\u00e5 st\u00f6rsta investeringar, m\u00e4nniskor och byggnader, m\u00e5ste f\u00f6rst\u00e4rka varandra och att byggnader m\u00e5ste f\u00f6rvaltas optimalt under hela sin livscykel. Det handlar inte bara om upplevelsen p\u00e5 arbetsplatsen, utan ocks\u00e5 om kostnadshantering, energif\u00f6rbrukning, underh\u00e5llseffektivitet och installationernas tillf\u00f6rlitlighet.   <\/p>\n\n\n\n<p>Sedan COVID har denna insikt bara blivit starkare. M\u00e5nga organisationer s\u00f6ker efter en ny balans mellan kontorsarbete och hybridarbete. Samtidigt f\u00f6r\u00e4ndras ocks\u00e5 medarbetarnas f\u00f6rv\u00e4ntningar p\u00e5 sin arbetsmilj\u00f6.  <\/p>\n\n\n\n<blockquote class=\"wp-block-quote is-layout-flow wp-block-quote-is-layout-flow\">\n<p>&#8221;Unga s\u00f6kande fr\u00e5gar inte bara efter l\u00f6nen. De fr\u00e5gar efter baristor, en h\u00e4lsosam lunch, ett gym, en inspirerande arbetsplats d\u00e4r de kan utveckla sig sj\u00e4lva. Det \u00e4r s\u00e5 verkligheten ser ut.&#8221;<br\/>&#8211; John Van Tessel, VD, Spacewell<\/p>\n<\/blockquote>\n\n\n\n<p>F\u00f6r organisationer inneb\u00e4r detta att arbetsplatserna inte bara m\u00e5ste vara funktionella utan ocks\u00e5 bidra till komfort, flexibilitet och en attraktiv arbetsmilj\u00f6.<\/p>\n\n\n\n<figure class=\"gb-block-image gb-block-image-aefb2b2a\"><img loading=\"lazy\" decoding=\"async\" width=\"2350\" height=\"1234\" class=\"gb-image gb-image-aefb2b2a\" src=\"https:\/\/spacewell.com\/wp-content\/uploads\/2026\/03\/John-Van-Tessel.png\" alt=\"John Van Tessel\" title=\"John Van Tessel\" srcset=\"https:\/\/spacewell.com\/wp-content\/uploads\/2026\/03\/John-Van-Tessel.png 2350w, https:\/\/spacewell.com\/wp-content\/uploads\/2026\/03\/John-Van-Tessel-500x263.png 500w, https:\/\/spacewell.com\/wp-content\/uploads\/2026\/03\/John-Van-Tessel-1024x538.png 1024w, https:\/\/spacewell.com\/wp-content\/uploads\/2026\/03\/John-Van-Tessel-768x403.png 768w, https:\/\/spacewell.com\/wp-content\/uploads\/2026\/03\/John-Van-Tessel-1536x807.png 1536w, https:\/\/spacewell.com\/wp-content\/uploads\/2026\/03\/John-Van-Tessel-2048x1075.png 2048w\" sizes=\"auto, (max-width: 2350px) 100vw, 2350px\" \/><\/figure>\n\n\n\n<p><\/p>\n\n\n\n<h2 class=\"wp-block-heading\" id=\"h-the-move-to-the-boardroom\"><strong>Flytten till styrelserummet<\/strong><\/h2>\n\n\n\n<p>Enligt Van Tessel betraktas arbetsplatsen i allt h\u00f6gre grad som en strategisk tillg\u00e5ng. Detta inneb\u00e4r ocks\u00e5 att beslut som r\u00f6r fastigheter och facility management oftare fattas p\u00e5 ledningsniv\u00e5. <\/p>\n\n\n\n<blockquote class=\"wp-block-quote is-layout-flow wp-block-quote-is-layout-flow\">\n<p>&#8221;Se p\u00e5 organisationer som Rabobank, Randstad och Deloitte, d\u00e4r fastigheter rapporteras p\u00e5 C-niv\u00e5. Vi ser det allt oftare. Facility management \u00e4r inte l\u00e4ngre en operativ sidofr\u00e5ga. Det \u00e4r en strategisk pelare som direkt p\u00e5verkar kostnadsstrukturen, h\u00e5llbarhetsresultatet, m\u00f6jligheten att attrahera och beh\u00e5lla talanger samt verksamhetens kontinuitet.&#8221;<br\/>&#8211; John Van Tessel, CEO, Spacewell<\/p>\n<\/blockquote>\n\n\n\n<p>Enligt Van Tessel kommer tekniken att spela en allt viktigare roll f\u00f6r hur byggnader f\u00f6rvaltas och anv\u00e4nds under de kommande \u00e5ren. \u00d6kad integration, automatisering och datadrivna insikter kommer att hj\u00e4lpa organisationer att hantera byggnader p\u00e5 ett mer effektivt och h\u00e5llbart s\u00e4tt. <\/p>\n\n\n\n<p>Han f\u00f6rv\u00e4ntar sig att artificiell intelligens kommer att spela en viktig roll i denna utveckling och att byggnader kommer att bli alltmer intelligenta. I framtiden kommer m\u00e5nga processer att hanteras och optimeras automatiskt, vilket g\u00f6r det m\u00f6jligt f\u00f6r yrkesverksamma att arbeta mer produktivt och f\u00e5 b\u00e4ttre insikter i anv\u00e4ndningen av arbetsplatser, installationer och energi. <\/p>\n\n\n\n<p>Fr\u00e5n sitt huvudkontor i Wilrijk utvecklar Spacewell l\u00f6sningar som hj\u00e4lper organisationer att hantera arbetsplatser, byggnader och energi. F\u00f6retaget har kontor i Nederl\u00e4nderna, Spanien, Tyskland, Sverige och Indien och fokuserar fr\u00e4mst p\u00e5 Europa som sin k\u00e4rnmarknad, men har \u00e4ven kunder i regioner som USA och Mellan\u00f6stern. Spacewell samarbetar ocks\u00e5 med partners som Google och Capgemini.  <\/p>\n\n\n\n<h2 class=\"wp-block-heading\" id=\"h-facility-management-as-a-strategic-pillar\"><strong>Facility management som en strategisk pelare<\/strong><\/h2>\n\n\n\n<p>Facility Managements roll inom organisationer f\u00f6r\u00e4ndras d\u00e4rf\u00f6r snabbt. Det som en g\u00e5ng i tiden fr\u00e4mst var en operativ disciplin h\u00e5ller p\u00e5 att utvecklas till en strategisk pelare som hj\u00e4lper organisationer att hantera kostnader, f\u00f6rb\u00e4ttra h\u00e5llbarheten och skapa en b\u00e4ttre arbetsmilj\u00f6. <\/p>\n\n\n\n<p>Van Tessel sammanfattar denna utveckling i artikeln p\u00e5 f\u00f6ljande s\u00e4tt:<\/p>\n\n\n\n<blockquote class=\"wp-block-quote is-layout-flow wp-block-quote-is-layout-flow\">\n<p>&#8221;Om m\u00e4nniskor \u00e4r din viktigaste tillg\u00e5ng och byggnader \u00e4r din st\u00f6rsta kostnad, d\u00e5 m\u00e5ste du n\u00e4rma dig arbetsplatsen strategiskt. Inte i organisationens lager, utan i styrelserummet.&#8221;<br\/>&#8211; John Van Tessel, VD, Spacewell<\/p>\n<\/blockquote>\n\n\n\n<p>Want to read the full article? <a href=\"https:\/\/kompasmedia.be\/kompas-dossiers-vl\/#flipbook-df_3450\/11\/\" type=\"link\" id=\"https:\/\/kompasmedia.be\/kompas-dossiers-vl\/#flipbook-df_3450\/11\/\">Click here to read now.<\/a> (In Dutch &#x1f1f3;&#x1f1f1;)<\/p>\n\n\n\n<p><\/p>\n\n\n\n<h2 class=\"wp-block-heading\" id=\"h-request-a-demo\">Beg\u00e4r en demo<\/h2>\n\n\n\n<p>\u00c4r du nyfiken p\u00e5 hur du b\u00e4ttre kan optimera dina arbetsplatser och byggnader med hj\u00e4lp av data och teknik? Fyll i formul\u00e4ret nedan s\u00e5 hj\u00e4lper vi dig att komma ig\u00e5ng. <\/p>\n\n\n\n<script charset=\"utf-8\" type=\"text\/javascript\" src=\"\/\/js.hsforms.net\/forms\/embed\/v2.js\"><\/script><script>hbspt.forms.create({\n    portalId: \"437281\",\n    formId: \"24cbb6f7-bce4-4f96-823b-e04a3c41b509\",\n    region: \"na1\"\n  });\n<\/script>\n\n<\/div>\n<p><\/p>\n","protected":false},"excerpt":{"rendered":"<p>Facility Management spelar en allt viktigare roll inom organisationer. Det som tidigare ofta s\u00e5gs som en st\u00f6dfunktion betraktas nu allt oftare som en strategisk disciplin som direkt p\u00e5verkar kostnadshantering, h\u00e5llbarhet och medarbetarnas upplevelse. I en nyligen publicerad artikel i Knack Magazine, en belgisk utgivare av branschinriktade publikationer och aff\u00e4rsinneh\u00e5ll, diskuteras denna utveckling ing\u00e5ende. I denna &#8230; <a title=\"Facility Management n\u00e5r \u00e4ntligen styrelserummet\" class=\"read-more\" href=\"https:\/\/spacewell.com\/sv\/resurser\/blogg\/facility-management-finally-reaches-the-boardroom\/\" aria-label=\"L\u00e4s mer om Facility Management n\u00e5r \u00e4ntligen styrelserummet\">L\u00e4s mer<\/a><\/p>\n","protected":false},"author":46,"featured_media":48002,"comment_status":"closed","ping_status":"open","sticky":false,"template":"","format":"standard","meta":{"_acf_changed":false,"footnotes":""},"categories":[37,32,429],"tags":[],"class_list":["post-48022","post","type-post","status-publish","format-standard","has-post-thumbnail","hentry","category-blogg","category-resurser","category-workplace-sv","generate-columns","tablet-grid-50","mobile-grid-100","grid-parent","grid-50","no-featured-image-padding"],"acf":[],"yoast_head":"<!-- This site is optimized with the Yoast SEO Premium plugin v26.0 (Yoast SEO v27.5) - https:\/\/yoast.com\/product\/yoast-seo-premium-wordpress\/ -->\n<title>Facility Management n\u00e5r \u00e4ntligen styrelserummet | Spacewell<\/title>\n<meta name=\"description\" content=\"I KompasMedia ber\u00e4ttar John Van Tessel om hur fastighetsf\u00f6rvaltning h\u00e5ller p\u00e5 att bli en strategisk drivkraft f\u00f6r effektivitet och h\u00e5llbarhet.\" \/>\n<meta name=\"robots\" content=\"index, follow, max-snippet:-1, max-image-preview:large, max-video-preview:-1\" \/>\n<link rel=\"canonical\" href=\"https:\/\/spacewell.com\/sv\/resurser\/blogg\/facility-management-finally-reaches-the-boardroom\/\" \/>\n<meta property=\"og:locale\" content=\"sv_SE\" \/>\n<meta property=\"og:type\" content=\"article\" \/>\n<meta property=\"og:title\" content=\"Facility Management n\u00e5r \u00e4ntligen styrelserummet\" \/>\n<meta property=\"og:description\" content=\"I KompasMedia ber\u00e4ttar John Van Tessel om hur fastighetsf\u00f6rvaltning h\u00e5ller p\u00e5 att bli en strategisk drivkraft f\u00f6r effektivitet och h\u00e5llbarhet.\" \/>\n<meta property=\"og:url\" content=\"https:\/\/spacewell.com\/sv\/resurser\/blogg\/facility-management-finally-reaches-the-boardroom\/\" \/>\n<meta property=\"og:site_name\" content=\"Spacewell | A Nemetschek Company\" \/>\n<meta property=\"article:publisher\" content=\"https:\/\/www.facebook.com\/SpacewellHQ\" \/>\n<meta property=\"article:published_time\" content=\"2026-03-06T13:40:57+00:00\" \/>\n<meta property=\"article:modified_time\" content=\"2026-03-06T15:05:20+00:00\" \/>\n<meta property=\"og:image\" content=\"https:\/\/spacewell.com\/wp-content\/uploads\/2026\/03\/Spacewell-in-KompasMedia-Knack-Magazine-1-2-1024x538.png\" \/>\n\t<meta property=\"og:image:width\" content=\"1024\" \/>\n\t<meta property=\"og:image:height\" content=\"538\" \/>\n\t<meta property=\"og:image:type\" content=\"image\/png\" \/>\n<meta name=\"author\" content=\"Ana Sofia Barrera Abisad\" \/>\n<meta name=\"twitter:card\" content=\"summary_large_image\" \/>\n<meta name=\"twitter:creator\" content=\"@Spacewell_HQ\" \/>\n<meta name=\"twitter:site\" content=\"@Spacewell_HQ\" \/>\n<meta name=\"twitter:label1\" content=\"Skriven av\" \/>\n\t<meta name=\"twitter:data1\" content=\"Ana Sofia Barrera Abisad\" \/>\n\t<meta name=\"twitter:label2\" content=\"Ber\u00e4knad l\u00e4stid\" \/>\n\t<meta name=\"twitter:data2\" content=\"4 minuter\" \/>\n<script type=\"application\/ld+json\" class=\"yoast-schema-graph\">{\"@context\":\"https:\\\/\\\/schema.org\",\"@graph\":[{\"@type\":\"Article\",\"@id\":\"https:\\\/\\\/spacewell.com\\\/sv\\\/resurser\\\/blogg\\\/facility-management-finally-reaches-the-boardroom\\\/#article\",\"isPartOf\":{\"@id\":\"https:\\\/\\\/spacewell.com\\\/sv\\\/resurser\\\/blogg\\\/facility-management-finally-reaches-the-boardroom\\\/\"},\"author\":{\"name\":\"Ana Sofia Barrera Abisad\",\"@id\":\"https:\\\/\\\/spacewell.com\\\/sv\\\/#\\\/schema\\\/person\\\/3685f2be4f886ed45bb71e672198ef59\"},\"headline\":\"Facility Management n\u00e5r \u00e4ntligen styrelserummet\",\"datePublished\":\"2026-03-06T13:40:57+00:00\",\"dateModified\":\"2026-03-06T15:05:20+00:00\",\"mainEntityOfPage\":{\"@id\":\"https:\\\/\\\/spacewell.com\\\/sv\\\/resurser\\\/blogg\\\/facility-management-finally-reaches-the-boardroom\\\/\"},\"wordCount\":738,\"publisher\":{\"@id\":\"https:\\\/\\\/spacewell.com\\\/sv\\\/#organization\"},\"image\":{\"@id\":\"https:\\\/\\\/spacewell.com\\\/sv\\\/resurser\\\/blogg\\\/facility-management-finally-reaches-the-boardroom\\\/#primaryimage\"},\"thumbnailUrl\":\"https:\\\/\\\/spacewell.com\\\/wp-content\\\/uploads\\\/2026\\\/03\\\/Spacewell-in-KompasMedia-Knack-Magazine-1-2.png\",\"articleSection\":[\"Blogg\",\"Resurser\",\"Workplace\"],\"inLanguage\":\"sv-SE\"},{\"@type\":\"WebPage\",\"@id\":\"https:\\\/\\\/spacewell.com\\\/sv\\\/resurser\\\/blogg\\\/facility-management-finally-reaches-the-boardroom\\\/\",\"url\":\"https:\\\/\\\/spacewell.com\\\/sv\\\/resurser\\\/blogg\\\/facility-management-finally-reaches-the-boardroom\\\/\",\"name\":\"Facility Management n\u00e5r \u00e4ntligen styrelserummet | Spacewell\",\"isPartOf\":{\"@id\":\"https:\\\/\\\/spacewell.com\\\/sv\\\/#website\"},\"primaryImageOfPage\":{\"@id\":\"https:\\\/\\\/spacewell.com\\\/sv\\\/resurser\\\/blogg\\\/facility-management-finally-reaches-the-boardroom\\\/#primaryimage\"},\"image\":{\"@id\":\"https:\\\/\\\/spacewell.com\\\/sv\\\/resurser\\\/blogg\\\/facility-management-finally-reaches-the-boardroom\\\/#primaryimage\"},\"thumbnailUrl\":\"https:\\\/\\\/spacewell.com\\\/wp-content\\\/uploads\\\/2026\\\/03\\\/Spacewell-in-KompasMedia-Knack-Magazine-1-2.png\",\"datePublished\":\"2026-03-06T13:40:57+00:00\",\"dateModified\":\"2026-03-06T15:05:20+00:00\",\"description\":\"I KompasMedia ber\u00e4ttar John Van Tessel om hur fastighetsf\u00f6rvaltning h\u00e5ller p\u00e5 att bli en strategisk drivkraft f\u00f6r effektivitet och h\u00e5llbarhet.\",\"breadcrumb\":{\"@id\":\"https:\\\/\\\/spacewell.com\\\/sv\\\/resurser\\\/blogg\\\/facility-management-finally-reaches-the-boardroom\\\/#breadcrumb\"},\"inLanguage\":\"sv-SE\",\"potentialAction\":[{\"@type\":\"ReadAction\",\"target\":[\"https:\\\/\\\/spacewell.com\\\/sv\\\/resurser\\\/blogg\\\/facility-management-finally-reaches-the-boardroom\\\/\"]}]},{\"@type\":\"ImageObject\",\"inLanguage\":\"sv-SE\",\"@id\":\"https:\\\/\\\/spacewell.com\\\/sv\\\/resurser\\\/blogg\\\/facility-management-finally-reaches-the-boardroom\\\/#primaryimage\",\"url\":\"https:\\\/\\\/spacewell.com\\\/wp-content\\\/uploads\\\/2026\\\/03\\\/Spacewell-in-KompasMedia-Knack-Magazine-1-2.png\",\"contentUrl\":\"https:\\\/\\\/spacewell.com\\\/wp-content\\\/uploads\\\/2026\\\/03\\\/Spacewell-in-KompasMedia-Knack-Magazine-1-2.png\",\"width\":2350,\"height\":1234,\"caption\":\"Spacewell i KompasMedia Knack Magazine\"},{\"@type\":\"BreadcrumbList\",\"@id\":\"https:\\\/\\\/spacewell.com\\\/sv\\\/resurser\\\/blogg\\\/facility-management-finally-reaches-the-boardroom\\\/#breadcrumb\",\"itemListElement\":[{\"@type\":\"ListItem\",\"position\":1,\"name\":\"Home\",\"item\":\"https:\\\/\\\/spacewell.com\\\/sv\\\/\"},{\"@type\":\"ListItem\",\"position\":2,\"name\":\"Facility Management n\u00e5r \u00e4ntligen styrelserummet\"}]},{\"@type\":\"WebSite\",\"@id\":\"https:\\\/\\\/spacewell.com\\\/sv\\\/#website\",\"url\":\"https:\\\/\\\/spacewell.com\\\/sv\\\/\",\"name\":\"Spacewell | A Nemetschek Company\",\"description\":\"Make buildings work for people\",\"publisher\":{\"@id\":\"https:\\\/\\\/spacewell.com\\\/sv\\\/#organization\"},\"potentialAction\":[{\"@type\":\"SearchAction\",\"target\":{\"@type\":\"EntryPoint\",\"urlTemplate\":\"https:\\\/\\\/spacewell.com\\\/sv\\\/?s={search_term_string}\"},\"query-input\":{\"@type\":\"PropertyValueSpecification\",\"valueRequired\":true,\"valueName\":\"search_term_string\"}}],\"inLanguage\":\"sv-SE\"},{\"@type\":\"Organization\",\"@id\":\"https:\\\/\\\/spacewell.com\\\/sv\\\/#organization\",\"name\":\"Spacewell | A Nemetschek Company\",\"url\":\"https:\\\/\\\/spacewell.com\\\/sv\\\/\",\"logo\":{\"@type\":\"ImageObject\",\"inLanguage\":\"sv-SE\",\"@id\":\"https:\\\/\\\/spacewell.com\\\/sv\\\/#\\\/schema\\\/logo\\\/image\\\/\",\"url\":\"https:\\\/\\\/spacewell.com\\\/wp-content\\\/uploads\\\/2023\\\/05\\\/spacewell-logo-500x88-1.webp\",\"contentUrl\":\"https:\\\/\\\/spacewell.com\\\/wp-content\\\/uploads\\\/2023\\\/05\\\/spacewell-logo-500x88-1.webp\",\"width\":500,\"height\":88,\"caption\":\"Spacewell | A Nemetschek Company\"},\"image\":{\"@id\":\"https:\\\/\\\/spacewell.com\\\/sv\\\/#\\\/schema\\\/logo\\\/image\\\/\"},\"sameAs\":[\"https:\\\/\\\/www.facebook.com\\\/SpacewellHQ\",\"https:\\\/\\\/x.com\\\/Spacewell_HQ\"]},{\"@type\":\"Person\",\"@id\":\"https:\\\/\\\/spacewell.com\\\/sv\\\/#\\\/schema\\\/person\\\/3685f2be4f886ed45bb71e672198ef59\",\"name\":\"Ana Sofia Barrera Abisad\",\"image\":{\"@type\":\"ImageObject\",\"inLanguage\":\"sv-SE\",\"@id\":\"https:\\\/\\\/secure.gravatar.com\\\/avatar\\\/6ae994df617ffa58a62d0e38830be6999fb9afbeb6a7463c1935fe87ae7d6dfe?s=96&d=mm&r=g\",\"url\":\"https:\\\/\\\/secure.gravatar.com\\\/avatar\\\/6ae994df617ffa58a62d0e38830be6999fb9afbeb6a7463c1935fe87ae7d6dfe?s=96&d=mm&r=g\",\"contentUrl\":\"https:\\\/\\\/secure.gravatar.com\\\/avatar\\\/6ae994df617ffa58a62d0e38830be6999fb9afbeb6a7463c1935fe87ae7d6dfe?s=96&d=mm&r=g\",\"caption\":\"Ana Sofia Barrera Abisad\"},\"url\":\"https:\\\/\\\/spacewell.com\\\/sv\\\/author\\\/ana-sofia-barrera-abisad\\\/\"}]}<\/script>\n<!-- \/ Yoast SEO Premium plugin. -->","yoast_head_json":{"title":"Facility Management n\u00e5r \u00e4ntligen styrelserummet | Spacewell","description":"I KompasMedia ber\u00e4ttar John Van Tessel om hur fastighetsf\u00f6rvaltning h\u00e5ller p\u00e5 att bli en strategisk drivkraft f\u00f6r effektivitet och h\u00e5llbarhet.","robots":{"index":"index","follow":"follow","max-snippet":"max-snippet:-1","max-image-preview":"max-image-preview:large","max-video-preview":"max-video-preview:-1"},"canonical":"https:\/\/spacewell.com\/sv\/resurser\/blogg\/facility-management-finally-reaches-the-boardroom\/","og_locale":"sv_SE","og_type":"article","og_title":"Facility Management n\u00e5r \u00e4ntligen styrelserummet","og_description":"I KompasMedia ber\u00e4ttar John Van Tessel om hur fastighetsf\u00f6rvaltning h\u00e5ller p\u00e5 att bli en strategisk drivkraft f\u00f6r effektivitet och h\u00e5llbarhet.","og_url":"https:\/\/spacewell.com\/sv\/resurser\/blogg\/facility-management-finally-reaches-the-boardroom\/","og_site_name":"Spacewell | A Nemetschek Company","article_publisher":"https:\/\/www.facebook.com\/SpacewellHQ","article_published_time":"2026-03-06T13:40:57+00:00","article_modified_time":"2026-03-06T15:05:20+00:00","og_image":[{"width":1024,"height":538,"url":"https:\/\/spacewell.com\/wp-content\/uploads\/2026\/03\/Spacewell-in-KompasMedia-Knack-Magazine-1-2-1024x538.png","type":"image\/png"}],"author":"Ana Sofia Barrera Abisad","twitter_card":"summary_large_image","twitter_creator":"@Spacewell_HQ","twitter_site":"@Spacewell_HQ","twitter_misc":{"Skriven av":"Ana Sofia Barrera Abisad","Ber\u00e4knad l\u00e4stid":"4 minuter"},"schema":{"@context":"https:\/\/schema.org","@graph":[{"@type":"Article","@id":"https:\/\/spacewell.com\/sv\/resurser\/blogg\/facility-management-finally-reaches-the-boardroom\/#article","isPartOf":{"@id":"https:\/\/spacewell.com\/sv\/resurser\/blogg\/facility-management-finally-reaches-the-boardroom\/"},"author":{"name":"Ana Sofia Barrera Abisad","@id":"https:\/\/spacewell.com\/sv\/#\/schema\/person\/3685f2be4f886ed45bb71e672198ef59"},"headline":"Facility Management n\u00e5r \u00e4ntligen styrelserummet","datePublished":"2026-03-06T13:40:57+00:00","dateModified":"2026-03-06T15:05:20+00:00","mainEntityOfPage":{"@id":"https:\/\/spacewell.com\/sv\/resurser\/blogg\/facility-management-finally-reaches-the-boardroom\/"},"wordCount":738,"publisher":{"@id":"https:\/\/spacewell.com\/sv\/#organization"},"image":{"@id":"https:\/\/spacewell.com\/sv\/resurser\/blogg\/facility-management-finally-reaches-the-boardroom\/#primaryimage"},"thumbnailUrl":"https:\/\/spacewell.com\/wp-content\/uploads\/2026\/03\/Spacewell-in-KompasMedia-Knack-Magazine-1-2.png","articleSection":["Blogg","Resurser","Workplace"],"inLanguage":"sv-SE"},{"@type":"WebPage","@id":"https:\/\/spacewell.com\/sv\/resurser\/blogg\/facility-management-finally-reaches-the-boardroom\/","url":"https:\/\/spacewell.com\/sv\/resurser\/blogg\/facility-management-finally-reaches-the-boardroom\/","name":"Facility Management n\u00e5r \u00e4ntligen styrelserummet | Spacewell","isPartOf":{"@id":"https:\/\/spacewell.com\/sv\/#website"},"primaryImageOfPage":{"@id":"https:\/\/spacewell.com\/sv\/resurser\/blogg\/facility-management-finally-reaches-the-boardroom\/#primaryimage"},"image":{"@id":"https:\/\/spacewell.com\/sv\/resurser\/blogg\/facility-management-finally-reaches-the-boardroom\/#primaryimage"},"thumbnailUrl":"https:\/\/spacewell.com\/wp-content\/uploads\/2026\/03\/Spacewell-in-KompasMedia-Knack-Magazine-1-2.png","datePublished":"2026-03-06T13:40:57+00:00","dateModified":"2026-03-06T15:05:20+00:00","description":"I KompasMedia ber\u00e4ttar John Van Tessel om hur fastighetsf\u00f6rvaltning h\u00e5ller p\u00e5 att bli en strategisk drivkraft f\u00f6r effektivitet och h\u00e5llbarhet.","breadcrumb":{"@id":"https:\/\/spacewell.com\/sv\/resurser\/blogg\/facility-management-finally-reaches-the-boardroom\/#breadcrumb"},"inLanguage":"sv-SE","potentialAction":[{"@type":"ReadAction","target":["https:\/\/spacewell.com\/sv\/resurser\/blogg\/facility-management-finally-reaches-the-boardroom\/"]}]},{"@type":"ImageObject","inLanguage":"sv-SE","@id":"https:\/\/spacewell.com\/sv\/resurser\/blogg\/facility-management-finally-reaches-the-boardroom\/#primaryimage","url":"https:\/\/spacewell.com\/wp-content\/uploads\/2026\/03\/Spacewell-in-KompasMedia-Knack-Magazine-1-2.png","contentUrl":"https:\/\/spacewell.com\/wp-content\/uploads\/2026\/03\/Spacewell-in-KompasMedia-Knack-Magazine-1-2.png","width":2350,"height":1234,"caption":"Spacewell i KompasMedia Knack Magazine"},{"@type":"BreadcrumbList","@id":"https:\/\/spacewell.com\/sv\/resurser\/blogg\/facility-management-finally-reaches-the-boardroom\/#breadcrumb","itemListElement":[{"@type":"ListItem","position":1,"name":"Home","item":"https:\/\/spacewell.com\/sv\/"},{"@type":"ListItem","position":2,"name":"Facility Management n\u00e5r \u00e4ntligen styrelserummet"}]},{"@type":"WebSite","@id":"https:\/\/spacewell.com\/sv\/#website","url":"https:\/\/spacewell.com\/sv\/","name":"Spacewell | A Nemetschek Company","description":"Make buildings work for people","publisher":{"@id":"https:\/\/spacewell.com\/sv\/#organization"},"potentialAction":[{"@type":"SearchAction","target":{"@type":"EntryPoint","urlTemplate":"https:\/\/spacewell.com\/sv\/?s={search_term_string}"},"query-input":{"@type":"PropertyValueSpecification","valueRequired":true,"valueName":"search_term_string"}}],"inLanguage":"sv-SE"},{"@type":"Organization","@id":"https:\/\/spacewell.com\/sv\/#organization","name":"Spacewell | A Nemetschek Company","url":"https:\/\/spacewell.com\/sv\/","logo":{"@type":"ImageObject","inLanguage":"sv-SE","@id":"https:\/\/spacewell.com\/sv\/#\/schema\/logo\/image\/","url":"https:\/\/spacewell.com\/wp-content\/uploads\/2023\/05\/spacewell-logo-500x88-1.webp","contentUrl":"https:\/\/spacewell.com\/wp-content\/uploads\/2023\/05\/spacewell-logo-500x88-1.webp","width":500,"height":88,"caption":"Spacewell | A Nemetschek Company"},"image":{"@id":"https:\/\/spacewell.com\/sv\/#\/schema\/logo\/image\/"},"sameAs":["https:\/\/www.facebook.com\/SpacewellHQ","https:\/\/x.com\/Spacewell_HQ"]},{"@type":"Person","@id":"https:\/\/spacewell.com\/sv\/#\/schema\/person\/3685f2be4f886ed45bb71e672198ef59","name":"Ana Sofia Barrera Abisad","image":{"@type":"ImageObject","inLanguage":"sv-SE","@id":"https:\/\/secure.gravatar.com\/avatar\/6ae994df617ffa58a62d0e38830be6999fb9afbeb6a7463c1935fe87ae7d6dfe?s=96&d=mm&r=g","url":"https:\/\/secure.gravatar.com\/avatar\/6ae994df617ffa58a62d0e38830be6999fb9afbeb6a7463c1935fe87ae7d6dfe?s=96&d=mm&r=g","contentUrl":"https:\/\/secure.gravatar.com\/avatar\/6ae994df617ffa58a62d0e38830be6999fb9afbeb6a7463c1935fe87ae7d6dfe?s=96&d=mm&r=g","caption":"Ana Sofia Barrera Abisad"},"url":"https:\/\/spacewell.com\/sv\/author\/ana-sofia-barrera-abisad\/"}]}},"_links":{"self":[{"href":"https:\/\/spacewell.com\/sv\/wp-json\/wp\/v2\/posts\/48022","targetHints":{"allow":["GET"]}}],"collection":[{"href":"https:\/\/spacewell.com\/sv\/wp-json\/wp\/v2\/posts"}],"about":[{"href":"https:\/\/spacewell.com\/sv\/wp-json\/wp\/v2\/types\/post"}],"author":[{"embeddable":true,"href":"https:\/\/spacewell.com\/sv\/wp-json\/wp\/v2\/users\/46"}],"replies":[{"embeddable":true,"href":"https:\/\/spacewell.com\/sv\/wp-json\/wp\/v2\/comments?post=48022"}],"version-history":[{"count":11,"href":"https:\/\/spacewell.com\/sv\/wp-json\/wp\/v2\/posts\/48022\/revisions"}],"predecessor-version":[{"id":48023,"href":"https:\/\/spacewell.com\/sv\/wp-json\/wp\/v2\/posts\/48022\/revisions\/48023"}],"wp:featuredmedia":[{"embeddable":true,"href":"https:\/\/spacewell.com\/sv\/wp-json\/wp\/v2\/media\/48002"}],"wp:attachment":[{"href":"https:\/\/spacewell.com\/sv\/wp-json\/wp\/v2\/media?parent=48022"}],"wp:term":[{"taxonomy":"category","embeddable":true,"href":"https:\/\/spacewell.com\/sv\/wp-json\/wp\/v2\/categories?post=48022"},{"taxonomy":"post_tag","embeddable":true,"href":"https:\/\/spacewell.com\/sv\/wp-json\/wp\/v2\/tags?post=48022"}],"curies":[{"name":"wp","href":"https:\/\/api.w.org\/{rel}","templated":true}]}}