


{"id":9951,"date":"2022-06-13T10:30:00","date_gmt":"2022-06-13T08:30:00","guid":{"rendered":"https:\/\/spacewell.com\/non-classifiee\/spacewell-ouvre-un-nouveau-bureau-hybride-a-arnhem-aux-pays-bas\/"},"modified":"2026-03-03T12:05:29","modified_gmt":"2026-03-03T11:05:29","slug":"spacewell-ouvre-un-nouveau-bureau-hybride-a-arnhem-aux-pays-bas","status":"publish","type":"post","link":"https:\/\/spacewell.com\/fr\/societe\/actualites\/spacewell-ouvre-un-nouveau-bureau-hybride-a-arnhem-aux-pays-bas\/","title":{"rendered":"Spacewell ouvre un nouveau bureau hybride \u00e0 Arnhem, aux Pays-Bas"},"content":{"rendered":"<div class=\"gb-container gb-container-1afc61fa gb-container-5731d80c\">\n\n<p><strong>Heteren\/Arnhem<\/strong>\u00a0\u2013 As Spacewell continues its growth path, it is moving its Dutch offices on June 20 to a prime location in Arnhem. The teams responsible for Spacewell Workplace (formerly <a href=\"https:\/\/spacewell.com\/axxerion\" type=\"link\" id=\"https:\/\/spacewell.com\/axxerion\" target=\"_blank\" rel=\"noreferrer noopener\">Axxerion<\/a>) and the maintenance planning software O-Prognose will then share one inspiring working environment.<\/p>\n\n\n\n<h2 class=\"gb-headline gb-headline-abfdcbc9 gb-headline-text\">Solutions ax\u00e9es sur les personnes<\/h2>\n\n\n\n<p>Spacewell aide les organisations de toutes tailles \u00e0 rendre leurs b\u00e2timents plus centr\u00e9s sur les personnes, plus sains et plus durables. Elle construit et fournit des logiciels en nuage et une technologie num\u00e9rique pour soutenir les employ\u00e9s dans le bureau hybride. Les gestionnaires peuvent exploiter des donn\u00e9es en temps r\u00e9el sur l\u2019occupation des bureaux, l\u2019utilisation de l\u2019espace, la qualit\u00e9 de l\u2019air, la performance des actifs, etc. Ces donn\u00e9es, combin\u00e9es \u00e0 des flux de travail intelligents, leur permettent d\u2019am\u00e9liorer le fonctionnement des b\u00e2timents et l\u2019exp\u00e9rience de travail.<\/p>\n\n\n\n<p>Naturally, Spacewell\u2019s innovative\u00a0<a href=\"https:\/\/spacewell.com\/solutions\/workplace-solutions\/\">Workplace software solutions<\/a>\u00a0will also be integrated into Spacewell\u2019s new work environment in Arnhem and visitors will be able to learn about them on site.<\/p>\n\n\n\n<p>Nouvelle adresse Spacewell Pays-Bas \u00e0 partir du 20 juin : Groningensingel 1 (1er \u00e9tage, aile B), 6835 EA Arnhem.<\/p>\n\n<\/div>","protected":false},"excerpt":{"rendered":"<p>Heteren\/Arnhem\u00a0\u2013 As Spacewell continues its growth path, it is moving its Dutch offices on June 20 to a prime location in Arnhem. The teams responsible for Spacewell Workplace (formerly Axxerion) and the maintenance planning software O-Prognose will then share one inspiring working environment. Solutions ax\u00e9es sur les personnes Spacewell aide les organisations de toutes tailles &#8230; <a title=\"Spacewell ouvre un nouveau bureau hybride \u00e0 Arnhem, aux Pays-Bas\" class=\"read-more\" href=\"https:\/\/spacewell.com\/fr\/societe\/actualites\/spacewell-ouvre-un-nouveau-bureau-hybride-a-arnhem-aux-pays-bas\/\" aria-label=\"En savoir plus sur Spacewell ouvre un nouveau bureau hybride \u00e0 Arnhem, aux Pays-Bas\">Lire plus<\/a><\/p>\n","protected":false},"author":29,"featured_media":6340,"comment_status":"closed","ping_status":"open","sticky":false,"template":"","format":"standard","meta":{"_acf_changed":false,"footnotes":""},"categories":[83],"tags":[],"class_list":["post-9951","post","type-post","status-publish","format-standard","has-post-thumbnail","hentry","category-actualites","generate-columns","tablet-grid-50","mobile-grid-100","grid-parent","grid-50","no-featured-image-padding"],"acf":[],"yoast_head":"<!-- This site is optimized with the Yoast SEO Premium plugin v26.0 (Yoast SEO v27.4) - https:\/\/yoast.com\/product\/yoast-seo-premium-wordpress\/ -->\n<title>Spacewell ouvre un nouveau bureau hybride \u00e0 Arnhem, aux Pays-Bas<\/title>\n<meta name=\"description\" content=\"Spacewell d\u00e9m\u00e9nage ses bureaux n\u00e9erlandais \u00e0 partir du 20 juin \u00e0 Rijnpoort Arnhem : Groningensingel 1 (1er \u00e9tage, aile B), 6835 EA Arnhem.\" \/>\n<meta name=\"robots\" content=\"index, follow, max-snippet:-1, max-image-preview:large, max-video-preview:-1\" \/>\n<link rel=\"canonical\" href=\"https:\/\/spacewell.com\/fr\/societe\/actualites\/spacewell-ouvre-un-nouveau-bureau-hybride-a-arnhem-aux-pays-bas\/\" \/>\n<meta property=\"og:locale\" content=\"fr_FR\" \/>\n<meta property=\"og:type\" content=\"article\" \/>\n<meta property=\"og:title\" content=\"Spacewell ouvre un nouveau bureau hybride \u00e0 Arnhem, aux Pays-Bas\" \/>\n<meta property=\"og:description\" content=\"Spacewell d\u00e9m\u00e9nage ses bureaux n\u00e9erlandais \u00e0 partir du 20 juin \u00e0 Rijnpoort Arnhem : Groningensingel 1 (1er \u00e9tage, aile B), 6835 EA Arnhem.\" \/>\n<meta property=\"og:url\" content=\"https:\/\/spacewell.com\/fr\/societe\/actualites\/spacewell-ouvre-un-nouveau-bureau-hybride-a-arnhem-aux-pays-bas\/\" \/>\n<meta property=\"og:site_name\" content=\"Spacewell | A Nemetschek Company\" \/>\n<meta property=\"article:publisher\" content=\"https:\/\/www.facebook.com\/SpacewellHQ\" \/>\n<meta property=\"article:published_time\" content=\"2022-06-13T08:30:00+00:00\" \/>\n<meta property=\"article:modified_time\" content=\"2026-03-03T11:05:29+00:00\" \/>\n<meta property=\"og:image\" content=\"https:\/\/spacewell.com\/wp-content\/uploads\/2023\/07\/spacewell-harnhem.jpg\" \/>\n\t<meta property=\"og:image:width\" content=\"910\" \/>\n\t<meta property=\"og:image:height\" content=\"523\" \/>\n\t<meta property=\"og:image:type\" content=\"image\/jpeg\" \/>\n<meta name=\"author\" content=\"Marketing Team\" \/>\n<meta name=\"twitter:card\" content=\"summary_large_image\" \/>\n<meta name=\"twitter:creator\" content=\"@Spacewell_HQ\" \/>\n<meta name=\"twitter:site\" content=\"@Spacewell_HQ\" \/>\n<meta name=\"twitter:label1\" content=\"\u00c9crit par\" \/>\n\t<meta name=\"twitter:data1\" content=\"Marketing Team\" \/>\n\t<meta name=\"twitter:label2\" content=\"Dur\u00e9e de lecture estim\u00e9e\" \/>\n\t<meta name=\"twitter:data2\" content=\"1 minute\" \/>\n<script type=\"application\/ld+json\" class=\"yoast-schema-graph\">{\"@context\":\"https:\\\/\\\/schema.org\",\"@graph\":[{\"@type\":\"Article\",\"@id\":\"https:\\\/\\\/spacewell.com\\\/fr\\\/societe\\\/actualites\\\/spacewell-ouvre-un-nouveau-bureau-hybride-a-arnhem-aux-pays-bas\\\/#article\",\"isPartOf\":{\"@id\":\"https:\\\/\\\/spacewell.com\\\/fr\\\/societe\\\/actualites\\\/spacewell-ouvre-un-nouveau-bureau-hybride-a-arnhem-aux-pays-bas\\\/\"},\"author\":{\"name\":\"Marketing Team\",\"@id\":\"https:\\\/\\\/spacewell.com\\\/fr\\\/#\\\/schema\\\/person\\\/56fc87cc20a52c431f3831f2c17e946a\"},\"headline\":\"Spacewell ouvre un nouveau bureau hybride \u00e0 Arnhem, aux Pays-Bas\",\"datePublished\":\"2022-06-13T08:30:00+00:00\",\"dateModified\":\"2026-03-03T11:05:29+00:00\",\"mainEntityOfPage\":{\"@id\":\"https:\\\/\\\/spacewell.com\\\/fr\\\/societe\\\/actualites\\\/spacewell-ouvre-un-nouveau-bureau-hybride-a-arnhem-aux-pays-bas\\\/\"},\"wordCount\":203,\"publisher\":{\"@id\":\"https:\\\/\\\/spacewell.com\\\/fr\\\/#organization\"},\"image\":{\"@id\":\"https:\\\/\\\/spacewell.com\\\/fr\\\/societe\\\/actualites\\\/spacewell-ouvre-un-nouveau-bureau-hybride-a-arnhem-aux-pays-bas\\\/#primaryimage\"},\"thumbnailUrl\":\"https:\\\/\\\/spacewell.com\\\/wp-content\\\/uploads\\\/2023\\\/07\\\/spacewell-harnhem.jpg\",\"articleSection\":[\"Actualit\u00e9s\"],\"inLanguage\":\"fr-FR\"},{\"@type\":\"WebPage\",\"@id\":\"https:\\\/\\\/spacewell.com\\\/fr\\\/societe\\\/actualites\\\/spacewell-ouvre-un-nouveau-bureau-hybride-a-arnhem-aux-pays-bas\\\/\",\"url\":\"https:\\\/\\\/spacewell.com\\\/fr\\\/societe\\\/actualites\\\/spacewell-ouvre-un-nouveau-bureau-hybride-a-arnhem-aux-pays-bas\\\/\",\"name\":\"Spacewell ouvre un nouveau bureau hybride \u00e0 Arnhem, aux Pays-Bas\",\"isPartOf\":{\"@id\":\"https:\\\/\\\/spacewell.com\\\/fr\\\/#website\"},\"primaryImageOfPage\":{\"@id\":\"https:\\\/\\\/spacewell.com\\\/fr\\\/societe\\\/actualites\\\/spacewell-ouvre-un-nouveau-bureau-hybride-a-arnhem-aux-pays-bas\\\/#primaryimage\"},\"image\":{\"@id\":\"https:\\\/\\\/spacewell.com\\\/fr\\\/societe\\\/actualites\\\/spacewell-ouvre-un-nouveau-bureau-hybride-a-arnhem-aux-pays-bas\\\/#primaryimage\"},\"thumbnailUrl\":\"https:\\\/\\\/spacewell.com\\\/wp-content\\\/uploads\\\/2023\\\/07\\\/spacewell-harnhem.jpg\",\"datePublished\":\"2022-06-13T08:30:00+00:00\",\"dateModified\":\"2026-03-03T11:05:29+00:00\",\"description\":\"Spacewell d\u00e9m\u00e9nage ses bureaux n\u00e9erlandais \u00e0 partir du 20 juin \u00e0 Rijnpoort Arnhem : Groningensingel 1 (1er \u00e9tage, aile B), 6835 EA Arnhem.\",\"breadcrumb\":{\"@id\":\"https:\\\/\\\/spacewell.com\\\/fr\\\/societe\\\/actualites\\\/spacewell-ouvre-un-nouveau-bureau-hybride-a-arnhem-aux-pays-bas\\\/#breadcrumb\"},\"inLanguage\":\"fr-FR\",\"potentialAction\":[{\"@type\":\"ReadAction\",\"target\":[\"https:\\\/\\\/spacewell.com\\\/fr\\\/societe\\\/actualites\\\/spacewell-ouvre-un-nouveau-bureau-hybride-a-arnhem-aux-pays-bas\\\/\"]}]},{\"@type\":\"ImageObject\",\"inLanguage\":\"fr-FR\",\"@id\":\"https:\\\/\\\/spacewell.com\\\/fr\\\/societe\\\/actualites\\\/spacewell-ouvre-un-nouveau-bureau-hybride-a-arnhem-aux-pays-bas\\\/#primaryimage\",\"url\":\"https:\\\/\\\/spacewell.com\\\/wp-content\\\/uploads\\\/2023\\\/07\\\/spacewell-harnhem.jpg\",\"contentUrl\":\"https:\\\/\\\/spacewell.com\\\/wp-content\\\/uploads\\\/2023\\\/07\\\/spacewell-harnhem.jpg\",\"width\":910,\"height\":523,\"caption\":\"Moza\u00efque de trois photos du nouveau bureau de Spacewell \u00e0 Arnhem\"},{\"@type\":\"BreadcrumbList\",\"@id\":\"https:\\\/\\\/spacewell.com\\\/fr\\\/societe\\\/actualites\\\/spacewell-ouvre-un-nouveau-bureau-hybride-a-arnhem-aux-pays-bas\\\/#breadcrumb\",\"itemListElement\":[{\"@type\":\"ListItem\",\"position\":1,\"name\":\"Home\",\"item\":\"https:\\\/\\\/spacewell.com\\\/fr\\\/\"},{\"@type\":\"ListItem\",\"position\":2,\"name\":\"Spacewell ouvre un nouveau bureau hybride \u00e0 Arnhem, aux Pays-Bas\"}]},{\"@type\":\"WebSite\",\"@id\":\"https:\\\/\\\/spacewell.com\\\/fr\\\/#website\",\"url\":\"https:\\\/\\\/spacewell.com\\\/fr\\\/\",\"name\":\"Spacewell | A Nemetschek Company\",\"description\":\"Make buildings work for people\",\"publisher\":{\"@id\":\"https:\\\/\\\/spacewell.com\\\/fr\\\/#organization\"},\"potentialAction\":[{\"@type\":\"SearchAction\",\"target\":{\"@type\":\"EntryPoint\",\"urlTemplate\":\"https:\\\/\\\/spacewell.com\\\/fr\\\/?s={search_term_string}\"},\"query-input\":{\"@type\":\"PropertyValueSpecification\",\"valueRequired\":true,\"valueName\":\"search_term_string\"}}],\"inLanguage\":\"fr-FR\"},{\"@type\":\"Organization\",\"@id\":\"https:\\\/\\\/spacewell.com\\\/fr\\\/#organization\",\"name\":\"Spacewell | A Nemetschek Company\",\"url\":\"https:\\\/\\\/spacewell.com\\\/fr\\\/\",\"logo\":{\"@type\":\"ImageObject\",\"inLanguage\":\"fr-FR\",\"@id\":\"https:\\\/\\\/spacewell.com\\\/fr\\\/#\\\/schema\\\/logo\\\/image\\\/\",\"url\":\"https:\\\/\\\/spacewell.com\\\/wp-content\\\/uploads\\\/2023\\\/05\\\/spacewell-logo-500x88-1.webp\",\"contentUrl\":\"https:\\\/\\\/spacewell.com\\\/wp-content\\\/uploads\\\/2023\\\/05\\\/spacewell-logo-500x88-1.webp\",\"width\":500,\"height\":88,\"caption\":\"Spacewell | A Nemetschek Company\"},\"image\":{\"@id\":\"https:\\\/\\\/spacewell.com\\\/fr\\\/#\\\/schema\\\/logo\\\/image\\\/\"},\"sameAs\":[\"https:\\\/\\\/www.facebook.com\\\/SpacewellHQ\",\"https:\\\/\\\/x.com\\\/Spacewell_HQ\"]},{\"@type\":\"Person\",\"@id\":\"https:\\\/\\\/spacewell.com\\\/fr\\\/#\\\/schema\\\/person\\\/56fc87cc20a52c431f3831f2c17e946a\",\"name\":\"Marketing Team\",\"image\":{\"@type\":\"ImageObject\",\"inLanguage\":\"fr-FR\",\"@id\":\"https:\\\/\\\/secure.gravatar.com\\\/avatar\\\/33dd4b194f6044b53d8410d1a677b226d86f23969442e70903a2b3bd700aac4d?s=96&d=mm&r=g\",\"url\":\"https:\\\/\\\/secure.gravatar.com\\\/avatar\\\/33dd4b194f6044b53d8410d1a677b226d86f23969442e70903a2b3bd700aac4d?s=96&d=mm&r=g\",\"contentUrl\":\"https:\\\/\\\/secure.gravatar.com\\\/avatar\\\/33dd4b194f6044b53d8410d1a677b226d86f23969442e70903a2b3bd700aac4d?s=96&d=mm&r=g\",\"caption\":\"Marketing Team\"},\"url\":\"https:\\\/\\\/spacewell.com\\\/fr\\\/author\\\/marketing-team\\\/\"}]}<\/script>\n<!-- \/ Yoast SEO Premium plugin. -->","yoast_head_json":{"title":"Spacewell ouvre un nouveau bureau hybride \u00e0 Arnhem, aux Pays-Bas","description":"Spacewell d\u00e9m\u00e9nage ses bureaux n\u00e9erlandais \u00e0 partir du 20 juin \u00e0 Rijnpoort Arnhem : Groningensingel 1 (1er \u00e9tage, aile B), 6835 EA Arnhem.","robots":{"index":"index","follow":"follow","max-snippet":"max-snippet:-1","max-image-preview":"max-image-preview:large","max-video-preview":"max-video-preview:-1"},"canonical":"https:\/\/spacewell.com\/fr\/societe\/actualites\/spacewell-ouvre-un-nouveau-bureau-hybride-a-arnhem-aux-pays-bas\/","og_locale":"fr_FR","og_type":"article","og_title":"Spacewell ouvre un nouveau bureau hybride \u00e0 Arnhem, aux Pays-Bas","og_description":"Spacewell d\u00e9m\u00e9nage ses bureaux n\u00e9erlandais \u00e0 partir du 20 juin \u00e0 Rijnpoort Arnhem : Groningensingel 1 (1er \u00e9tage, aile B), 6835 EA Arnhem.","og_url":"https:\/\/spacewell.com\/fr\/societe\/actualites\/spacewell-ouvre-un-nouveau-bureau-hybride-a-arnhem-aux-pays-bas\/","og_site_name":"Spacewell | A Nemetschek Company","article_publisher":"https:\/\/www.facebook.com\/SpacewellHQ","article_published_time":"2022-06-13T08:30:00+00:00","article_modified_time":"2026-03-03T11:05:29+00:00","og_image":[{"width":910,"height":523,"url":"https:\/\/spacewell.com\/wp-content\/uploads\/2023\/07\/spacewell-harnhem.jpg","type":"image\/jpeg"}],"author":"Marketing Team","twitter_card":"summary_large_image","twitter_creator":"@Spacewell_HQ","twitter_site":"@Spacewell_HQ","twitter_misc":{"\u00c9crit par":"Marketing Team","Dur\u00e9e de lecture estim\u00e9e":"1 minute"},"schema":{"@context":"https:\/\/schema.org","@graph":[{"@type":"Article","@id":"https:\/\/spacewell.com\/fr\/societe\/actualites\/spacewell-ouvre-un-nouveau-bureau-hybride-a-arnhem-aux-pays-bas\/#article","isPartOf":{"@id":"https:\/\/spacewell.com\/fr\/societe\/actualites\/spacewell-ouvre-un-nouveau-bureau-hybride-a-arnhem-aux-pays-bas\/"},"author":{"name":"Marketing Team","@id":"https:\/\/spacewell.com\/fr\/#\/schema\/person\/56fc87cc20a52c431f3831f2c17e946a"},"headline":"Spacewell ouvre un nouveau bureau hybride \u00e0 Arnhem, aux Pays-Bas","datePublished":"2022-06-13T08:30:00+00:00","dateModified":"2026-03-03T11:05:29+00:00","mainEntityOfPage":{"@id":"https:\/\/spacewell.com\/fr\/societe\/actualites\/spacewell-ouvre-un-nouveau-bureau-hybride-a-arnhem-aux-pays-bas\/"},"wordCount":203,"publisher":{"@id":"https:\/\/spacewell.com\/fr\/#organization"},"image":{"@id":"https:\/\/spacewell.com\/fr\/societe\/actualites\/spacewell-ouvre-un-nouveau-bureau-hybride-a-arnhem-aux-pays-bas\/#primaryimage"},"thumbnailUrl":"https:\/\/spacewell.com\/wp-content\/uploads\/2023\/07\/spacewell-harnhem.jpg","articleSection":["Actualit\u00e9s"],"inLanguage":"fr-FR"},{"@type":"WebPage","@id":"https:\/\/spacewell.com\/fr\/societe\/actualites\/spacewell-ouvre-un-nouveau-bureau-hybride-a-arnhem-aux-pays-bas\/","url":"https:\/\/spacewell.com\/fr\/societe\/actualites\/spacewell-ouvre-un-nouveau-bureau-hybride-a-arnhem-aux-pays-bas\/","name":"Spacewell ouvre un nouveau bureau hybride \u00e0 Arnhem, aux Pays-Bas","isPartOf":{"@id":"https:\/\/spacewell.com\/fr\/#website"},"primaryImageOfPage":{"@id":"https:\/\/spacewell.com\/fr\/societe\/actualites\/spacewell-ouvre-un-nouveau-bureau-hybride-a-arnhem-aux-pays-bas\/#primaryimage"},"image":{"@id":"https:\/\/spacewell.com\/fr\/societe\/actualites\/spacewell-ouvre-un-nouveau-bureau-hybride-a-arnhem-aux-pays-bas\/#primaryimage"},"thumbnailUrl":"https:\/\/spacewell.com\/wp-content\/uploads\/2023\/07\/spacewell-harnhem.jpg","datePublished":"2022-06-13T08:30:00+00:00","dateModified":"2026-03-03T11:05:29+00:00","description":"Spacewell d\u00e9m\u00e9nage ses bureaux n\u00e9erlandais \u00e0 partir du 20 juin \u00e0 Rijnpoort Arnhem : Groningensingel 1 (1er \u00e9tage, aile B), 6835 EA Arnhem.","breadcrumb":{"@id":"https:\/\/spacewell.com\/fr\/societe\/actualites\/spacewell-ouvre-un-nouveau-bureau-hybride-a-arnhem-aux-pays-bas\/#breadcrumb"},"inLanguage":"fr-FR","potentialAction":[{"@type":"ReadAction","target":["https:\/\/spacewell.com\/fr\/societe\/actualites\/spacewell-ouvre-un-nouveau-bureau-hybride-a-arnhem-aux-pays-bas\/"]}]},{"@type":"ImageObject","inLanguage":"fr-FR","@id":"https:\/\/spacewell.com\/fr\/societe\/actualites\/spacewell-ouvre-un-nouveau-bureau-hybride-a-arnhem-aux-pays-bas\/#primaryimage","url":"https:\/\/spacewell.com\/wp-content\/uploads\/2023\/07\/spacewell-harnhem.jpg","contentUrl":"https:\/\/spacewell.com\/wp-content\/uploads\/2023\/07\/spacewell-harnhem.jpg","width":910,"height":523,"caption":"Moza\u00efque de trois photos du nouveau bureau de Spacewell \u00e0 Arnhem"},{"@type":"BreadcrumbList","@id":"https:\/\/spacewell.com\/fr\/societe\/actualites\/spacewell-ouvre-un-nouveau-bureau-hybride-a-arnhem-aux-pays-bas\/#breadcrumb","itemListElement":[{"@type":"ListItem","position":1,"name":"Home","item":"https:\/\/spacewell.com\/fr\/"},{"@type":"ListItem","position":2,"name":"Spacewell ouvre un nouveau bureau hybride \u00e0 Arnhem, aux Pays-Bas"}]},{"@type":"WebSite","@id":"https:\/\/spacewell.com\/fr\/#website","url":"https:\/\/spacewell.com\/fr\/","name":"Spacewell | A Nemetschek Company","description":"Make buildings work for people","publisher":{"@id":"https:\/\/spacewell.com\/fr\/#organization"},"potentialAction":[{"@type":"SearchAction","target":{"@type":"EntryPoint","urlTemplate":"https:\/\/spacewell.com\/fr\/?s={search_term_string}"},"query-input":{"@type":"PropertyValueSpecification","valueRequired":true,"valueName":"search_term_string"}}],"inLanguage":"fr-FR"},{"@type":"Organization","@id":"https:\/\/spacewell.com\/fr\/#organization","name":"Spacewell | A Nemetschek Company","url":"https:\/\/spacewell.com\/fr\/","logo":{"@type":"ImageObject","inLanguage":"fr-FR","@id":"https:\/\/spacewell.com\/fr\/#\/schema\/logo\/image\/","url":"https:\/\/spacewell.com\/wp-content\/uploads\/2023\/05\/spacewell-logo-500x88-1.webp","contentUrl":"https:\/\/spacewell.com\/wp-content\/uploads\/2023\/05\/spacewell-logo-500x88-1.webp","width":500,"height":88,"caption":"Spacewell | A Nemetschek Company"},"image":{"@id":"https:\/\/spacewell.com\/fr\/#\/schema\/logo\/image\/"},"sameAs":["https:\/\/www.facebook.com\/SpacewellHQ","https:\/\/x.com\/Spacewell_HQ"]},{"@type":"Person","@id":"https:\/\/spacewell.com\/fr\/#\/schema\/person\/56fc87cc20a52c431f3831f2c17e946a","name":"Marketing Team","image":{"@type":"ImageObject","inLanguage":"fr-FR","@id":"https:\/\/secure.gravatar.com\/avatar\/33dd4b194f6044b53d8410d1a677b226d86f23969442e70903a2b3bd700aac4d?s=96&d=mm&r=g","url":"https:\/\/secure.gravatar.com\/avatar\/33dd4b194f6044b53d8410d1a677b226d86f23969442e70903a2b3bd700aac4d?s=96&d=mm&r=g","contentUrl":"https:\/\/secure.gravatar.com\/avatar\/33dd4b194f6044b53d8410d1a677b226d86f23969442e70903a2b3bd700aac4d?s=96&d=mm&r=g","caption":"Marketing Team"},"url":"https:\/\/spacewell.com\/fr\/author\/marketing-team\/"}]}},"_links":{"self":[{"href":"https:\/\/spacewell.com\/fr\/wp-json\/wp\/v2\/posts\/9951","targetHints":{"allow":["GET"]}}],"collection":[{"href":"https:\/\/spacewell.com\/fr\/wp-json\/wp\/v2\/posts"}],"about":[{"href":"https:\/\/spacewell.com\/fr\/wp-json\/wp\/v2\/types\/post"}],"author":[{"embeddable":true,"href":"https:\/\/spacewell.com\/fr\/wp-json\/wp\/v2\/users\/29"}],"replies":[{"embeddable":true,"href":"https:\/\/spacewell.com\/fr\/wp-json\/wp\/v2\/comments?post=9951"}],"version-history":[{"count":11,"href":"https:\/\/spacewell.com\/fr\/wp-json\/wp\/v2\/posts\/9951\/revisions"}],"predecessor-version":[{"id":47696,"href":"https:\/\/spacewell.com\/fr\/wp-json\/wp\/v2\/posts\/9951\/revisions\/47696"}],"wp:featuredmedia":[{"embeddable":true,"href":"https:\/\/spacewell.com\/fr\/wp-json\/wp\/v2\/media\/6340"}],"wp:attachment":[{"href":"https:\/\/spacewell.com\/fr\/wp-json\/wp\/v2\/media?parent=9951"}],"wp:term":[{"taxonomy":"category","embeddable":true,"href":"https:\/\/spacewell.com\/fr\/wp-json\/wp\/v2\/categories?post=9951"},{"taxonomy":"post_tag","embeddable":true,"href":"https:\/\/spacewell.com\/fr\/wp-json\/wp\/v2\/tags?post=9951"}],"curies":[{"name":"wp","href":"https:\/\/api.w.org\/{rel}","templated":true}]}}