


{"id":38340,"date":"2023-01-13T13:11:33","date_gmt":"2023-01-13T12:11:33","guid":{"rendered":"https:\/\/spacewell.com\/non-classifiee\/etat-des-lieux-de-la-situation-energetique-des-entreprises-rapport-enquete-2022\/"},"modified":"2023-01-13T13:11:33","modified_gmt":"2023-01-13T12:11:33","slug":"etat-des-lieux-de-la-situation-energetique-des-entreprises-rapport-enquete-2022","status":"publish","type":"post","link":"https:\/\/spacewell.com\/fr\/ressources\/blog\/etat-des-lieux-de-la-situation-energetique-des-entreprises-rapport-enquete-2022\/","title":{"rendered":"\u00c9tat des Lieux de la Situation \u00c9nerg\u00e9tique des Entreprises [Rapport Enqu\u00eate 2022]"},"content":{"rendered":"<div class=\"gb-container gb-container-d807e79e gb-container-5731d80c\">\n<p><span style=\"font-weight: 400;\">En d\u00e9cembre dernier, nous faisions appel \u00e0 vous pour participer \u00e0 notre <\/span><b>enqu\u00eate sur la Gestion de l\u2019\u00c9nergie<\/b><span style=\"font-weight: 400;\"> et vous avez \u00e9t\u00e9 <\/span><b>plus de 250 \u00e0 r\u00e9pondre<\/b><span style=\"font-weight: 400;\"> \u00e0 l\u2019appel ! Dans cette enqu\u00eate, nous avons souhait\u00e9 interroger des <\/span><b>entreprises directement li\u00e9es \u00e0 l\u2019\u00e9nergie<\/b><span style=\"font-weight: 400;\">, telles que les ESCO ou les fournisseurs d\u2019\u00e9nergie mais aussi des entreprises d\u2019autres secteurs tels que ceux du tertiaire ou du facility management. Ainsi, nous avons analys\u00e9 et synth\u00e9tis\u00e9 les r\u00e9sultats obtenus afin de dresser un aper\u00e7u global de l\u2019opinion de tous ces professionnels quant aux <\/span><b>d\u00e9fis et tendances en mati\u00e8re de gestion de l\u2019\u00e9nergie<\/b><span style=\"font-weight: 400;\">.\u00a0<\/span><\/p>\n<p><span style=\"font-weight: 400;\">Pour en savoir plus sur les d\u00e9fis, priorit\u00e9s et tendances en termes de gestion de l\u2019\u00e9nergie en 2022, nous vous invitons \u00e0 <\/span><a href=\"https:\/\/get.dexma.com\/rapport-enquete-gestion-de-lenergie-2022\"><b>lire notre rapport ici<\/b><\/a><span style=\"font-weight: 400;\">.\u00a0<\/span><\/p>\n<p><!--HubSpot Call-to-Action Code --><span id=\"hs-cta-wrapper-0bb6e390-a146-4c06-841c-4557112e4c48\" class=\"hs-cta-wrapper\"><span id=\"hs-cta-0bb6e390-a146-4c06-841c-4557112e4c48\" class=\"hs-cta-node hs-cta-0bb6e390-a146-4c06-841c-4557112e4c48\"><!-- [if lte IE 8]>\n\n\n\n\n<div id=\"hs-cta-ie-element\"><\/div>\n\n\n\n\n<![endif]--><a href=\"https:\/\/cta-redirect.hubspot.com\/cta\/redirect\/437281\/0bb6e390-a146-4c06-841c-4557112e4c48\" target=\"_blank\" rel=\"noopener\"><img decoding=\"async\" id=\"hs-cta-img-0bb6e390-a146-4c06-841c-4557112e4c48\" class=\"hs-cta-img\" style=\"border-width: 0px;\" src=\"https:\/\/no-cache.hubspot.com\/cta\/default\/437281\/0bb6e390-a146-4c06-841c-4557112e4c48.png\" alt=\"Gestion de l\u2019\u00c9nergie en 2022 : Lire le rapport [Enqu\u00eate] | Dexma\" \/><\/a><\/span><script charset=\"utf-8\" src=\"https:\/\/js.hscta.net\/cta\/current.js\"><\/script><script type=\"text\/javascript\"> hbspt.cta.load(437281, '0bb6e390-a146-4c06-841c-4557112e4c48', {\"useNewLoader\":\"true\",\"region\":\"na1\"}); <\/script><\/span><!-- end HubSpot Call-to-Action Code --><\/p>\n<h2><span style=\"font-weight: 400; color: #003f6b;\">Impact des Co\u00fbts \u00c9nerg\u00e9tiques<\/span><\/h2>\n<p><span style=\"font-weight: 400;\">Sans surprise, la hausse des co\u00fbts de l&rsquo;\u00e9nergie en 2022 fut l&rsquo;un des principales constatations des entreprises en 2022<\/span><span style=\"font-weight: 400;\">. Que ce soit pour des motivations financi\u00e8res,de durabilit\u00e9 ou de respect de r\u00e9glementation, le constat est sans appel : <\/span><b>les organisations souhaitent consommer moins et mieux<\/b><span style=\"font-weight: 400;\">.<\/span><\/p>\n<p><span style=\"font-weight: 400;\">Les <\/span><b>co\u00fbts \u00e9nerg\u00e9tiques<\/b><span style=\"font-weight: 400;\"> des entreprises, quel que soit le secteur, sur la base des r\u00e9ponses \u00e0 cette enqu\u00eate, ont d\u00e9pass\u00e9 le million d&rsquo;euros en 2022. Malheureusement, cette tendance est l\u00e0 pour rester. Selon les chiffres du gouvernement, en <\/span><a href=\"https:\/\/www.ecologie.gouv.fr\/premiere-ministre-annonce-serie-mesures-accompagner-entreprises-collectivites-et-etablissements#:~:text=En%202023%2C%20les%20prix%20des,annonc%C3%A9%20une%20s%C3%A9rie%20de%20mesures.\" target=\"_blank\" rel=\"noopener\"><span style=\"font-weight: 400;\">2023, les prix des march\u00e9s du gaz et de l\u2019\u00e9lectricit\u00e9 seront plus de 10 fois sup\u00e9rieurs \u00e0 ceux de 2020<\/span><\/a><span style=\"font-weight: 400;\">.<\/span><\/p>\n<p style=\"text-align: center;\"><img loading=\"lazy\" decoding=\"async\" class=\"aligncenter wp-image-48052 size-large\" src=\"https:\/\/www.dexma.com\/wp-content\/uploads\/2023\/01\/Energy-Efficiency-Survey-2022-Graphics-4-1400x787.png\" alt=\"Impact des Co\u00fbts \u00c9nerg\u00e9tiques - Enqu\u00eate Dexma Gestion de l'\u00e9nergie 2022\" width=\"640\" height=\"360\" srcset=\"https:\/\/www.dexma.com\/wp-content\/uploads\/2023\/01\/Energy-Efficiency-Survey-2022-Graphics-4-1400x787.png 1400w, https:\/\/www.dexma.com\/wp-content\/uploads\/2023\/01\/Energy-Efficiency-Survey-2022-Graphics-4-300x169.png 300w, https:\/\/www.dexma.com\/wp-content\/uploads\/2023\/01\/Energy-Efficiency-Survey-2022-Graphics-4-768x432.png 768w, https:\/\/www.dexma.com\/wp-content\/uploads\/2023\/01\/Energy-Efficiency-Survey-2022-Graphics-4-1536x864.png 1536w, https:\/\/www.dexma.com\/wp-content\/uploads\/2023\/01\/Energy-Efficiency-Survey-2022-Graphics-4.png 1750w\" sizes=\"auto, (max-width: 640px) 100vw, 640px\" \/><\/p>\n<p><span style=\"font-weight: 400;\">Cette hausse des co\u00fbts, nous le verrons plus bas, a eu un <\/span><b>impact direct sur la gestion de l\u2019\u00e9nergie des entreprises <\/b><span style=\"font-weight: 400;\">et donc sur leur fa\u00e7on d\u2019appr\u00e9hender leur consommation. C\u2019est ici que les ESCO (ou Entreprises de Services \u00c9nerg\u00e9tiques en fran\u00e7ais) sont intervenues en leur fournissant l\u2019aide dont elles avaient besoin pour atteindre leurs <\/span><b>objectifs d\u2019efficacit\u00e9 \u00e9nerg\u00e9tique<\/b><span style=\"font-weight: 400;\">. En effet, le rapport de cette enqu\u00eate montre que celles-ci ont vu leur nombre de projets augmenter en 2022, pour 58% d\u2019entres elles.<\/span><\/p>\n<h2><span style=\"font-weight: 400; color: #003f6b;\">Principales Sources de Consommation de l\u2019\u00c9nergie<\/span><\/h2>\n<p><span style=\"font-weight: 400;\">Cette ann\u00e9e, nous avons \u00e0 nouveau demand\u00e9 quelles \u00e9taient les plus grandes sources de consommations \u00e9nerg\u00e9tiques au sein de l\u2019entreprise. La r\u00e9ponse est du m\u00eame ordre que les ann\u00e9es pr\u00e9c\u00e9dentes. Comme le montrent 61% des r\u00e9ponses, les <\/span><b>syst\u00e8mes de climatisation et de chauffage<\/b><span style=\"font-weight: 400;\"> restent les domaines o\u00f9 les organisations d\u00e9pensent le plus d&rsquo;\u00e9nergie et d&rsquo;argent. Viennent ensuite les <\/span><b>\u00e9quipements industriels et les \u00e9quipements de bureau<\/b><span style=\"font-weight: 400;\"> (ordinateurs, \u00e9crans, imprimantes, etc.).<\/span><\/p>\n<p><span style=\"font-weight: 400;\">L&rsquo;\u00e9clairage, qui dans les \u00e9ditions pr\u00e9c\u00e9dentes \u00e9tait en t\u00eate de liste en termes de consommation d&rsquo;\u00e9nergie, n&rsquo;a plus \u00e9t\u00e9 mentionn\u00e9 par aucun de nos participants. Leurs mesures d&rsquo;\u00e9conomies d&rsquo;\u00e9nergie, le passage \u00e0 l&rsquo;\u00e9clairage LED, les d\u00e9tecteurs de mouvement pour \u00e9teindre les lumi\u00e8res, la sensibilisation des utilisateurs \u00e0 la consommation d\u2019\u00e9nergie\u2026 Tous ces facteurs permettent de mieux contr\u00f4ler cet aspect \u00e9nerg\u00e9tique des b\u00e2timents.<\/span><span style=\"font-weight: 400;\">\u00a0<\/span><\/p>\n<h2><span style=\"font-weight: 400; color: #003f6b;\"><img loading=\"lazy\" decoding=\"async\" class=\"aligncenter wp-image-48002 size-large\" src=\"https:\/\/www.dexma.com\/wp-content\/uploads\/2023\/01\/Energy-Efficiency-Survey-2022-Graphics-1-1400x787.png\" alt=\"Principales Sources de Graphique - Consommation de l\u2019\u00c9nergie - Rapport Enqu\u00eate Gestion de l'\u00c9nergie Dexma 2022 \" width=\"640\" height=\"360\" srcset=\"https:\/\/www.dexma.com\/wp-content\/uploads\/2023\/01\/Energy-Efficiency-Survey-2022-Graphics-1-1400x787.png 1400w, https:\/\/www.dexma.com\/wp-content\/uploads\/2023\/01\/Energy-Efficiency-Survey-2022-Graphics-1-300x169.png 300w, https:\/\/www.dexma.com\/wp-content\/uploads\/2023\/01\/Energy-Efficiency-Survey-2022-Graphics-1-768x432.png 768w, https:\/\/www.dexma.com\/wp-content\/uploads\/2023\/01\/Energy-Efficiency-Survey-2022-Graphics-1-1536x864.png 1536w, https:\/\/www.dexma.com\/wp-content\/uploads\/2023\/01\/Energy-Efficiency-Survey-2022-Graphics-1.png 1750w\" sizes=\"auto, (max-width: 640px) 100vw, 640px\" \/><\/span><\/h2>\n<h2><span style=\"font-weight: 400; color: #003f6b;\">Plan d\u2019\u00c9conomie d\u2019\u00c9nergie<\/span><\/h2>\n<p><span style=\"font-weight: 400;\">Une des cons\u00e9quences directes des constats \u00e9tablis ci-dessus est bien \u00e9videmment la prise de conscience et le sentiment d\u2019urgence de la part des entreprises de faire des <\/span><b>\u00e9conomies d\u2019\u00e9nergie et d&rsquo;optimiser l\u2019efficacit\u00e9 \u00e9nerg\u00e9tique<\/b><span style=\"font-weight: 400;\"> au sein des b\u00e2timents.\u00a0<\/span><\/p>\n<p><span style=\"font-weight: 400;\">L&rsquo;\u00e9nergie n&rsquo;est plus un sujet que la soci\u00e9t\u00e9 peut se permettre d&rsquo;ignorer. Les co\u00fbts \u00e9lev\u00e9s ou encore l\u2019impact sur l&rsquo;environnement font que les entreprises cherchent \u00e0 effectuer des \u00e9conomies d&rsquo;\u00e9nergie et \u00e0 fixer des objectifs de r\u00e9duction des \u00e9missions. 65% des participants confirment que leurs organisations ont mis en place des plans d&rsquo;\u00e9conomie d&rsquo;\u00e9nergie en 2022, et 27% envisagent d&rsquo;en suivre un en 2023.\u00a0<\/span><\/p>\n<p style=\"text-align: center;\"><img loading=\"lazy\" decoding=\"async\" class=\"aligncenter wp-image-48008 size-large\" src=\"https:\/\/www.dexma.com\/wp-content\/uploads\/2023\/01\/FR-Energy-Survey-Report-Infographics-Energy-plan-for-EC-Q11e-1400x787.png\" alt=\"Plan d\u2019\u00c9conomie d\u2019\u00c9nergie - Rapport enqu\u00eate gestion de l'\u00e9nergie 2022 - Dexma \" width=\"640\" height=\"360\" srcset=\"https:\/\/www.dexma.com\/wp-content\/uploads\/2023\/01\/FR-Energy-Survey-Report-Infographics-Energy-plan-for-EC-Q11e-1400x787.png 1400w, https:\/\/www.dexma.com\/wp-content\/uploads\/2023\/01\/FR-Energy-Survey-Report-Infographics-Energy-plan-for-EC-Q11e-300x169.png 300w, https:\/\/www.dexma.com\/wp-content\/uploads\/2023\/01\/FR-Energy-Survey-Report-Infographics-Energy-plan-for-EC-Q11e-768x432.png 768w, https:\/\/www.dexma.com\/wp-content\/uploads\/2023\/01\/FR-Energy-Survey-Report-Infographics-Energy-plan-for-EC-Q11e-1536x864.png 1536w, https:\/\/www.dexma.com\/wp-content\/uploads\/2023\/01\/FR-Energy-Survey-Report-Infographics-Energy-plan-for-EC-Q11e.png 1540w\" sizes=\"auto, (max-width: 640px) 100vw, 640px\" \/><\/p>\n<p><span style=\"font-weight: 400;\">Parmi les 65% qui ont d\u00e9j\u00e0 un plan d&rsquo;efficacit\u00e9 \u00e9nerg\u00e9tique, plus de <\/span><b>la moiti\u00e9 consid\u00e8re qu&rsquo;il est efficace<\/b><span style=\"font-weight: 400;\"> et fonctionne correctement. Une am\u00e9lioration est \u00e0 noter par rapport \u00e0 l&rsquo;enqu\u00eate de l\u2019ann\u00e9e pr\u00e9c\u00e9dente puisque seuls 29% consid\u00e9raient que leur strat\u00e9gie d&rsquo;efficacit\u00e9 \u00e9nerg\u00e9tique \u00e9tait efficace et utile en 2021.<\/span><\/p>\n<p><span style=\"font-weight: 400;\">Enfin, si ce n\u2019est pour des raisons financi\u00e8res, les entreprises sont fortement pouss\u00e9es \u00e0 mettre en place des mesures depuis l\u2019annonce d\u2019un <\/span><b>Plan de Sobri\u00e9t\u00e9 \u00c9nerg\u00e9tique<\/b><span style=\"font-weight: 400;\"> de la part du gouvernement. En effet, en octobre 2022, celui-ci appelait \u00e0 la mobilisation g\u00e9n\u00e9rale de toutes les entreprises pour atteindre l\u2019objectif fix\u00e9 : <\/span><b>baisser de 10 % notre consommation<\/b><span style=\"font-weight: 400;\"> d\u2019ici 2024.<\/span><\/p>\n<p><span style=\"font-weight: 400;\">Ainsi, vous l\u2019aurez compris, l\u2019heure est la <\/span><b>sobri\u00e9t\u00e9 et l\u2019efficacit\u00e9 \u00e9nerg\u00e9tique<\/b><span style=\"font-weight: 400;\"> pour beaucoup d\u2019entreprises, quel que soit leur secteur. Dans ce rapport, nous faisons un tour d\u2019horizon des principales <\/span><b>tendances en termes de d\u00e9fis et d\u2019objectifs<\/b><span style=\"font-weight: 400;\"> \u00e9nerg\u00e9tiques pour les entreprises. Si vous souhaitez d\u00e9couvrir la synth\u00e8se des r\u00e9ponses des plus de 250 participants, nous vous invitons \u00e0 <\/span><b>t\u00e9l\u00e9charger le PDF gratuitement en cliquant ci-dessous<\/b><span style=\"font-weight: 400;\">.\u00a0<\/span><\/p>\n<p><!--HubSpot Call-to-Action Code --><span id=\"hs-cta-wrapper-2a6389b3-12a1-4b38-9598-7b1c529c81b5\" class=\"hs-cta-wrapper\"><span id=\"hs-cta-2a6389b3-12a1-4b38-9598-7b1c529c81b5\" class=\"hs-cta-node hs-cta-2a6389b3-12a1-4b38-9598-7b1c529c81b5\"><!-- [if lte IE 8]>\n\n\n\n\n<div id=\"hs-cta-ie-element\"><\/div>\n\n\n\n\n<![endif]--><a href=\"https:\/\/cta-redirect.hubspot.com\/cta\/redirect\/437281\/2a6389b3-12a1-4b38-9598-7b1c529c81b5\" target=\"_blank\" rel=\"noopener\"><img decoding=\"async\" id=\"hs-cta-img-2a6389b3-12a1-4b38-9598-7b1c529c81b5\" class=\"hs-cta-img\" style=\"border-width: 0px;\" src=\"https:\/\/no-cache.hubspot.com\/cta\/default\/437281\/2a6389b3-12a1-4b38-9598-7b1c529c81b5.png\" alt=\"Gestion de l\u2019\u00c9nergie en 2022 : Lire le rapport [Enqu\u00eate] | Dexma\" \/><\/a><\/span><script charset=\"utf-8\" src=\"https:\/\/js.hscta.net\/cta\/current.js\"><\/script><script type=\"text\/javascript\"> hbspt.cta.load(437281, '2a6389b3-12a1-4b38-9598-7b1c529c81b5', {\"useNewLoader\":\"true\",\"region\":\"na1\"}); <\/script><\/span><!-- end HubSpot Call-to-Action Code --><\/p>\n<\/div>\n","protected":false},"excerpt":{"rendered":"<p>En d\u00e9cembre dernier, nous faisions appel \u00e0 vous pour participer \u00e0 notre enqu\u00eate sur la Gestion de l\u2019\u00c9nergie et vous avez \u00e9t\u00e9 plus de 250 \u00e0 r\u00e9pondre \u00e0 l\u2019appel ! Dans cette enqu\u00eate, nous avons souhait\u00e9 interroger des entreprises directement li\u00e9es \u00e0 l\u2019\u00e9nergie, telles que les ESCO ou les fournisseurs d\u2019\u00e9nergie mais aussi des entreprises [&hellip;]<\/p>\n","protected":false},"author":39,"featured_media":35623,"comment_status":"","ping_status":"open","sticky":false,"template":"","format":"standard","meta":{"_acf_changed":false,"footnotes":""},"categories":[34],"tags":[],"class_list":["post-38340","post","type-post","status-publish","format-standard","has-post-thumbnail","hentry","category-blog","generate-columns","tablet-grid-50","mobile-grid-100","grid-parent","grid-50","no-featured-image-padding"],"acf":[],"yoast_head":"<!-- This site is optimized with the Yoast SEO Premium plugin v26.0 (Yoast SEO v27.5) - https:\/\/yoast.com\/product\/yoast-seo-premium-wordpress\/ -->\n<title>\u00c9tat des Lieux de la Situation \u00c9nerg\u00e9tique des Entreprises [Rapport Enqu\u00eate 2022] - Spacewell | A Nemetschek Company<\/title>\n<meta name=\"robots\" content=\"index, follow, max-snippet:-1, max-image-preview:large, max-video-preview:-1\" \/>\n<link rel=\"canonical\" href=\"https:\/\/spacewell.com\/fr\/ressources\/blog\/etat-des-lieux-de-la-situation-energetique-des-entreprises-rapport-enquete-2022\/\" \/>\n<meta property=\"og:locale\" content=\"fr_FR\" \/>\n<meta property=\"og:type\" content=\"article\" \/>\n<meta property=\"og:title\" content=\"\u00c9tat des Lieux de la Situation \u00c9nerg\u00e9tique des Entreprises [Rapport Enqu\u00eate 2022]\" \/>\n<meta property=\"og:description\" content=\"En d\u00e9cembre dernier, nous faisions appel \u00e0 vous pour participer \u00e0 notre enqu\u00eate sur la Gestion de l\u2019\u00c9nergie et vous avez \u00e9t\u00e9 plus de 250 \u00e0 r\u00e9pondre \u00e0 l\u2019appel ! Dans cette enqu\u00eate, nous avons souhait\u00e9 interroger des entreprises directement li\u00e9es \u00e0 l\u2019\u00e9nergie, telles que les ESCO ou les fournisseurs d\u2019\u00e9nergie mais aussi des entreprises [&hellip;]\" \/>\n<meta property=\"og:url\" content=\"https:\/\/spacewell.com\/fr\/ressources\/blog\/etat-des-lieux-de-la-situation-energetique-des-entreprises-rapport-enquete-2022\/\" \/>\n<meta property=\"og:site_name\" content=\"Spacewell | A Nemetschek Company\" \/>\n<meta property=\"article:publisher\" content=\"https:\/\/www.facebook.com\/SpacewellHQ\" \/>\n<meta property=\"article:published_time\" content=\"2023-01-13T12:11:33+00:00\" \/>\n<meta property=\"og:image\" content=\"https:\/\/spacewell.com\/wp-content\/uploads\/2023\/01\/Survey-report-2022-Feature-image-blog.png\" \/>\n\t<meta property=\"og:image:width\" content=\"560\" \/>\n\t<meta property=\"og:image:height\" content=\"315\" \/>\n\t<meta property=\"og:image:type\" content=\"image\/png\" \/>\n<meta name=\"author\" content=\"GR DEV\" \/>\n<meta name=\"twitter:card\" content=\"summary_large_image\" \/>\n<meta name=\"twitter:creator\" content=\"@Spacewell_HQ\" \/>\n<meta name=\"twitter:site\" content=\"@Spacewell_HQ\" \/>\n<meta name=\"twitter:label1\" content=\"\u00c9crit par\" \/>\n\t<meta name=\"twitter:data1\" content=\"GR DEV\" \/>\n\t<meta name=\"twitter:label2\" content=\"Dur\u00e9e de lecture estim\u00e9e\" \/>\n\t<meta name=\"twitter:data2\" content=\"4 minutes\" \/>\n<script type=\"application\/ld+json\" class=\"yoast-schema-graph\">{\"@context\":\"https:\\\/\\\/schema.org\",\"@graph\":[{\"@type\":\"Article\",\"@id\":\"https:\\\/\\\/spacewell.com\\\/fr\\\/ressources\\\/blog\\\/etat-des-lieux-de-la-situation-energetique-des-entreprises-rapport-enquete-2022\\\/#article\",\"isPartOf\":{\"@id\":\"https:\\\/\\\/spacewell.com\\\/fr\\\/ressources\\\/blog\\\/etat-des-lieux-de-la-situation-energetique-des-entreprises-rapport-enquete-2022\\\/\"},\"author\":{\"name\":\"GR DEV\",\"@id\":\"https:\\\/\\\/spacewell.com\\\/fr\\\/#\\\/schema\\\/person\\\/3ab9f25a5170063123a203b278975eb8\"},\"headline\":\"\u00c9tat des Lieux de la Situation \u00c9nerg\u00e9tique des Entreprises [Rapport Enqu\u00eate 2022]\",\"datePublished\":\"2023-01-13T12:11:33+00:00\",\"mainEntityOfPage\":{\"@id\":\"https:\\\/\\\/spacewell.com\\\/fr\\\/ressources\\\/blog\\\/etat-des-lieux-de-la-situation-energetique-des-entreprises-rapport-enquete-2022\\\/\"},\"wordCount\":859,\"publisher\":{\"@id\":\"https:\\\/\\\/spacewell.com\\\/fr\\\/#organization\"},\"image\":{\"@id\":\"https:\\\/\\\/spacewell.com\\\/fr\\\/ressources\\\/blog\\\/etat-des-lieux-de-la-situation-energetique-des-entreprises-rapport-enquete-2022\\\/#primaryimage\"},\"thumbnailUrl\":\"https:\\\/\\\/spacewell.com\\\/wp-content\\\/uploads\\\/2023\\\/01\\\/Survey-report-2022-Feature-image-blog.png\",\"articleSection\":[\"Blog\"],\"inLanguage\":\"fr-FR\"},{\"@type\":\"WebPage\",\"@id\":\"https:\\\/\\\/spacewell.com\\\/fr\\\/ressources\\\/blog\\\/etat-des-lieux-de-la-situation-energetique-des-entreprises-rapport-enquete-2022\\\/\",\"url\":\"https:\\\/\\\/spacewell.com\\\/fr\\\/ressources\\\/blog\\\/etat-des-lieux-de-la-situation-energetique-des-entreprises-rapport-enquete-2022\\\/\",\"name\":\"\u00c9tat des Lieux de la Situation \u00c9nerg\u00e9tique des Entreprises [Rapport Enqu\u00eate 2022] - Spacewell | A Nemetschek Company\",\"isPartOf\":{\"@id\":\"https:\\\/\\\/spacewell.com\\\/fr\\\/#website\"},\"primaryImageOfPage\":{\"@id\":\"https:\\\/\\\/spacewell.com\\\/fr\\\/ressources\\\/blog\\\/etat-des-lieux-de-la-situation-energetique-des-entreprises-rapport-enquete-2022\\\/#primaryimage\"},\"image\":{\"@id\":\"https:\\\/\\\/spacewell.com\\\/fr\\\/ressources\\\/blog\\\/etat-des-lieux-de-la-situation-energetique-des-entreprises-rapport-enquete-2022\\\/#primaryimage\"},\"thumbnailUrl\":\"https:\\\/\\\/spacewell.com\\\/wp-content\\\/uploads\\\/2023\\\/01\\\/Survey-report-2022-Feature-image-blog.png\",\"datePublished\":\"2023-01-13T12:11:33+00:00\",\"breadcrumb\":{\"@id\":\"https:\\\/\\\/spacewell.com\\\/fr\\\/ressources\\\/blog\\\/etat-des-lieux-de-la-situation-energetique-des-entreprises-rapport-enquete-2022\\\/#breadcrumb\"},\"inLanguage\":\"fr-FR\",\"potentialAction\":[{\"@type\":\"ReadAction\",\"target\":[\"https:\\\/\\\/spacewell.com\\\/fr\\\/ressources\\\/blog\\\/etat-des-lieux-de-la-situation-energetique-des-entreprises-rapport-enquete-2022\\\/\"]}]},{\"@type\":\"ImageObject\",\"inLanguage\":\"fr-FR\",\"@id\":\"https:\\\/\\\/spacewell.com\\\/fr\\\/ressources\\\/blog\\\/etat-des-lieux-de-la-situation-energetique-des-entreprises-rapport-enquete-2022\\\/#primaryimage\",\"url\":\"https:\\\/\\\/spacewell.com\\\/wp-content\\\/uploads\\\/2023\\\/01\\\/Survey-report-2022-Feature-image-blog.png\",\"contentUrl\":\"https:\\\/\\\/spacewell.com\\\/wp-content\\\/uploads\\\/2023\\\/01\\\/Survey-report-2022-Feature-image-blog.png\",\"width\":560,\"height\":315},{\"@type\":\"BreadcrumbList\",\"@id\":\"https:\\\/\\\/spacewell.com\\\/fr\\\/ressources\\\/blog\\\/etat-des-lieux-de-la-situation-energetique-des-entreprises-rapport-enquete-2022\\\/#breadcrumb\",\"itemListElement\":[{\"@type\":\"ListItem\",\"position\":1,\"name\":\"Home\",\"item\":\"https:\\\/\\\/spacewell.com\\\/fr\\\/\"},{\"@type\":\"ListItem\",\"position\":2,\"name\":\"\u00c9tat des Lieux de la Situation \u00c9nerg\u00e9tique des Entreprises [Rapport Enqu\u00eate 2022]\"}]},{\"@type\":\"WebSite\",\"@id\":\"https:\\\/\\\/spacewell.com\\\/fr\\\/#website\",\"url\":\"https:\\\/\\\/spacewell.com\\\/fr\\\/\",\"name\":\"Spacewell | A Nemetschek Company\",\"description\":\"Make buildings work for people\",\"publisher\":{\"@id\":\"https:\\\/\\\/spacewell.com\\\/fr\\\/#organization\"},\"potentialAction\":[{\"@type\":\"SearchAction\",\"target\":{\"@type\":\"EntryPoint\",\"urlTemplate\":\"https:\\\/\\\/spacewell.com\\\/fr\\\/?s={search_term_string}\"},\"query-input\":{\"@type\":\"PropertyValueSpecification\",\"valueRequired\":true,\"valueName\":\"search_term_string\"}}],\"inLanguage\":\"fr-FR\"},{\"@type\":\"Organization\",\"@id\":\"https:\\\/\\\/spacewell.com\\\/fr\\\/#organization\",\"name\":\"Spacewell | A Nemetschek Company\",\"url\":\"https:\\\/\\\/spacewell.com\\\/fr\\\/\",\"logo\":{\"@type\":\"ImageObject\",\"inLanguage\":\"fr-FR\",\"@id\":\"https:\\\/\\\/spacewell.com\\\/fr\\\/#\\\/schema\\\/logo\\\/image\\\/\",\"url\":\"https:\\\/\\\/spacewell.com\\\/wp-content\\\/uploads\\\/2023\\\/05\\\/spacewell-logo-500x88-1.webp\",\"contentUrl\":\"https:\\\/\\\/spacewell.com\\\/wp-content\\\/uploads\\\/2023\\\/05\\\/spacewell-logo-500x88-1.webp\",\"width\":500,\"height\":88,\"caption\":\"Spacewell | A Nemetschek Company\"},\"image\":{\"@id\":\"https:\\\/\\\/spacewell.com\\\/fr\\\/#\\\/schema\\\/logo\\\/image\\\/\"},\"sameAs\":[\"https:\\\/\\\/www.facebook.com\\\/SpacewellHQ\",\"https:\\\/\\\/x.com\\\/Spacewell_HQ\"]},{\"@type\":\"Person\",\"@id\":\"https:\\\/\\\/spacewell.com\\\/fr\\\/#\\\/schema\\\/person\\\/3ab9f25a5170063123a203b278975eb8\",\"name\":\"GR DEV\",\"image\":{\"@type\":\"ImageObject\",\"inLanguage\":\"fr-FR\",\"@id\":\"https:\\\/\\\/secure.gravatar.com\\\/avatar\\\/9c441388245d3fac0379458f7558a0cf897d50b2cbbc2f90fe4bc9396e01c79d?s=96&d=mm&r=g\",\"url\":\"https:\\\/\\\/secure.gravatar.com\\\/avatar\\\/9c441388245d3fac0379458f7558a0cf897d50b2cbbc2f90fe4bc9396e01c79d?s=96&d=mm&r=g\",\"contentUrl\":\"https:\\\/\\\/secure.gravatar.com\\\/avatar\\\/9c441388245d3fac0379458f7558a0cf897d50b2cbbc2f90fe4bc9396e01c79d?s=96&d=mm&r=g\",\"caption\":\"GR DEV\"},\"url\":\"https:\\\/\\\/spacewell.com\\\/fr\\\/author\\\/gr-dev\\\/\"}]}<\/script>\n<!-- \/ Yoast SEO Premium plugin. -->","yoast_head_json":{"title":"\u00c9tat des Lieux de la Situation \u00c9nerg\u00e9tique des Entreprises [Rapport Enqu\u00eate 2022] - Spacewell | A Nemetschek Company","robots":{"index":"index","follow":"follow","max-snippet":"max-snippet:-1","max-image-preview":"max-image-preview:large","max-video-preview":"max-video-preview:-1"},"canonical":"https:\/\/spacewell.com\/fr\/ressources\/blog\/etat-des-lieux-de-la-situation-energetique-des-entreprises-rapport-enquete-2022\/","og_locale":"fr_FR","og_type":"article","og_title":"\u00c9tat des Lieux de la Situation \u00c9nerg\u00e9tique des Entreprises [Rapport Enqu\u00eate 2022]","og_description":"En d\u00e9cembre dernier, nous faisions appel \u00e0 vous pour participer \u00e0 notre enqu\u00eate sur la Gestion de l\u2019\u00c9nergie et vous avez \u00e9t\u00e9 plus de 250 \u00e0 r\u00e9pondre \u00e0 l\u2019appel ! Dans cette enqu\u00eate, nous avons souhait\u00e9 interroger des entreprises directement li\u00e9es \u00e0 l\u2019\u00e9nergie, telles que les ESCO ou les fournisseurs d\u2019\u00e9nergie mais aussi des entreprises [&hellip;]","og_url":"https:\/\/spacewell.com\/fr\/ressources\/blog\/etat-des-lieux-de-la-situation-energetique-des-entreprises-rapport-enquete-2022\/","og_site_name":"Spacewell | A Nemetschek Company","article_publisher":"https:\/\/www.facebook.com\/SpacewellHQ","article_published_time":"2023-01-13T12:11:33+00:00","og_image":[{"width":560,"height":315,"url":"https:\/\/spacewell.com\/wp-content\/uploads\/2023\/01\/Survey-report-2022-Feature-image-blog.png","type":"image\/png"}],"author":"GR DEV","twitter_card":"summary_large_image","twitter_creator":"@Spacewell_HQ","twitter_site":"@Spacewell_HQ","twitter_misc":{"\u00c9crit par":"GR DEV","Dur\u00e9e de lecture estim\u00e9e":"4 minutes"},"schema":{"@context":"https:\/\/schema.org","@graph":[{"@type":"Article","@id":"https:\/\/spacewell.com\/fr\/ressources\/blog\/etat-des-lieux-de-la-situation-energetique-des-entreprises-rapport-enquete-2022\/#article","isPartOf":{"@id":"https:\/\/spacewell.com\/fr\/ressources\/blog\/etat-des-lieux-de-la-situation-energetique-des-entreprises-rapport-enquete-2022\/"},"author":{"name":"GR DEV","@id":"https:\/\/spacewell.com\/fr\/#\/schema\/person\/3ab9f25a5170063123a203b278975eb8"},"headline":"\u00c9tat des Lieux de la Situation \u00c9nerg\u00e9tique des Entreprises [Rapport Enqu\u00eate 2022]","datePublished":"2023-01-13T12:11:33+00:00","mainEntityOfPage":{"@id":"https:\/\/spacewell.com\/fr\/ressources\/blog\/etat-des-lieux-de-la-situation-energetique-des-entreprises-rapport-enquete-2022\/"},"wordCount":859,"publisher":{"@id":"https:\/\/spacewell.com\/fr\/#organization"},"image":{"@id":"https:\/\/spacewell.com\/fr\/ressources\/blog\/etat-des-lieux-de-la-situation-energetique-des-entreprises-rapport-enquete-2022\/#primaryimage"},"thumbnailUrl":"https:\/\/spacewell.com\/wp-content\/uploads\/2023\/01\/Survey-report-2022-Feature-image-blog.png","articleSection":["Blog"],"inLanguage":"fr-FR"},{"@type":"WebPage","@id":"https:\/\/spacewell.com\/fr\/ressources\/blog\/etat-des-lieux-de-la-situation-energetique-des-entreprises-rapport-enquete-2022\/","url":"https:\/\/spacewell.com\/fr\/ressources\/blog\/etat-des-lieux-de-la-situation-energetique-des-entreprises-rapport-enquete-2022\/","name":"\u00c9tat des Lieux de la Situation \u00c9nerg\u00e9tique des Entreprises [Rapport Enqu\u00eate 2022] - Spacewell | A Nemetschek Company","isPartOf":{"@id":"https:\/\/spacewell.com\/fr\/#website"},"primaryImageOfPage":{"@id":"https:\/\/spacewell.com\/fr\/ressources\/blog\/etat-des-lieux-de-la-situation-energetique-des-entreprises-rapport-enquete-2022\/#primaryimage"},"image":{"@id":"https:\/\/spacewell.com\/fr\/ressources\/blog\/etat-des-lieux-de-la-situation-energetique-des-entreprises-rapport-enquete-2022\/#primaryimage"},"thumbnailUrl":"https:\/\/spacewell.com\/wp-content\/uploads\/2023\/01\/Survey-report-2022-Feature-image-blog.png","datePublished":"2023-01-13T12:11:33+00:00","breadcrumb":{"@id":"https:\/\/spacewell.com\/fr\/ressources\/blog\/etat-des-lieux-de-la-situation-energetique-des-entreprises-rapport-enquete-2022\/#breadcrumb"},"inLanguage":"fr-FR","potentialAction":[{"@type":"ReadAction","target":["https:\/\/spacewell.com\/fr\/ressources\/blog\/etat-des-lieux-de-la-situation-energetique-des-entreprises-rapport-enquete-2022\/"]}]},{"@type":"ImageObject","inLanguage":"fr-FR","@id":"https:\/\/spacewell.com\/fr\/ressources\/blog\/etat-des-lieux-de-la-situation-energetique-des-entreprises-rapport-enquete-2022\/#primaryimage","url":"https:\/\/spacewell.com\/wp-content\/uploads\/2023\/01\/Survey-report-2022-Feature-image-blog.png","contentUrl":"https:\/\/spacewell.com\/wp-content\/uploads\/2023\/01\/Survey-report-2022-Feature-image-blog.png","width":560,"height":315},{"@type":"BreadcrumbList","@id":"https:\/\/spacewell.com\/fr\/ressources\/blog\/etat-des-lieux-de-la-situation-energetique-des-entreprises-rapport-enquete-2022\/#breadcrumb","itemListElement":[{"@type":"ListItem","position":1,"name":"Home","item":"https:\/\/spacewell.com\/fr\/"},{"@type":"ListItem","position":2,"name":"\u00c9tat des Lieux de la Situation \u00c9nerg\u00e9tique des Entreprises [Rapport Enqu\u00eate 2022]"}]},{"@type":"WebSite","@id":"https:\/\/spacewell.com\/fr\/#website","url":"https:\/\/spacewell.com\/fr\/","name":"Spacewell | A Nemetschek Company","description":"Make buildings work for people","publisher":{"@id":"https:\/\/spacewell.com\/fr\/#organization"},"potentialAction":[{"@type":"SearchAction","target":{"@type":"EntryPoint","urlTemplate":"https:\/\/spacewell.com\/fr\/?s={search_term_string}"},"query-input":{"@type":"PropertyValueSpecification","valueRequired":true,"valueName":"search_term_string"}}],"inLanguage":"fr-FR"},{"@type":"Organization","@id":"https:\/\/spacewell.com\/fr\/#organization","name":"Spacewell | A Nemetschek Company","url":"https:\/\/spacewell.com\/fr\/","logo":{"@type":"ImageObject","inLanguage":"fr-FR","@id":"https:\/\/spacewell.com\/fr\/#\/schema\/logo\/image\/","url":"https:\/\/spacewell.com\/wp-content\/uploads\/2023\/05\/spacewell-logo-500x88-1.webp","contentUrl":"https:\/\/spacewell.com\/wp-content\/uploads\/2023\/05\/spacewell-logo-500x88-1.webp","width":500,"height":88,"caption":"Spacewell | A Nemetschek Company"},"image":{"@id":"https:\/\/spacewell.com\/fr\/#\/schema\/logo\/image\/"},"sameAs":["https:\/\/www.facebook.com\/SpacewellHQ","https:\/\/x.com\/Spacewell_HQ"]},{"@type":"Person","@id":"https:\/\/spacewell.com\/fr\/#\/schema\/person\/3ab9f25a5170063123a203b278975eb8","name":"GR DEV","image":{"@type":"ImageObject","inLanguage":"fr-FR","@id":"https:\/\/secure.gravatar.com\/avatar\/9c441388245d3fac0379458f7558a0cf897d50b2cbbc2f90fe4bc9396e01c79d?s=96&d=mm&r=g","url":"https:\/\/secure.gravatar.com\/avatar\/9c441388245d3fac0379458f7558a0cf897d50b2cbbc2f90fe4bc9396e01c79d?s=96&d=mm&r=g","contentUrl":"https:\/\/secure.gravatar.com\/avatar\/9c441388245d3fac0379458f7558a0cf897d50b2cbbc2f90fe4bc9396e01c79d?s=96&d=mm&r=g","caption":"GR DEV"},"url":"https:\/\/spacewell.com\/fr\/author\/gr-dev\/"}]}},"_links":{"self":[{"href":"https:\/\/spacewell.com\/fr\/wp-json\/wp\/v2\/posts\/38340","targetHints":{"allow":["GET"]}}],"collection":[{"href":"https:\/\/spacewell.com\/fr\/wp-json\/wp\/v2\/posts"}],"about":[{"href":"https:\/\/spacewell.com\/fr\/wp-json\/wp\/v2\/types\/post"}],"author":[{"embeddable":true,"href":"https:\/\/spacewell.com\/fr\/wp-json\/wp\/v2\/users\/39"}],"replies":[{"embeddable":true,"href":"https:\/\/spacewell.com\/fr\/wp-json\/wp\/v2\/comments?post=38340"}],"version-history":[{"count":0,"href":"https:\/\/spacewell.com\/fr\/wp-json\/wp\/v2\/posts\/38340\/revisions"}],"wp:featuredmedia":[{"embeddable":true,"href":"https:\/\/spacewell.com\/fr\/wp-json\/wp\/v2\/media\/35623"}],"wp:attachment":[{"href":"https:\/\/spacewell.com\/fr\/wp-json\/wp\/v2\/media?parent=38340"}],"wp:term":[{"taxonomy":"category","embeddable":true,"href":"https:\/\/spacewell.com\/fr\/wp-json\/wp\/v2\/categories?post=38340"},{"taxonomy":"post_tag","embeddable":true,"href":"https:\/\/spacewell.com\/fr\/wp-json\/wp\/v2\/tags?post=38340"}],"curies":[{"name":"wp","href":"https:\/\/api.w.org\/{rel}","templated":true}]}}