


{"id":38333,"date":"2023-03-10T11:30:10","date_gmt":"2023-03-10T10:30:10","guid":{"rendered":"https:\/\/spacewell.com\/non-classifiee\/mix-energetique-vers-une-production-de-lelectricite-plus-responsable\/"},"modified":"2023-03-10T11:30:10","modified_gmt":"2023-03-10T10:30:10","slug":"mix-energetique-vers-une-production-de-lelectricite-plus-responsable","status":"publish","type":"post","link":"https:\/\/spacewell.com\/fr\/ressources\/blog\/mix-energetique-vers-une-production-de-lelectricite-plus-responsable\/","title":{"rendered":"Mix \u00c9nerg\u00e9tique : Vers une Production de l\u2019\u00c9lectricit\u00e9 plus Responsable"},"content":{"rendered":"<div class=\"gb-container gb-container-d807e79e gb-container-5731d80c\">\n<p><span style=\"font-weight: 400;\">Quelles sont les sources d&rsquo;\u00e9nergie utilis\u00e9es en France pour produire de l&rsquo;\u00e9lectricit\u00e9 ? Le charbon, le nucl\u00e9aire, le gaz naturel sont tout autant de sources primaires faisant partie du <strong>mix \u00e9nerg\u00e9tique fran\u00e7ais<\/strong>. Depuis de nombreuses ann\u00e9es, le nucl\u00e9aire occupe une part importante dans la production d&rsquo;\u00e9nergie.<\/span><\/p>\n<p><span style=\"font-weight: 400;\">Cependant, les objectifs du gouvernement en mati\u00e8re de r\u00e9duction des \u00e9missions carbone ont contribu\u00e9 \u00e0 l&rsquo;expansion des \u00e9nergies renouvelables et \u00e0 l&rsquo;abandon d&rsquo;autres \u00e9nergies plus polluantes.<\/span><\/p>\n<p><span style=\"font-weight: 400;\">Dans cet article, nous examinons le mix \u00e9nerg\u00e9tique de l\u2019\u00e9lectricit\u00e9 fran\u00e7aise et europ\u00e9enne.\u00a0<\/span><\/p>\n<p><!--more--><!--HubSpot Call-to-Action Code --><span id=\"hs-cta-wrapper-a2755f57-dc01-491c-b19c-b5c1047255e8\" class=\"hs-cta-wrapper\"><span id=\"hs-cta-a2755f57-dc01-491c-b19c-b5c1047255e8\" class=\"hs-cta-node hs-cta-a2755f57-dc01-491c-b19c-b5c1047255e8\"><!-- [if lte IE 8]>\n\n\n\n\n<div id=\"hs-cta-ie-element\"><\/div>\n\n\n\n\n<![endif]--><a href=\"https:\/\/cta-redirect.hubspot.com\/cta\/redirect\/437281\/a2755f57-dc01-491c-b19c-b5c1047255e8\" target=\"_blank\" rel=\"noopener\"><img decoding=\"async\" id=\"hs-cta-img-a2755f57-dc01-491c-b19c-b5c1047255e8\" class=\"hs-cta-img\" style=\"border-width: 0px;\" src=\"https:\/\/no-cache.hubspot.com\/cta\/default\/437281\/a2755f57-dc01-491c-b19c-b5c1047255e8.png\" alt=\"blog energy management\" \/><\/a><\/span><script charset=\"utf-8\" src=\"https:\/\/js.hscta.net\/cta\/current.js\"><\/script><script type=\"text\/javascript\"> hbspt.cta.load(437281, 'a2755f57-dc01-491c-b19c-b5c1047255e8', {\"useNewLoader\":\"true\",\"region\":\"na1\"}); <\/script><\/span><!-- end HubSpot Call-to-Action Code --><\/p>\n<p><span style=\"font-weight: 400;\">Le <\/span><b>mix \u00e9nerg\u00e9tique<\/b><span style=\"font-weight: 400;\"> est un anglicisme et peut \u00e9galement \u00eatre appel\u00e9 bouquet \u00e9nerg\u00e9tique. Cependant, lorsque nous parlons de <\/span><b>production d\u2019\u00e9lectricit\u00e9, il est plus courant d\u2019utiliser le terme mix \u00e9lectrique<\/b><span style=\"font-weight: 400;\">. En effet, ce dernier d\u00e9signe la part des diff\u00e9rentes sources d\u2019\u00e9nergie qui constituent la production d\u2019\u00e9lectricit\u00e9. Or, le mix \u00e9nerg\u00e9tique est plus transversal et prend en compte les sources utilis\u00e9es pour produire tout type d\u2019\u00e9nergie, tel que le carburant par exemple.<\/span><\/p>\n<h2><span style=\"font-weight: 400; color: #003f6b;\">Pourquoi Conna\u00eetre le Mix \u00c9lectrique ?<\/span><\/h2>\n<p><span style=\"font-weight: 400;\">Prenons l\u2019exemple d\u2019une journ\u00e9e o\u00f9 la demande en \u00e9nergie est \u00e0 son plus haut niveau\u2026 Que faire lorsque tous les secteurs, de l\u2019industrie au tertiaire, ont besoin d\u2019\u00e9nergie au m\u00eame moment et que le r\u00e9seau de production d\u2019\u00e9lectricit\u00e9 est tendu ?<\/span><\/p>\n<p><span style=\"font-weight: 400;\">Dans cette situation, nous pouvons envisager deux options :<\/span><\/p>\n<ol>\n<li style=\"font-weight: 400;\" aria-level=\"1\"><span style=\"font-weight: 400;\">Combiner l&rsquo;\u00e9nergie provenant de sources renouvelables et non renouvelables pour garantir l&rsquo;approvisionnement de tous.<\/span><\/li>\n<li style=\"font-weight: 400;\" aria-level=\"1\"><span style=\"font-weight: 400;\">Limiter la production d\u2019\u00e9nergie provenant uniquement des sources renouvelables, en \u00e9tablissant des limites et des coupures dans l&rsquo;approvisionnement.<\/span><\/li>\n<\/ol>\n<p><span style=\"font-weight: 400;\">Vous ne serez pas surpris de constater que, dans une telle situation, la premi\u00e8re option l\u2019emporte. En effet, m\u00eame si nous souhaitons \u00eatre plus durables, nous ne sommes pas pr\u00eats \u00e0 renoncer \u00e0 l&rsquo;\u00e9lectricit\u00e9 \u00e0 tout moment&#8230; <strong>Il s\u2019agit l\u00e0 de trouver un \u00e9quilibre<\/strong>.<\/span><\/p>\n<p><span style=\"font-weight: 400;\">C&rsquo;est ici qu\u2019il est int\u00e9ressant de conna\u00eetre le mix \u00e9nerg\u00e9tique de notre production d\u2019\u00e9lectricit\u00e9, et ainsi <strong>comprendre les diff\u00e9rentes sources permettant de r\u00e9pondre \u00e0 la demande croissante du consommateur final<\/strong>.\u00a0<\/span><\/p>\n<p><span style=\"font-weight: 400;\">Lorsque l&rsquo;\u00e9lectricit\u00e9 parvient aux installations, usines, ou entreprises, il est difficile de conna\u00eetre la source d&rsquo;origine. En revanche, il est possible de comprendre votre mix en demandant \u00e0 votre fournisseur d&rsquo;\u00e9nergie une ventilation des sources qu&rsquo;il utilise pour savoir d&rsquo;o\u00f9 elles proviennent.<\/span><\/p>\n<p><span style=\"font-weight: 400;\">Examinons maintenant les donn\u00e9es relatives \u00e0 la production d&rsquo;\u00e9lectricit\u00e9 en France.<\/span><\/p>\n<h2><span style=\"font-weight: 400; color: #003f6b;\">Mix \u00c9nerg\u00e9tique de la Production d\u2019\u00c9lectricit\u00e9 en France<\/span><\/h2>\n<p><span style=\"font-weight: 400;\">En France,<\/span> <a href=\"https:\/\/particuliers.engie.fr\/electricite\/conseils-electricite\/conseils-souscription-contrat-electricite\/qui-fournit-electricite-france.html\" target=\"_blank\" rel=\"noopener\"><span style=\"font-weight: 400;\">notre \u00e9lectricit\u00e9 est principalement produite par les fournisseurs d\u2019\u00e9nergie<\/span><\/a> <span style=\"font-weight: 400;\">historiques tels que EDF et ENGIE.\u00a0<\/span><\/p>\n<p><span style=\"font-weight: 400;\">La particularit\u00e9 du <\/span><b>mix \u00e9lectrique fran\u00e7ais est qu\u2019il repose principalement sur le nucl\u00e9aire<\/b><span style=\"font-weight: 400;\">. En effet, le pays a fait le choix de centrer sa production sur des centrales thermiques fonctionnant gr\u00e2ce \u00e0 l\u2019\u00e9nergie nucl\u00e9aire. En produisant environ <\/span><span style=\"font-weight: 400;\">70% <\/span><span style=\"font-weight: 400;\">de l\u2019\u00e9lectricit\u00e9, le nucl\u00e9aire positionne le pays <strong>au 1er rang<\/strong><\/span><b> mondial avec le plus haut taux de nucl\u00e9aire dans son bouquet \u00e9nerg\u00e9tique<\/b><span style=\"font-weight: 400;\">. Notons \u00e9galement que le choix d\u2019une telle strat\u00e9gie de production procure une forme d\u2019ind\u00e9pendance \u00e9lectrique en limitant son besoin d\u2019importation.\u00a0<\/span><\/p>\n<p><span style=\"font-weight: 400;\">Une autre source d\u2019\u00e9nergie permet \u00e9galement d\u2019assurer l\u2019ind\u00e9pendance d\u2019un pays : celle des <\/span><b>\u00e9nergies renouvelables<\/b><span style=\"font-weight: 400;\">. Celles-ci jouent un r\u00f4le important dans la ma\u00eetrise \u00e0 long terme de la facture \u00e9nerg\u00e9tique. En France, la production d\u2019\u00e9lectricit\u00e9 d\u2019origine renouvelable est en hausse et sa part dans le mix \u00e9lectrique fran\u00e7ais s\u2019\u00e9levait \u00e0 environ <\/span><span style=\"font-weight: 400;\">23% en 2021<\/span><span style=\"font-weight: 400;\">.<\/span> <span style=\"font-weight: 400;\">\u00c0 noter qu\u2019en 2030, le gouvernement fran\u00e7ais vise une <\/span><a href=\"https:\/\/www.ecologie.gouv.fr\/energies-renouvelables\" target=\"_blank\" rel=\"noopener\"><span style=\"font-weight: 400;\">production d\u2019\u00e9lectricit\u00e9 issue des \u00e9nergies renouvelables \u00e0 hauteur de 40%<\/span><\/a><span style=\"font-weight: 400;\">.\u00a0<\/span><\/p>\n<p><span style=\"font-weight: 400;\">Dans le graphique ci-dessous, vous pouvez observer l\u2019\u00e9volution de la <\/span><b>part des sources d\u2019\u00e9nergies renouvelables et non renouvelables<\/b><span style=\"font-weight: 400;\"> dans le mix \u00e9nerg\u00e9tique de la production d\u2019\u00e9lectricit\u00e9 en TWh :<\/span><\/p>\n<p><img loading=\"lazy\" decoding=\"async\" class=\"aligncenter wp-image-48980 size-full\" src=\"https:\/\/www.dexma.com\/wp-content\/uploads\/2023\/03\/Screenshot-2023-03-09-at-17.04.23.png\" alt=\"Evolution de la production d'\u00e9lectricit\u00e9, en TWh\" width=\"899\" height=\"471\" srcset=\"https:\/\/www.dexma.com\/wp-content\/uploads\/2023\/03\/Screenshot-2023-03-09-at-17.04.23.png 899w, https:\/\/www.dexma.com\/wp-content\/uploads\/2023\/03\/Screenshot-2023-03-09-at-17.04.23-300x157.png 300w, https:\/\/www.dexma.com\/wp-content\/uploads\/2023\/03\/Screenshot-2023-03-09-at-17.04.23-768x402.png 768w\" sizes=\"auto, (max-width: 899px) 100vw, 899px\" \/><\/p>\n<p style=\"text-align: center;\"><a href=\"https:\/\/bilan-electrique-2021.rte-france.com\/production_totale\/\" target=\"_blank\" rel=\"noopener\"><span style=\"font-weight: 400;\">Source RTE<\/span><\/a><\/p>\n<p><span style=\"font-weight: 400;\">Comme vous pouvez le constater, les parts d\u2019\u00e9nergies renouvelables, m\u00eame si domin\u00e9es par le nucl\u00e9aire, sont en progression r\u00e9guli\u00e8re depuis plusieurs ann\u00e9es. La croissance importante de la production primaire d\u2019\u00e9nergies renouvelables depuis 2005 (+ 85 %) est principalement due \u00e0 l\u2019essor des biocarburants, des pompes \u00e0 chaleur et de la fili\u00e8re \u00e9olienne.<\/span><\/p>\n<h3><span style=\"font-weight: 400; color: #41659e;\">Quelle Diff\u00e9rence entre \u00c9nergies Renouvelables et Non Renouvelables<\/span><\/h3>\n<p><span style=\"font-weight: 400;\">Nous entendons souvent parler des \u00e9nergies renouvelables et de leur essor dans la production et consommation nationale et mondiale. Mais, les connaissez-vous toutes ?\u00a0<\/span><\/p>\n<p><span style=\"font-weight: 400;\">Voici les <\/span><b>grandes familles d\u2019\u00e9nergies renouvelables<\/b><span style=\"font-weight: 400;\"> permettant de produire de l&rsquo;\u00e9lectricit\u00e9 :<\/span><\/p>\n<ul>\n<li style=\"font-weight: 400;\" aria-level=\"1\"><span style=\"font-weight: 400;\">L\u2019\u00c9nergie \u00e9olienne (terrestre et en mer)<\/span><\/li>\n<li style=\"font-weight: 400;\" aria-level=\"1\"><span style=\"font-weight: 400;\">L\u2019\u00c9nergie solaire (photovolta\u00efque, thermique et thermodynamique)\u00a0<\/span><\/li>\n<li style=\"font-weight: 400;\" aria-level=\"1\"><span style=\"font-weight: 400;\">L\u2019\u00c9nergie hydraulique\u00a0<\/span><\/li>\n<li style=\"font-weight: 400;\" aria-level=\"1\"><span style=\"font-weight: 400;\">La Biomasse<\/span><\/li>\n<\/ul>\n<p><span style=\"font-weight: 400;\">Notez que certaines de ces \u00e9nergies renouvelables permettent \u00e9galement la production de chaleur. C\u2019est le cas de la g\u00e9othermie par exemple.<\/span><\/p>\n<p><span style=\"font-weight: 400;\">Par ailleurs, il est important de ne pas confondre <\/span><b>\u00e9nergie renouvelable et \u00e9nergie propre<\/b><span style=\"font-weight: 400;\">. Il s&rsquo;agit de deux termes tr\u00e8s proches, mais qui ne sont pas interchangeables \u00e0 100 %. Les <\/span><b>\u00e9nergies renouvelables<\/b><span style=\"font-weight: 400;\"> sont produites par la nature (soleil, vent, v\u00e9g\u00e9taux\u2026) et sont consid\u00e9r\u00e9es comme in\u00e9puisables. C\u2019est le cas de l&rsquo;\u00e9nergie solaire ou \u00e9olienne par exemple.\u00a0<\/span><\/p>\n<p><b>L&rsquo;\u00e9nergie propre<\/b><span style=\"font-weight: 400;\">, elle, est consid\u00e9r\u00e9e comme une \u00e9nergie qui ne contribue pas ou peu aux \u00e9missions de carbone (CO2), bien qu&rsquo;elle ne soit pas illimit\u00e9e. Par exemple, m\u00eame si elle pr\u00e9sente ses propres risques environnementaux, l&rsquo;\u00e9nergie nucl\u00e9aire, est consid\u00e9r\u00e9e comme propre par certains secteurs car elle n&rsquo;\u00e9met pas de gaz polluants dans l&rsquo;atmosph\u00e8re.\u00a0<\/span><\/p>\n<p><span style=\"font-weight: 400;\">En revanche, <\/span><b>l&rsquo;\u00e9nergie photovolta\u00efque et l&rsquo;\u00e9nergie \u00e9olienne sont consid\u00e9r\u00e9es \u00e0 la fois comme des \u00e9nergies propres et renouvelables<\/b><span style=\"font-weight: 400;\">, malgr\u00e9 le CO2 rejet\u00e9 le long de son cycle de vie (fabrication de panneaux, turbines).<\/span><\/p>\n<h2><span style=\"font-weight: 400; color: #003f6b;\">Mix \u00c9nerg\u00e9tique de la Production d\u2019\u00c9lectricit\u00e9 en Europe<\/span><\/h2>\n<p><b>Les \u00e9nergies renouvelables se d\u00e9veloppent dans le monde entier.<\/b><span style=\"font-weight: 400;\"> Dans le cadre de ses objectifs de transition \u00e9nerg\u00e9tique, l&rsquo;Europe pousse les pays membres vers une production d&rsquo;\u00e9lectricit\u00e9 toujours plus propre. Toutefois, chaque pays dispose de divers niveaux d\u2019ind\u00e9pendance et, selon le pays, les disparit\u00e9s sont importantes. En ce sens, l&rsquo;Agence Internationale de l&rsquo;\u00c9nergie (<\/span><a href=\"https:\/\/www.iea.org\/regions\/europe\" target=\"_blank\" rel=\"noopener\"><span style=\"font-weight: 400;\">AIE<\/span><\/a><span style=\"font-weight: 400;\">) met \u00e0 disposition les donn\u00e9es de chaque pays afin d\u2019obtenir un aper\u00e7u des mix \u00e9lectriques qui leurs sont propres.<\/span><\/p>\n<p><span style=\"font-weight: 400;\">En Allemagne, par exemple, le charbon est encore tr\u00e8s pr\u00e9sent dans le mix \u00e9nerg\u00e9tique, \u00e0 hauteur de 30 %. D&rsquo;autres pays, comme la Pologne, s&rsquo;appuient aussi principalement sur le charbon, et repr\u00e9sente pr\u00e8s de 70 % du mix \u00e9nerg\u00e9tique.<\/span><\/p>\n<p><span style=\"font-weight: 400;\">En Italie, la part du gaz naturel est plus importante et celle de l&rsquo;\u00e9nergie \u00e9olienne beaucoup plus faible. Au Danemark, pr\u00e8s de 50 % de l&rsquo;\u00e9nergie provient de l&rsquo;\u00e9olien. En Autriche, l&rsquo;hydro\u00e9lectricit\u00e9 est la principale source d&rsquo;\u00e9nergie.<\/span><\/p>\n<p><span style=\"font-weight: 400;\">En Espagne, depuis 2020, la part des \u00e9nergies renouvelables se rapproche des 50 %. Avec des variations tout au long de l&rsquo;ann\u00e9e, l&rsquo;\u00e9nergie \u00e9olienne prend la t\u00eate de la production, d\u00e9passant l&rsquo;\u00e9nergie nucl\u00e9aire. M\u00eame constat au Royaume-Uni, o\u00f9 la part des \u00e9nergies renouvelables gagne du terrain avec un nouveau record de 40% de son mix \u00e9nerg\u00e9tique en 2022.<\/span><\/p>\n<p><span style=\"font-weight: 400;\">Si l&rsquo;on consid\u00e8re l&rsquo;Europe dans son ensemble, la part des <\/span><b>40 % de production d&rsquo;\u00e9nergie renouvelable <\/b><span style=\"font-weight: 400;\">a \u00e9t\u00e9 atteinte en 2020 selon les <\/span><a href=\"https:\/\/ec.europa.eu\/eurostat\/statistics-explained\/index.php?title=Energy_statistics_-_an_overview#Primary_energy_production\" target=\"_blank\" rel=\"noopener\"><span style=\"font-weight: 400;\">donn\u00e9es d&rsquo;Eurostat<\/span><\/a><span style=\"font-weight: 400;\">. Viennent ensuite l&rsquo;\u00e9nergie nucl\u00e9aire (30 %), les combustibles fossiles et le gaz naturel.<\/span><\/p>\n<p><span style=\"font-weight: 400;\">Ce graphique pr\u00e9sente la production d\u2019\u00e9lectricit\u00e9 par fili\u00e8re en Europe depuis 1990 et le poids de chaque source d&rsquo;\u00e9nergie dans le mix \u00e9nerg\u00e9tique europ\u00e9en.\u00a0<\/span><\/p>\n<p><img loading=\"lazy\" decoding=\"async\" class=\"alignnone wp-image-48988 size-full\" src=\"https:\/\/www.dexma.com\/wp-content\/uploads\/2023\/03\/FR-Energy-Mix-in-Europe-1990-2020.png\" alt=\"\u00c9volution du Mix \u00c9nerg\u00e9tique de la Production d\u2019\u00c9lectricit\u00e9 en Europe \" width=\"1748\" height=\"1240\" srcset=\"https:\/\/www.dexma.com\/wp-content\/uploads\/2023\/03\/FR-Energy-Mix-in-Europe-1990-2020.png 1748w, https:\/\/www.dexma.com\/wp-content\/uploads\/2023\/03\/FR-Energy-Mix-in-Europe-1990-2020-300x213.png 300w, https:\/\/www.dexma.com\/wp-content\/uploads\/2023\/03\/FR-Energy-Mix-in-Europe-1990-2020-1400x993.png 1400w, https:\/\/www.dexma.com\/wp-content\/uploads\/2023\/03\/FR-Energy-Mix-in-Europe-1990-2020-768x545.png 768w, https:\/\/www.dexma.com\/wp-content\/uploads\/2023\/03\/FR-Energy-Mix-in-Europe-1990-2020-1536x1090.png 1536w\" sizes=\"auto, (max-width: 1748px) 100vw, 1748px\" \/><\/p>\n<h2><span style=\"font-weight: 400; color: #003f6b;\">Innovation et Changement de Mod\u00e8le de Production d&rsquo;\u00c9lectricit\u00e9<\/span><\/h2>\n<p><span style=\"font-weight: 400;\">Les fournisseurs d\u2019\u00e9nergie qui produisent de l&rsquo;\u00e9nergie combinent des m\u00e9thodes connues, comme celles de la production d\u2019\u00e9nergie nucl\u00e9aire, mais innovent constamment dans l&rsquo;utilisation de <strong>nouvelles sources pour r\u00e9duire les \u00e9missions et acc\u00e9l\u00e9rer leur transition \u00e9nerg\u00e9tique<\/strong>. C\u2019est le cas d\u2019ENGIE (ex GDF-Suez), par exemple, qui s\u2019est d\u00e9velopp\u00e9 dans le secteur de l\u2019\u00e9nergie hydraulique, et plus largement dans celui des <\/span><a href=\"https:\/\/particuliers.engie.fr\/pourquoi-choisir-engie\/conseils-transition-energetique\/conseils-electricite\/engie-precurseur-electricite-verte.html\" target=\"_blank\" rel=\"noopener\"><span style=\"font-weight: 400;\">\u00e9nergies vertes<\/span><\/a><span style=\"font-weight: 400;\">.\u00a0<\/span><\/p>\n<p><span style=\"font-weight: 400;\">De fa\u00e7on globale, nous constatons que les producteurs d\u2019\u00e9lectricit\u00e9 investissent constamment dans de nouvelles m\u00e9thodes innovantes telles que l\u2019\u00e9olien offshore, les panneaux solaires flottants, ou encore les panneaux solaires transparents sur les fen\u00eatres. Regardons de plus pr\u00e8s quelques caract\u00e9ristiques du march\u00e9 actuel en termes de production d&rsquo;\u00e9lectricit\u00e9.<\/span><\/p>\n<h3><span style=\"font-weight: 400; color: #41659e;\">Abandon du Charbon<\/span><\/h3>\n<p><span style=\"font-weight: 400;\">\u00c0 mesure que ces syst\u00e8mes alternatifs se d\u00e9veloppent, des m\u00e9thodes telles que l&rsquo;utilisation du charbon pour produire de l&rsquo;\u00e9lectricit\u00e9 ont \u00e9t\u00e9 d\u00e9laiss\u00e9es. En France, en l\u2019espace de 50 ans, la part du charbon dans le mix \u00e9lectrique est pass\u00e9e de majoritaire \u00e0 <strong>quasi inexistante<\/strong>. Selon RTE (R\u00e9seau de Transport d\u2019\u00c9lectricit\u00e9), en 2021, seule 0,7% de la production \u00e9lectrique totale \u00e9tait assur\u00e9e gr\u00e2ce au charbon.\u00a0<\/span><\/p>\n<p><img loading=\"lazy\" decoding=\"async\" class=\"wp-image-48995 size-full aligncenter\" src=\"https:\/\/www.dexma.com\/wp-content\/uploads\/2023\/03\/Screenshot-2023-03-09-at-17.13.21.png\" alt=\"PRODUCTION D'\u00c9NERGIE PRIMAIRE PAR \u00c9NERGIE\" width=\"827\" height=\"615\" srcset=\"https:\/\/www.dexma.com\/wp-content\/uploads\/2023\/03\/Screenshot-2023-03-09-at-17.13.21.png 827w, https:\/\/www.dexma.com\/wp-content\/uploads\/2023\/03\/Screenshot-2023-03-09-at-17.13.21-300x223.png 300w, https:\/\/www.dexma.com\/wp-content\/uploads\/2023\/03\/Screenshot-2023-03-09-at-17.13.21-768x571.png 768w\" sizes=\"auto, (max-width: 827px) 100vw, 827px\" \/><\/p>\n<p style=\"text-align: center;\"><a href=\"https:\/\/www.statistiques.developpement-durable.gouv.fr\/edition-numerique\/chiffres-cles-energie-2021\/6-bilan-energetique-de-la-france\" target=\"_blank\" rel=\"noopener\"><span style=\"font-weight: 400;\">Source Minist\u00e8re de la Transition \u00c9cologique<\/span><\/a><\/p>\n<p><span style=\"font-weight: 400;\">Deux centrales \u00e0 charbon sont encore raccord\u00e9es au r\u00e9seau \u00e9lectrique fran\u00e7ais. La premi\u00e8re se trouve \u00e0 Saint-Avold (Moselle) et la seconde est situ\u00e9e dans le Loire-Atlantique, \u00e0 Cordemais. Cette derni\u00e8re, ayant \u00e9t\u00e9 relanc\u00e9 en 2022 \u201d\u00e0 titre conservatoire\u201d devrait fermer pour 2024, voire 2026.\u00a0<\/span><\/p>\n<p><span style=\"font-weight: 400;\">Le charbon en tant que source d&rsquo;\u00e9nergie n&rsquo;a fait que d\u00e9cliner en Europe, m\u00eame si depuis le conflit en Ukraine en 2021, certains pays ont r\u00e9activ\u00e9 ces centrales pour s\u00e9curiser leur approvisionnement \u00e0 un moment o\u00f9 les importations de gaz en provenance de Russie ont \u00e9t\u00e9 bloqu\u00e9es.<\/span><\/p>\n<h3><span style=\"font-weight: 400; color: #41659e;\">D\u00e9centralisation de la Production d&rsquo;\u00c9nergie<\/span><\/h3>\n<p><span style=\"font-weight: 400;\">Afin de garantir l&rsquo;approvisionnement de tous les utilisateurs, quelle que soit la source d&rsquo;\u00e9nergie qu&rsquo;ils utilisent, l&rsquo;interconnexion entre les grands producteurs, le r\u00e9seau \u00e9lectrique et les petits producteurs est n\u00e9cessaire.<\/span><\/p>\n<p><span style=\"font-weight: 400;\">La production d&rsquo;\u00e9nergie et l&rsquo;autoconsommation se d\u00e9veloppent avec les <\/span><a href=\"https:\/\/www.dexma.com\/fr\/blog-fr\/communautes-energetiques-production-et-consommation-locale-pour-des-economies-denergie\/\"><span style=\"font-weight: 400;\">communaut\u00e9s \u00e9nerg\u00e9tiques<\/span><\/a><span style=\"font-weight: 400;\"> et les petits producteurs d&rsquo;\u00e9nergie. Bien que les fournisseurs d\u2019\u00e9nergie historiques restent les principaux producteurs, un march\u00e9 ind\u00e9pendant se d\u00e9veloppe progressivement, impliquant une <\/span><b>d\u00e9centralisation progressive du syst\u00e8me de production<\/b><span style=\"font-weight: 400;\">.<\/span><\/p>\n<h3><span style=\"font-weight: 400; color: #41659e;\">Le D\u00e9fi du Stockage de l&rsquo;\u00c9nergie<\/span><\/h3>\n<p><span style=\"font-weight: 400;\">Le stockage ne serait-il pas l&rsquo;un des plus grands d\u00e9fis de la strat\u00e9gie de production d\u2019\u00e9lectricit\u00e9, et en particulier pour les \u00e9nergies renouvelables ? Souvent oubli\u00e9 ou tout simplement m\u00e9connu, le <\/span><b>stockage d\u2019\u00e9lectricit\u00e9 a pourtant un r\u00f4le important \u00e0 jouer pour la <\/b><a href=\"https:\/\/www.revolution-energetique.com\/la-transition-energetique-va-t-elle-manquer-de-matieres-premieres\/\" target=\"_blank\" rel=\"noopener\"><b>transition \u00e9nerg\u00e9tique<\/b><\/a><span style=\"font-weight: 400;\">. Et bien qu&rsquo;une certaine quantit\u00e9 d&rsquo;\u00e9lectricit\u00e9 puisse \u00eatre stock\u00e9e, il n&rsquo;est pas encore possible de le faire \u00e0 grande \u00e9chelle.\u00a0<\/span><\/p>\n<p><span style=\"font-weight: 400;\">C&rsquo;est bien l\u00e0 l&rsquo;un des obstacles actuels au d\u00e9veloppement des \u00e9nergies renouvelables, car elles sont dans une certaine mesure \u00ab\u00a0volatiles\u00a0\u00bb. En d&rsquo;autres termes, il est impossible de contr\u00f4ler le vent et le soleil pour produire de l&rsquo;\u00e9lectricit\u00e9. C&rsquo;est pourquoi le stockage est essentiel pour pouvoir conserver toute l&rsquo;\u00e9lectricit\u00e9 produite pendant les heures de pointe et pour pouvoir la stocker et la distribuer en cas de besoin. De cette fa\u00e7on, toute l&rsquo;\u00e9nergie produite par ces sources peut \u00eatre exploit\u00e9e. Enfin, le <\/span><b>d\u00e9veloppement de batteries de plus grande capacit\u00e9<\/b><span style=\"font-weight: 400;\"> sera un atout non n\u00e9gligeable pour stocker et distribuer l&rsquo;\u00e9nergie produite par les \u00e9nergies renouvelables.\u00a0<\/span><\/p>\n<p><span style=\"font-weight: 400;\">Quelle que soit la source d&rsquo;origine, l&rsquo;\u00e9lectricit\u00e9 qui vous parvient peut \u00eatre contr\u00f4l\u00e9e et mesur\u00e9e gr\u00e2ce \u00e0 des <strong>Syst\u00e8mes intelligents de Gestion de l&rsquo;\u00c9nergie tels que la <\/strong><\/span><strong><a href=\"https:\/\/www.dexma.com\/fr\/quest-ce-que-la-plateforme-dexma\/\">Plateforme Dexma<\/a><\/strong><span style=\"font-weight: 400;\">. Si vous souhaitez \u00eatre inform\u00e9 de la sortie de nos derniers articles et mat\u00e9riels (\u00e9tudes de cas, guides, webinaires\u2026), n&rsquo;h\u00e9sitez pas \u00e0 vous <\/span><a href=\"https:\/\/get.dexma.com\/abonnement-nouvelles-dexma\"><span style=\"font-weight: 400;\">abonner \u00e0 nos communications ici<\/span><\/a><span style=\"font-weight: 400;\">.<\/span><\/p>\n<p><!--HubSpot Call-to-Action Code --><span id=\"hs-cta-wrapper-128df2f3-b9da-40f4-813c-855b3a74467a\" class=\"hs-cta-wrapper\"><span id=\"hs-cta-128df2f3-b9da-40f4-813c-855b3a74467a\" class=\"hs-cta-node hs-cta-128df2f3-b9da-40f4-813c-855b3a74467a\"><!-- [if lte IE 8]>\n\n\n\n\n<div id=\"hs-cta-ie-element\"><\/div>\n\n\n\n\n<![endif]--><a href=\"https:\/\/cta-redirect.hubspot.com\/cta\/redirect\/437281\/128df2f3-b9da-40f4-813c-855b3a74467a\" target=\"_blank\" rel=\"noopener\"><img decoding=\"async\" id=\"hs-cta-img-128df2f3-b9da-40f4-813c-855b3a74467a\" class=\"hs-cta-img\" style=\"border-width: 0px;\" src=\"https:\/\/no-cache.hubspot.com\/cta\/default\/437281\/128df2f3-b9da-40f4-813c-855b3a74467a.png\" alt=\"Blog sur la Gestion de l'\u00c9nergie - Dexma\" \/><\/a><\/span><script charset=\"utf-8\" src=\"https:\/\/js.hscta.net\/cta\/current.js\"><\/script><script type=\"text\/javascript\"> hbspt.cta.load(437281, '128df2f3-b9da-40f4-813c-855b3a74467a', {\"useNewLoader\":\"true\",\"region\":\"na1\"}); <\/script><\/span><!-- end HubSpot Call-to-Action Code --><\/p>\n<\/div>\n","protected":false},"excerpt":{"rendered":"<p>Quelles sont les sources d&rsquo;\u00e9nergie utilis\u00e9es en France pour produire de l&rsquo;\u00e9lectricit\u00e9 ? Le charbon, le nucl\u00e9aire, le gaz naturel sont tout autant de sources primaires faisant partie du mix \u00e9nerg\u00e9tique fran\u00e7ais. Depuis de nombreuses ann\u00e9es, le nucl\u00e9aire occupe une part importante dans la production d&rsquo;\u00e9nergie. Cependant, les objectifs du gouvernement en mati\u00e8re de r\u00e9duction [&hellip;]<\/p>\n","protected":false},"author":39,"featured_media":35574,"comment_status":"","ping_status":"open","sticky":false,"template":"","format":"standard","meta":{"_acf_changed":false,"footnotes":""},"categories":[34],"tags":[],"class_list":["post-38333","post","type-post","status-publish","format-standard","has-post-thumbnail","hentry","category-blog","generate-columns","tablet-grid-50","mobile-grid-100","grid-parent","grid-50","no-featured-image-padding"],"acf":[],"yoast_head":"<!-- This site is optimized with the Yoast SEO Premium plugin v26.0 (Yoast SEO v27.5) - https:\/\/yoast.com\/product\/yoast-seo-premium-wordpress\/ -->\n<title>Mix \u00c9nerg\u00e9tique : Vers une Production de l\u2019\u00c9lectricit\u00e9 plus Responsable - Spacewell | A Nemetschek Company<\/title>\n<meta name=\"robots\" content=\"index, follow, max-snippet:-1, max-image-preview:large, max-video-preview:-1\" \/>\n<link rel=\"canonical\" href=\"https:\/\/spacewell.com\/fr\/ressources\/blog\/mix-energetique-vers-une-production-de-lelectricite-plus-responsable\/\" \/>\n<meta property=\"og:locale\" content=\"fr_FR\" \/>\n<meta property=\"og:type\" content=\"article\" \/>\n<meta property=\"og:title\" content=\"Mix \u00c9nerg\u00e9tique : Vers une Production de l\u2019\u00c9lectricit\u00e9 plus Responsable\" \/>\n<meta property=\"og:description\" content=\"Quelles sont les sources d&rsquo;\u00e9nergie utilis\u00e9es en France pour produire de l&rsquo;\u00e9lectricit\u00e9 ? Le charbon, le nucl\u00e9aire, le gaz naturel sont tout autant de sources primaires faisant partie du mix \u00e9nerg\u00e9tique fran\u00e7ais. Depuis de nombreuses ann\u00e9es, le nucl\u00e9aire occupe une part importante dans la production d&rsquo;\u00e9nergie. Cependant, les objectifs du gouvernement en mati\u00e8re de r\u00e9duction [&hellip;]\" \/>\n<meta property=\"og:url\" content=\"https:\/\/spacewell.com\/fr\/ressources\/blog\/mix-energetique-vers-une-production-de-lelectricite-plus-responsable\/\" \/>\n<meta property=\"og:site_name\" content=\"Spacewell | A Nemetschek Company\" \/>\n<meta property=\"article:publisher\" content=\"https:\/\/www.facebook.com\/SpacewellHQ\" \/>\n<meta property=\"article:published_time\" content=\"2023-03-10T10:30:10+00:00\" \/>\n<meta property=\"og:image\" content=\"https:\/\/spacewell.com\/wp-content\/uploads\/2023\/03\/Energy-Mix.png\" \/>\n\t<meta property=\"og:image:width\" content=\"560\" \/>\n\t<meta property=\"og:image:height\" content=\"315\" \/>\n\t<meta property=\"og:image:type\" content=\"image\/png\" \/>\n<meta name=\"author\" content=\"GR DEV\" \/>\n<meta name=\"twitter:card\" content=\"summary_large_image\" \/>\n<meta name=\"twitter:creator\" content=\"@Spacewell_HQ\" \/>\n<meta name=\"twitter:site\" content=\"@Spacewell_HQ\" \/>\n<meta name=\"twitter:label1\" content=\"\u00c9crit par\" \/>\n\t<meta name=\"twitter:data1\" content=\"GR DEV\" \/>\n\t<meta name=\"twitter:label2\" content=\"Dur\u00e9e de lecture estim\u00e9e\" \/>\n\t<meta name=\"twitter:data2\" content=\"10 minutes\" \/>\n<script type=\"application\/ld+json\" class=\"yoast-schema-graph\">{\"@context\":\"https:\\\/\\\/schema.org\",\"@graph\":[{\"@type\":\"Article\",\"@id\":\"https:\\\/\\\/spacewell.com\\\/fr\\\/ressources\\\/blog\\\/mix-energetique-vers-une-production-de-lelectricite-plus-responsable\\\/#article\",\"isPartOf\":{\"@id\":\"https:\\\/\\\/spacewell.com\\\/fr\\\/ressources\\\/blog\\\/mix-energetique-vers-une-production-de-lelectricite-plus-responsable\\\/\"},\"author\":{\"name\":\"GR DEV\",\"@id\":\"https:\\\/\\\/spacewell.com\\\/fr\\\/#\\\/schema\\\/person\\\/3ab9f25a5170063123a203b278975eb8\"},\"headline\":\"Mix \u00c9nerg\u00e9tique : Vers une Production de l\u2019\u00c9lectricit\u00e9 plus Responsable\",\"datePublished\":\"2023-03-10T10:30:10+00:00\",\"mainEntityOfPage\":{\"@id\":\"https:\\\/\\\/spacewell.com\\\/fr\\\/ressources\\\/blog\\\/mix-energetique-vers-une-production-de-lelectricite-plus-responsable\\\/\"},\"wordCount\":2039,\"publisher\":{\"@id\":\"https:\\\/\\\/spacewell.com\\\/fr\\\/#organization\"},\"image\":{\"@id\":\"https:\\\/\\\/spacewell.com\\\/fr\\\/ressources\\\/blog\\\/mix-energetique-vers-une-production-de-lelectricite-plus-responsable\\\/#primaryimage\"},\"thumbnailUrl\":\"https:\\\/\\\/spacewell.com\\\/wp-content\\\/uploads\\\/2023\\\/03\\\/Energy-Mix.png\",\"articleSection\":[\"Blog\"],\"inLanguage\":\"fr-FR\"},{\"@type\":\"WebPage\",\"@id\":\"https:\\\/\\\/spacewell.com\\\/fr\\\/ressources\\\/blog\\\/mix-energetique-vers-une-production-de-lelectricite-plus-responsable\\\/\",\"url\":\"https:\\\/\\\/spacewell.com\\\/fr\\\/ressources\\\/blog\\\/mix-energetique-vers-une-production-de-lelectricite-plus-responsable\\\/\",\"name\":\"Mix \u00c9nerg\u00e9tique : Vers une Production de l\u2019\u00c9lectricit\u00e9 plus Responsable - Spacewell | A Nemetschek Company\",\"isPartOf\":{\"@id\":\"https:\\\/\\\/spacewell.com\\\/fr\\\/#website\"},\"primaryImageOfPage\":{\"@id\":\"https:\\\/\\\/spacewell.com\\\/fr\\\/ressources\\\/blog\\\/mix-energetique-vers-une-production-de-lelectricite-plus-responsable\\\/#primaryimage\"},\"image\":{\"@id\":\"https:\\\/\\\/spacewell.com\\\/fr\\\/ressources\\\/blog\\\/mix-energetique-vers-une-production-de-lelectricite-plus-responsable\\\/#primaryimage\"},\"thumbnailUrl\":\"https:\\\/\\\/spacewell.com\\\/wp-content\\\/uploads\\\/2023\\\/03\\\/Energy-Mix.png\",\"datePublished\":\"2023-03-10T10:30:10+00:00\",\"breadcrumb\":{\"@id\":\"https:\\\/\\\/spacewell.com\\\/fr\\\/ressources\\\/blog\\\/mix-energetique-vers-une-production-de-lelectricite-plus-responsable\\\/#breadcrumb\"},\"inLanguage\":\"fr-FR\",\"potentialAction\":[{\"@type\":\"ReadAction\",\"target\":[\"https:\\\/\\\/spacewell.com\\\/fr\\\/ressources\\\/blog\\\/mix-energetique-vers-une-production-de-lelectricite-plus-responsable\\\/\"]}]},{\"@type\":\"ImageObject\",\"inLanguage\":\"fr-FR\",\"@id\":\"https:\\\/\\\/spacewell.com\\\/fr\\\/ressources\\\/blog\\\/mix-energetique-vers-une-production-de-lelectricite-plus-responsable\\\/#primaryimage\",\"url\":\"https:\\\/\\\/spacewell.com\\\/wp-content\\\/uploads\\\/2023\\\/03\\\/Energy-Mix.png\",\"contentUrl\":\"https:\\\/\\\/spacewell.com\\\/wp-content\\\/uploads\\\/2023\\\/03\\\/Energy-Mix.png\",\"width\":560,\"height\":315},{\"@type\":\"BreadcrumbList\",\"@id\":\"https:\\\/\\\/spacewell.com\\\/fr\\\/ressources\\\/blog\\\/mix-energetique-vers-une-production-de-lelectricite-plus-responsable\\\/#breadcrumb\",\"itemListElement\":[{\"@type\":\"ListItem\",\"position\":1,\"name\":\"Home\",\"item\":\"https:\\\/\\\/spacewell.com\\\/fr\\\/\"},{\"@type\":\"ListItem\",\"position\":2,\"name\":\"Mix \u00c9nerg\u00e9tique : Vers une Production de l\u2019\u00c9lectricit\u00e9 plus Responsable\"}]},{\"@type\":\"WebSite\",\"@id\":\"https:\\\/\\\/spacewell.com\\\/fr\\\/#website\",\"url\":\"https:\\\/\\\/spacewell.com\\\/fr\\\/\",\"name\":\"Spacewell | A Nemetschek Company\",\"description\":\"Make buildings work for people\",\"publisher\":{\"@id\":\"https:\\\/\\\/spacewell.com\\\/fr\\\/#organization\"},\"potentialAction\":[{\"@type\":\"SearchAction\",\"target\":{\"@type\":\"EntryPoint\",\"urlTemplate\":\"https:\\\/\\\/spacewell.com\\\/fr\\\/?s={search_term_string}\"},\"query-input\":{\"@type\":\"PropertyValueSpecification\",\"valueRequired\":true,\"valueName\":\"search_term_string\"}}],\"inLanguage\":\"fr-FR\"},{\"@type\":\"Organization\",\"@id\":\"https:\\\/\\\/spacewell.com\\\/fr\\\/#organization\",\"name\":\"Spacewell | A Nemetschek Company\",\"url\":\"https:\\\/\\\/spacewell.com\\\/fr\\\/\",\"logo\":{\"@type\":\"ImageObject\",\"inLanguage\":\"fr-FR\",\"@id\":\"https:\\\/\\\/spacewell.com\\\/fr\\\/#\\\/schema\\\/logo\\\/image\\\/\",\"url\":\"https:\\\/\\\/spacewell.com\\\/wp-content\\\/uploads\\\/2023\\\/05\\\/spacewell-logo-500x88-1.webp\",\"contentUrl\":\"https:\\\/\\\/spacewell.com\\\/wp-content\\\/uploads\\\/2023\\\/05\\\/spacewell-logo-500x88-1.webp\",\"width\":500,\"height\":88,\"caption\":\"Spacewell | A Nemetschek Company\"},\"image\":{\"@id\":\"https:\\\/\\\/spacewell.com\\\/fr\\\/#\\\/schema\\\/logo\\\/image\\\/\"},\"sameAs\":[\"https:\\\/\\\/www.facebook.com\\\/SpacewellHQ\",\"https:\\\/\\\/x.com\\\/Spacewell_HQ\"]},{\"@type\":\"Person\",\"@id\":\"https:\\\/\\\/spacewell.com\\\/fr\\\/#\\\/schema\\\/person\\\/3ab9f25a5170063123a203b278975eb8\",\"name\":\"GR DEV\",\"image\":{\"@type\":\"ImageObject\",\"inLanguage\":\"fr-FR\",\"@id\":\"https:\\\/\\\/secure.gravatar.com\\\/avatar\\\/9c441388245d3fac0379458f7558a0cf897d50b2cbbc2f90fe4bc9396e01c79d?s=96&d=mm&r=g\",\"url\":\"https:\\\/\\\/secure.gravatar.com\\\/avatar\\\/9c441388245d3fac0379458f7558a0cf897d50b2cbbc2f90fe4bc9396e01c79d?s=96&d=mm&r=g\",\"contentUrl\":\"https:\\\/\\\/secure.gravatar.com\\\/avatar\\\/9c441388245d3fac0379458f7558a0cf897d50b2cbbc2f90fe4bc9396e01c79d?s=96&d=mm&r=g\",\"caption\":\"GR DEV\"},\"url\":\"https:\\\/\\\/spacewell.com\\\/fr\\\/author\\\/gr-dev\\\/\"}]}<\/script>\n<!-- \/ Yoast SEO Premium plugin. -->","yoast_head_json":{"title":"Mix \u00c9nerg\u00e9tique : Vers une Production de l\u2019\u00c9lectricit\u00e9 plus Responsable - Spacewell | A Nemetschek Company","robots":{"index":"index","follow":"follow","max-snippet":"max-snippet:-1","max-image-preview":"max-image-preview:large","max-video-preview":"max-video-preview:-1"},"canonical":"https:\/\/spacewell.com\/fr\/ressources\/blog\/mix-energetique-vers-une-production-de-lelectricite-plus-responsable\/","og_locale":"fr_FR","og_type":"article","og_title":"Mix \u00c9nerg\u00e9tique : Vers une Production de l\u2019\u00c9lectricit\u00e9 plus Responsable","og_description":"Quelles sont les sources d&rsquo;\u00e9nergie utilis\u00e9es en France pour produire de l&rsquo;\u00e9lectricit\u00e9 ? Le charbon, le nucl\u00e9aire, le gaz naturel sont tout autant de sources primaires faisant partie du mix \u00e9nerg\u00e9tique fran\u00e7ais. Depuis de nombreuses ann\u00e9es, le nucl\u00e9aire occupe une part importante dans la production d&rsquo;\u00e9nergie. Cependant, les objectifs du gouvernement en mati\u00e8re de r\u00e9duction [&hellip;]","og_url":"https:\/\/spacewell.com\/fr\/ressources\/blog\/mix-energetique-vers-une-production-de-lelectricite-plus-responsable\/","og_site_name":"Spacewell | A Nemetschek Company","article_publisher":"https:\/\/www.facebook.com\/SpacewellHQ","article_published_time":"2023-03-10T10:30:10+00:00","og_image":[{"width":560,"height":315,"url":"https:\/\/spacewell.com\/wp-content\/uploads\/2023\/03\/Energy-Mix.png","type":"image\/png"}],"author":"GR DEV","twitter_card":"summary_large_image","twitter_creator":"@Spacewell_HQ","twitter_site":"@Spacewell_HQ","twitter_misc":{"\u00c9crit par":"GR DEV","Dur\u00e9e de lecture estim\u00e9e":"10 minutes"},"schema":{"@context":"https:\/\/schema.org","@graph":[{"@type":"Article","@id":"https:\/\/spacewell.com\/fr\/ressources\/blog\/mix-energetique-vers-une-production-de-lelectricite-plus-responsable\/#article","isPartOf":{"@id":"https:\/\/spacewell.com\/fr\/ressources\/blog\/mix-energetique-vers-une-production-de-lelectricite-plus-responsable\/"},"author":{"name":"GR DEV","@id":"https:\/\/spacewell.com\/fr\/#\/schema\/person\/3ab9f25a5170063123a203b278975eb8"},"headline":"Mix \u00c9nerg\u00e9tique : Vers une Production de l\u2019\u00c9lectricit\u00e9 plus Responsable","datePublished":"2023-03-10T10:30:10+00:00","mainEntityOfPage":{"@id":"https:\/\/spacewell.com\/fr\/ressources\/blog\/mix-energetique-vers-une-production-de-lelectricite-plus-responsable\/"},"wordCount":2039,"publisher":{"@id":"https:\/\/spacewell.com\/fr\/#organization"},"image":{"@id":"https:\/\/spacewell.com\/fr\/ressources\/blog\/mix-energetique-vers-une-production-de-lelectricite-plus-responsable\/#primaryimage"},"thumbnailUrl":"https:\/\/spacewell.com\/wp-content\/uploads\/2023\/03\/Energy-Mix.png","articleSection":["Blog"],"inLanguage":"fr-FR"},{"@type":"WebPage","@id":"https:\/\/spacewell.com\/fr\/ressources\/blog\/mix-energetique-vers-une-production-de-lelectricite-plus-responsable\/","url":"https:\/\/spacewell.com\/fr\/ressources\/blog\/mix-energetique-vers-une-production-de-lelectricite-plus-responsable\/","name":"Mix \u00c9nerg\u00e9tique : Vers une Production de l\u2019\u00c9lectricit\u00e9 plus Responsable - Spacewell | A Nemetschek Company","isPartOf":{"@id":"https:\/\/spacewell.com\/fr\/#website"},"primaryImageOfPage":{"@id":"https:\/\/spacewell.com\/fr\/ressources\/blog\/mix-energetique-vers-une-production-de-lelectricite-plus-responsable\/#primaryimage"},"image":{"@id":"https:\/\/spacewell.com\/fr\/ressources\/blog\/mix-energetique-vers-une-production-de-lelectricite-plus-responsable\/#primaryimage"},"thumbnailUrl":"https:\/\/spacewell.com\/wp-content\/uploads\/2023\/03\/Energy-Mix.png","datePublished":"2023-03-10T10:30:10+00:00","breadcrumb":{"@id":"https:\/\/spacewell.com\/fr\/ressources\/blog\/mix-energetique-vers-une-production-de-lelectricite-plus-responsable\/#breadcrumb"},"inLanguage":"fr-FR","potentialAction":[{"@type":"ReadAction","target":["https:\/\/spacewell.com\/fr\/ressources\/blog\/mix-energetique-vers-une-production-de-lelectricite-plus-responsable\/"]}]},{"@type":"ImageObject","inLanguage":"fr-FR","@id":"https:\/\/spacewell.com\/fr\/ressources\/blog\/mix-energetique-vers-une-production-de-lelectricite-plus-responsable\/#primaryimage","url":"https:\/\/spacewell.com\/wp-content\/uploads\/2023\/03\/Energy-Mix.png","contentUrl":"https:\/\/spacewell.com\/wp-content\/uploads\/2023\/03\/Energy-Mix.png","width":560,"height":315},{"@type":"BreadcrumbList","@id":"https:\/\/spacewell.com\/fr\/ressources\/blog\/mix-energetique-vers-une-production-de-lelectricite-plus-responsable\/#breadcrumb","itemListElement":[{"@type":"ListItem","position":1,"name":"Home","item":"https:\/\/spacewell.com\/fr\/"},{"@type":"ListItem","position":2,"name":"Mix \u00c9nerg\u00e9tique : Vers une Production de l\u2019\u00c9lectricit\u00e9 plus Responsable"}]},{"@type":"WebSite","@id":"https:\/\/spacewell.com\/fr\/#website","url":"https:\/\/spacewell.com\/fr\/","name":"Spacewell | A Nemetschek Company","description":"Make buildings work for people","publisher":{"@id":"https:\/\/spacewell.com\/fr\/#organization"},"potentialAction":[{"@type":"SearchAction","target":{"@type":"EntryPoint","urlTemplate":"https:\/\/spacewell.com\/fr\/?s={search_term_string}"},"query-input":{"@type":"PropertyValueSpecification","valueRequired":true,"valueName":"search_term_string"}}],"inLanguage":"fr-FR"},{"@type":"Organization","@id":"https:\/\/spacewell.com\/fr\/#organization","name":"Spacewell | A Nemetschek Company","url":"https:\/\/spacewell.com\/fr\/","logo":{"@type":"ImageObject","inLanguage":"fr-FR","@id":"https:\/\/spacewell.com\/fr\/#\/schema\/logo\/image\/","url":"https:\/\/spacewell.com\/wp-content\/uploads\/2023\/05\/spacewell-logo-500x88-1.webp","contentUrl":"https:\/\/spacewell.com\/wp-content\/uploads\/2023\/05\/spacewell-logo-500x88-1.webp","width":500,"height":88,"caption":"Spacewell | A Nemetschek Company"},"image":{"@id":"https:\/\/spacewell.com\/fr\/#\/schema\/logo\/image\/"},"sameAs":["https:\/\/www.facebook.com\/SpacewellHQ","https:\/\/x.com\/Spacewell_HQ"]},{"@type":"Person","@id":"https:\/\/spacewell.com\/fr\/#\/schema\/person\/3ab9f25a5170063123a203b278975eb8","name":"GR DEV","image":{"@type":"ImageObject","inLanguage":"fr-FR","@id":"https:\/\/secure.gravatar.com\/avatar\/9c441388245d3fac0379458f7558a0cf897d50b2cbbc2f90fe4bc9396e01c79d?s=96&d=mm&r=g","url":"https:\/\/secure.gravatar.com\/avatar\/9c441388245d3fac0379458f7558a0cf897d50b2cbbc2f90fe4bc9396e01c79d?s=96&d=mm&r=g","contentUrl":"https:\/\/secure.gravatar.com\/avatar\/9c441388245d3fac0379458f7558a0cf897d50b2cbbc2f90fe4bc9396e01c79d?s=96&d=mm&r=g","caption":"GR DEV"},"url":"https:\/\/spacewell.com\/fr\/author\/gr-dev\/"}]}},"_links":{"self":[{"href":"https:\/\/spacewell.com\/fr\/wp-json\/wp\/v2\/posts\/38333","targetHints":{"allow":["GET"]}}],"collection":[{"href":"https:\/\/spacewell.com\/fr\/wp-json\/wp\/v2\/posts"}],"about":[{"href":"https:\/\/spacewell.com\/fr\/wp-json\/wp\/v2\/types\/post"}],"author":[{"embeddable":true,"href":"https:\/\/spacewell.com\/fr\/wp-json\/wp\/v2\/users\/39"}],"replies":[{"embeddable":true,"href":"https:\/\/spacewell.com\/fr\/wp-json\/wp\/v2\/comments?post=38333"}],"version-history":[{"count":0,"href":"https:\/\/spacewell.com\/fr\/wp-json\/wp\/v2\/posts\/38333\/revisions"}],"wp:featuredmedia":[{"embeddable":true,"href":"https:\/\/spacewell.com\/fr\/wp-json\/wp\/v2\/media\/35574"}],"wp:attachment":[{"href":"https:\/\/spacewell.com\/fr\/wp-json\/wp\/v2\/media?parent=38333"}],"wp:term":[{"taxonomy":"category","embeddable":true,"href":"https:\/\/spacewell.com\/fr\/wp-json\/wp\/v2\/categories?post=38333"},{"taxonomy":"post_tag","embeddable":true,"href":"https:\/\/spacewell.com\/fr\/wp-json\/wp\/v2\/tags?post=38333"}],"curies":[{"name":"wp","href":"https:\/\/api.w.org\/{rel}","templated":true}]}}