


{"id":34949,"date":"2023-03-21T11:17:46","date_gmt":"2023-03-21T10:17:46","guid":{"rendered":"https:\/\/spacewell.com\/non-classifiee\/dexma-nomme-xavi-novella-comme-nouveau-directeur-general\/"},"modified":"2025-06-24T14:13:24","modified_gmt":"2025-06-24T12:13:24","slug":"dexma-nomme-xavi-novella-comme-nouveau-directeur-general","status":"publish","type":"post","link":"https:\/\/spacewell.com\/fr\/ressources\/blog\/dexma-nomme-xavi-novella-comme-nouveau-directeur-general\/","title":{"rendered":"Xavi Novella nomm\u00e9 nouveau Directeur G\u00e9n\u00e9ral de Spacewell Energy"},"content":{"rendered":"<div class=\"gb-container gb-container-d807e79e gb-container-5731d80c\">\n<ul>\n<li aria-level=\"1\"><b><i>Xavi Novella sera charg\u00e9 de diriger le projet de l&rsquo;entreprise et de renforcer sa position en tant que hub mondial de l&rsquo;efficacit\u00e9 \u00e9nerg\u00e9tique.\u00a0<\/i><\/b><\/li>\n<\/ul>\n<ul>\n<li aria-level=\"1\"><b><i>Deux ans apr\u00e8s son acquisition par la multinationale Spacewell, la soci\u00e9t\u00e9 espagnole Dexma, bient\u00f4t Spacewell Energy, compte plus de 10 000 clients dans 35 pays.<\/i><\/b><\/li>\n<\/ul>\n<p><b>Barcelone, le 15 mars 2023<\/b><span style=\"font-weight: 400;\"> &#8211; Dexma, l&rsquo;un des principaux fournisseurs de solutions de gestion de l&rsquo;\u00e9nergie pour les b\u00e2timents, les commerces de d\u00e9tail et l&rsquo;industrie, a nomm\u00e9 Xavi Novella au poste de Directeur G\u00e9n\u00e9ral<\/span><span style=\"font-weight: 400;\">. Depuis 2015, il occupait le poste de directeur des \u00e9quipes Op\u00e9rations et Customer Success. D\u00e9sormais, il coordonnera l&rsquo;activit\u00e9 de l&rsquo;entreprise dans le but de consolider sa position de <\/span><span style=\"font-weight: 400;\">hub mondial en mati\u00e8re d&rsquo;efficacit\u00e9 \u00e9nerg\u00e9tique.<\/span><\/p>\n<p><span style=\"font-weight: 400;\">Gr\u00e2ce \u00e0 sa connaissance approfondie du secteur de l&rsquo;\u00e9nergie et de son exp\u00e9rience en mati\u00e8re de vente et de gestion, le nouveau dirigeant sera charg\u00e9 de mener et accompagner <strong>Dexma<\/strong> vers une nouvelle \u00e9tape<\/span><span style=\"font-weight: 400;\">, actuellement en pleine croissance. La soci\u00e9t\u00e9 a cl\u00f4tur\u00e9 l&rsquo;ann\u00e9e 2022 avec un chiffre d&rsquo;affaires de 4,3 millions d&rsquo;euros, ce qui repr\u00e9sente une augmentation de 20 % par rapport \u00e0 l&rsquo;ann\u00e9e pr\u00e9c\u00e9dente. Depuis 2020, Dexma fait partie de l\u2019entreprise technologique <\/span><b>Spacewell<\/b><span style=\"font-weight: 400;\"> (elle m\u00eame appartenant \u00e0 Nemetschek) et a r\u00e9ussi \u00e0 devenir, depuis Barcelone, le p\u00f4le \u00ab\u00a0\u00c9nergie\u00a0\u00bb du groupe. De plus, dans un contexte mondial marqu\u00e9 par la hausse des prix de l&rsquo;\u00e9nergie, l&rsquo;entreprise espagnole continue d&rsquo;\u00e9largir son portefeuille clients, tant au niveau national qu&rsquo;international, et propose actuellement ses solutions \u00e0 plus de 10 000 entreprises r\u00e9parties dans 35 pays diff\u00e9rents.<\/span><\/p>\n<p><span style=\"font-weight: 400;\">Xavi Novella est dipl\u00f4m\u00e9 de l&rsquo;Universit\u00e9 Ramon Llull en ing\u00e9nierie \u00e9lectronique et t\u00e9l\u00e9communications, et est titulaire d&rsquo;une Certification PMP du PMI et d&rsquo;un MBA de l&rsquo;\u00c9cole de Commerce ESADE. Au cours de sa carri\u00e8re professionnelle, il a occup\u00e9 plusieurs postes \u00e0 haute responsabilit\u00e9 dans des entreprises telles que Heliocor Iberia ou iWall In Shop, dans laquelle il a assum\u00e9 la direction g\u00e9n\u00e9rale. Avec ce nouveau r\u00f4le, il a pour ambition de consolider la strat\u00e9gie internationale de l&rsquo;entreprise et d&rsquo;explorer de nouvelles opportunit\u00e9s d&rsquo;expansion sur de nouveaux march\u00e9s, tels que les \u00c9tats-Unis.\u00a0<\/span><\/p>\n<p><b>Xavi Novella<\/b><span style=\"font-weight: 400;\"> a d\u00e9clar\u00e9 : \u00ab\u00a0Je suis tr\u00e8s enthousiaste \u00e0 l&rsquo;id\u00e9e d&rsquo;entamer ce nouveau chapitre de l&rsquo;entreprise et, en m\u00eame temps, tr\u00e8s reconnaissant envers tous mes coll\u00e8gues qui ont rendu cela possible. Depuis ce nouveau poste, je continuerai \u00e0 renforcer la vision de Dexma, en aidant les entreprises du monde entier, quels que soient leurs secteurs, \u00e0 r\u00e9imaginer leur relation avec leur consommation d&rsquo;\u00e9nergie et, de cette fa\u00e7on, \u00e0 contribuer \u00e0 un avenir plus durable et plus efficace\u00a0\u00bb.<\/span><\/p>\n<h3><span style=\"font-weight: 400; color: #41659e;\">\u00c0 propos de Dexma<\/span><\/h3>\n<p><span style=\"font-weight: 400;\">Dexma fournit une intelligence \u00e9nerg\u00e9tique bas\u00e9e sur les donn\u00e9es. Sa solution SaaS permet aux gestionnaires d\u2019installations et de biens immobiliers, aux fournisseurs de services \u00e9nerg\u00e9tiques et aux consultants d\u2019\u00e9tablir des rapports sur les consommations d\u2019\u00e9nergie, d\u2019analyser les mod\u00e8les d\u2019utilisation ainsi que les inefficacit\u00e9s et de d\u00e9tecter les anomalies en temps r\u00e9el. Elle aide les entreprises \u00e0 optimiser l\u2019efficacit\u00e9 \u00e9nerg\u00e9tique de leurs b\u00e2timents et \u00e0 r\u00e9duire les \u00e9missions de carbone.<\/span><\/p>\n<p><span style=\"font-weight: 400;\">Les solutions de gestion des donn\u00e9es \u00e9nerg\u00e9tiques automatis\u00e9es sont essentielles pour minimiser l\u2019empreinte \u00e9cologique des organisations et des portefeuilles de b\u00e2timents. Gr\u00e2ce \u00e0 l\u2019intelligence artificielle, les donn\u00e9es g\u00e9n\u00e9r\u00e9es par ces outils permettent de pr\u00e9dire le comportement des b\u00e2timents \u2013 et donc de r\u00e9duire les co\u00fbts \u00e9nerg\u00e9tiques, de suivre l\u2019utilisation des ressources naturelles et de construire un monde meilleur.<\/span><\/p>\n<h3><span style=\"font-weight: 400; color: #41659e;\">\u00c0 propos de Spacewell<\/span><\/h3>\n<p><a href=\"https:\/\/spacewell.com\/fr\/\"><span style=\"font-weight: 400;\">Spacewell<\/span><\/a><span style=\"font-weight: 400;\"> fait partie du Groupe Nemetschek, un pionnier de la transformation digitale dans l\u2019industrie AECO. En tant que l\u2019un des principaux groupes d\u2019entreprises au monde, Nemetschek couvre l\u2019ensemble du cycle de vie des projets de construction et d\u2019infrastructure gr\u00e2ce \u00e0 ses solutions logicielles et guide ses clients vers l\u2019avenir de la digitalisation.\u00a0<\/span><\/p>\n<p><span style=\"font-weight: 400;\">Les solutions logicielles et technologiques de Spacewell se concentrent sur la phase d\u2019utilisation (gestion et exploitation) des b\u00e2timents.. Notre objectif est d\u2019aider les gestionnaires des b\u00e2timents, de l\u2019\u00e9nergie, des lieux de travail et des installations \u00e0 am\u00e9liorer la performance et la durabilit\u00e9 de leurs portefeuilles de b\u00e2timents, la productivit\u00e9 et le bien-\u00eatre des personnes qui les occupent, ainsi que la qualit\u00e9 des services qui leur sont fournis.<\/span><\/p>\n<p><span style=\"font-weight: 400;\">Spacewell est reconnu \u00e0 la fois pour l\u2019\u00e9tendue et la facilit\u00e9 d\u2019utilisation de ses solutions dans un march\u00e9 immobilier qui devient de plus en plus ax\u00e9 sur les occupants. La plateforme de gestion de l\u2019\u00e9nergie Dexma by Spacewell tire parti de l\u2019intelligence artificielle pour optimiser la performance \u00e9nerg\u00e9tique de mani\u00e8re proactive et continue.<\/span><\/p>\n<h3><span style=\"font-weight: 400; color: #41659e;\">\u00c0 propos du Groupe Nemetschek<\/span><\/h3>\n<p><span style=\"font-weight: 400;\">Le <\/span><a href=\"https:\/\/www.nemetschek.com\/en\"><span style=\"font-weight: 400;\">Groupe Nemetschek<\/span><\/a><span style=\"font-weight: 400;\"> est un pionnier de la transformation digitale dans l\u2019industrie AECO, des m\u00e9dias et du divertissement. Avec ses solutions logicielles intelligentes, il couvre le cycle de vie complet des projets de construction et d\u2019infrastructure et guide ses clients vers l\u2019avenir de la digitalisation. En tant que l\u2019un des principaux groupes d\u2019entreprises au monde, le Groupe Nemetschek augmente la qualit\u00e9 du processus de construction et am\u00e9liore le flux de travail digital de tous les intervenants dans le processus de construction. Gr\u00e2ce aux logiciels, les b\u00e2timents peuvent \u00eatre planifi\u00e9s, construits et exploit\u00e9s de mani\u00e8re plus efficace, plus durable et plus \u00e9conome en ressources.\u00a0<\/span><\/p>\n<p><span style=\"font-weight: 400;\">Le Groupe Nemetschek se concentre sur l\u2019utilisation de normes ouvertes (Open BIM). Le portefeuille comprend \u00e9galement des solutions digitales pour la visualisation, la mod\u00e9lisation 3D et l\u2019animation. Les produits innovants\u00a0 Les solutions innovantes des marques ALLPLAN, Bluebeam, Crem Solutions, dRofus, FRILO, Graphisoft, Maxon, Nevaris, RISA, SCIA, Solibri, Spacewell et Vectorworks dans les quatre segments orient\u00e9s clients sont utilis\u00e9es par environ 6,5 millions d\u2019utilisateurs dans le monde. Fond\u00e9 par le professeur Georg Nemetschek en 1963, le Groupe Nemetschek emploie aujourd\u2019hui environ 3 400 experts dans le monde entier.\u00a0<\/span><\/p>\n<p><span style=\"font-weight: 400;\">Cot\u00e9e en bourse depuis 1999 et cot\u00e9e sur le MDAX et le TecDAX, l\u2019entreprise a r\u00e9alis\u00e9 un chiffre d\u2019affaires de 681,5 millions d\u2019euros et un EBITDA de 222,0 millions d\u2019euros en 2021.<\/span><\/p>\n<h3><span style=\"font-weight: 400; color: #41659e;\">Pour plus d\u2019informations :<\/span><\/h3>\n<p><strong>Elodie Guillard<\/strong><br \/>\nMarketing Director<br \/>\neguillard@dexma.com<\/p>\n<\/div>\n","protected":false},"excerpt":{"rendered":"<p>Xavi Novella sera charg\u00e9 de diriger le projet de l&rsquo;entreprise et de renforcer sa position en tant que hub mondial de l&rsquo;efficacit\u00e9 \u00e9nerg\u00e9tique.\u00a0 Deux ans apr\u00e8s son acquisition par la multinationale Spacewell, la soci\u00e9t\u00e9 espagnole Dexma, bient\u00f4t Spacewell Energy, compte plus de 10 000 clients dans 35 pays. Barcelone, le 15 mars 2023 &#8211; Dexma, [&hellip;]<\/p>\n","protected":false},"author":39,"featured_media":34950,"comment_status":"closed","ping_status":"open","sticky":false,"template":"","format":"standard","meta":{"_acf_changed":false,"footnotes":""},"categories":[83,34],"tags":[],"class_list":["post-34949","post","type-post","status-publish","format-standard","has-post-thumbnail","hentry","category-actualites","category-blog","generate-columns","tablet-grid-50","mobile-grid-100","grid-parent","grid-50","no-featured-image-padding"],"acf":[],"yoast_head":"<!-- This site is optimized with the Yoast SEO Premium plugin v26.0 (Yoast SEO v27.4) - https:\/\/yoast.com\/product\/yoast-seo-premium-wordpress\/ -->\n<title>Xavi Novella nomm\u00e9 nouveau Directeur G\u00e9n\u00e9ral de Spacewell Energy - Spacewell | A Nemetschek Company<\/title>\n<meta name=\"robots\" content=\"index, follow, max-snippet:-1, max-image-preview:large, max-video-preview:-1\" \/>\n<link rel=\"canonical\" href=\"https:\/\/spacewell.com\/fr\/ressources\/blog\/dexma-nomme-xavi-novella-comme-nouveau-directeur-general\/\" \/>\n<meta property=\"og:locale\" content=\"fr_FR\" \/>\n<meta property=\"og:type\" content=\"article\" \/>\n<meta property=\"og:title\" content=\"Xavi Novella nomm\u00e9 nouveau Directeur G\u00e9n\u00e9ral de Spacewell Energy\" \/>\n<meta property=\"og:description\" content=\"Xavi Novella sera charg\u00e9 de diriger le projet de l&rsquo;entreprise et de renforcer sa position en tant que hub mondial de l&rsquo;efficacit\u00e9 \u00e9nerg\u00e9tique.\u00a0 Deux ans apr\u00e8s son acquisition par la multinationale Spacewell, la soci\u00e9t\u00e9 espagnole Dexma, bient\u00f4t Spacewell Energy, compte plus de 10 000 clients dans 35 pays. Barcelone, le 15 mars 2023 &#8211; Dexma, [&hellip;]\" \/>\n<meta property=\"og:url\" content=\"https:\/\/spacewell.com\/fr\/ressources\/blog\/dexma-nomme-xavi-novella-comme-nouveau-directeur-general\/\" \/>\n<meta property=\"og:site_name\" content=\"Spacewell | A Nemetschek Company\" \/>\n<meta property=\"article:publisher\" content=\"https:\/\/www.facebook.com\/SpacewellHQ\" \/>\n<meta property=\"article:published_time\" content=\"2023-03-21T10:17:46+00:00\" \/>\n<meta property=\"article:modified_time\" content=\"2025-06-24T12:13:24+00:00\" \/>\n<meta property=\"og:image\" content=\"https:\/\/spacewell.com\/wp-content\/uploads\/2023\/03\/FR-Dexma-Appoints-Xavi-Novella-as-new-senior-vicepresident-1.png\" \/>\n\t<meta property=\"og:image:width\" content=\"1050\" \/>\n\t<meta property=\"og:image:height\" content=\"591\" \/>\n\t<meta property=\"og:image:type\" content=\"image\/png\" \/>\n<meta name=\"author\" content=\"GR DEV\" \/>\n<meta name=\"twitter:card\" content=\"summary_large_image\" \/>\n<meta name=\"twitter:creator\" content=\"@Spacewell_HQ\" \/>\n<meta name=\"twitter:site\" content=\"@Spacewell_HQ\" \/>\n<meta name=\"twitter:label1\" content=\"\u00c9crit par\" \/>\n\t<meta name=\"twitter:data1\" content=\"GR DEV\" \/>\n\t<meta name=\"twitter:label2\" content=\"Dur\u00e9e de lecture estim\u00e9e\" \/>\n\t<meta name=\"twitter:data2\" content=\"6 minutes\" \/>\n<script type=\"application\/ld+json\" class=\"yoast-schema-graph\">{\"@context\":\"https:\\\/\\\/schema.org\",\"@graph\":[{\"@type\":\"Article\",\"@id\":\"https:\\\/\\\/spacewell.com\\\/fr\\\/ressources\\\/blog\\\/dexma-nomme-xavi-novella-comme-nouveau-directeur-general\\\/#article\",\"isPartOf\":{\"@id\":\"https:\\\/\\\/spacewell.com\\\/fr\\\/ressources\\\/blog\\\/dexma-nomme-xavi-novella-comme-nouveau-directeur-general\\\/\"},\"author\":{\"name\":\"GR DEV\",\"@id\":\"https:\\\/\\\/spacewell.com\\\/fr\\\/#\\\/schema\\\/person\\\/3ab9f25a5170063123a203b278975eb8\"},\"headline\":\"Xavi Novella nomm\u00e9 nouveau Directeur G\u00e9n\u00e9ral de Spacewell Energy\",\"datePublished\":\"2023-03-21T10:17:46+00:00\",\"dateModified\":\"2025-06-24T12:13:24+00:00\",\"mainEntityOfPage\":{\"@id\":\"https:\\\/\\\/spacewell.com\\\/fr\\\/ressources\\\/blog\\\/dexma-nomme-xavi-novella-comme-nouveau-directeur-general\\\/\"},\"wordCount\":1114,\"publisher\":{\"@id\":\"https:\\\/\\\/spacewell.com\\\/fr\\\/#organization\"},\"image\":{\"@id\":\"https:\\\/\\\/spacewell.com\\\/fr\\\/ressources\\\/blog\\\/dexma-nomme-xavi-novella-comme-nouveau-directeur-general\\\/#primaryimage\"},\"thumbnailUrl\":\"https:\\\/\\\/spacewell.com\\\/wp-content\\\/uploads\\\/2023\\\/03\\\/FR-Dexma-Appoints-Xavi-Novella-as-new-senior-vicepresident-1.png\",\"articleSection\":[\"Actualit\u00e9s\",\"Blog\"],\"inLanguage\":\"fr-FR\"},{\"@type\":\"WebPage\",\"@id\":\"https:\\\/\\\/spacewell.com\\\/fr\\\/ressources\\\/blog\\\/dexma-nomme-xavi-novella-comme-nouveau-directeur-general\\\/\",\"url\":\"https:\\\/\\\/spacewell.com\\\/fr\\\/ressources\\\/blog\\\/dexma-nomme-xavi-novella-comme-nouveau-directeur-general\\\/\",\"name\":\"Xavi Novella nomm\u00e9 nouveau Directeur G\u00e9n\u00e9ral de Spacewell Energy - Spacewell | A Nemetschek Company\",\"isPartOf\":{\"@id\":\"https:\\\/\\\/spacewell.com\\\/fr\\\/#website\"},\"primaryImageOfPage\":{\"@id\":\"https:\\\/\\\/spacewell.com\\\/fr\\\/ressources\\\/blog\\\/dexma-nomme-xavi-novella-comme-nouveau-directeur-general\\\/#primaryimage\"},\"image\":{\"@id\":\"https:\\\/\\\/spacewell.com\\\/fr\\\/ressources\\\/blog\\\/dexma-nomme-xavi-novella-comme-nouveau-directeur-general\\\/#primaryimage\"},\"thumbnailUrl\":\"https:\\\/\\\/spacewell.com\\\/wp-content\\\/uploads\\\/2023\\\/03\\\/FR-Dexma-Appoints-Xavi-Novella-as-new-senior-vicepresident-1.png\",\"datePublished\":\"2023-03-21T10:17:46+00:00\",\"dateModified\":\"2025-06-24T12:13:24+00:00\",\"breadcrumb\":{\"@id\":\"https:\\\/\\\/spacewell.com\\\/fr\\\/ressources\\\/blog\\\/dexma-nomme-xavi-novella-comme-nouveau-directeur-general\\\/#breadcrumb\"},\"inLanguage\":\"fr-FR\",\"potentialAction\":[{\"@type\":\"ReadAction\",\"target\":[\"https:\\\/\\\/spacewell.com\\\/fr\\\/ressources\\\/blog\\\/dexma-nomme-xavi-novella-comme-nouveau-directeur-general\\\/\"]}]},{\"@type\":\"ImageObject\",\"inLanguage\":\"fr-FR\",\"@id\":\"https:\\\/\\\/spacewell.com\\\/fr\\\/ressources\\\/blog\\\/dexma-nomme-xavi-novella-comme-nouveau-directeur-general\\\/#primaryimage\",\"url\":\"https:\\\/\\\/spacewell.com\\\/wp-content\\\/uploads\\\/2023\\\/03\\\/FR-Dexma-Appoints-Xavi-Novella-as-new-senior-vicepresident-1.png\",\"contentUrl\":\"https:\\\/\\\/spacewell.com\\\/wp-content\\\/uploads\\\/2023\\\/03\\\/FR-Dexma-Appoints-Xavi-Novella-as-new-senior-vicepresident-1.png\",\"width\":1050,\"height\":591},{\"@type\":\"BreadcrumbList\",\"@id\":\"https:\\\/\\\/spacewell.com\\\/fr\\\/ressources\\\/blog\\\/dexma-nomme-xavi-novella-comme-nouveau-directeur-general\\\/#breadcrumb\",\"itemListElement\":[{\"@type\":\"ListItem\",\"position\":1,\"name\":\"Home\",\"item\":\"https:\\\/\\\/spacewell.com\\\/fr\\\/\"},{\"@type\":\"ListItem\",\"position\":2,\"name\":\"Xavi Novella nomm\u00e9 nouveau Directeur G\u00e9n\u00e9ral de Spacewell Energy\"}]},{\"@type\":\"WebSite\",\"@id\":\"https:\\\/\\\/spacewell.com\\\/fr\\\/#website\",\"url\":\"https:\\\/\\\/spacewell.com\\\/fr\\\/\",\"name\":\"Spacewell | A Nemetschek Company\",\"description\":\"Make buildings work for people\",\"publisher\":{\"@id\":\"https:\\\/\\\/spacewell.com\\\/fr\\\/#organization\"},\"potentialAction\":[{\"@type\":\"SearchAction\",\"target\":{\"@type\":\"EntryPoint\",\"urlTemplate\":\"https:\\\/\\\/spacewell.com\\\/fr\\\/?s={search_term_string}\"},\"query-input\":{\"@type\":\"PropertyValueSpecification\",\"valueRequired\":true,\"valueName\":\"search_term_string\"}}],\"inLanguage\":\"fr-FR\"},{\"@type\":\"Organization\",\"@id\":\"https:\\\/\\\/spacewell.com\\\/fr\\\/#organization\",\"name\":\"Spacewell | A Nemetschek Company\",\"url\":\"https:\\\/\\\/spacewell.com\\\/fr\\\/\",\"logo\":{\"@type\":\"ImageObject\",\"inLanguage\":\"fr-FR\",\"@id\":\"https:\\\/\\\/spacewell.com\\\/fr\\\/#\\\/schema\\\/logo\\\/image\\\/\",\"url\":\"https:\\\/\\\/spacewell.com\\\/wp-content\\\/uploads\\\/2023\\\/05\\\/spacewell-logo-500x88-1.webp\",\"contentUrl\":\"https:\\\/\\\/spacewell.com\\\/wp-content\\\/uploads\\\/2023\\\/05\\\/spacewell-logo-500x88-1.webp\",\"width\":500,\"height\":88,\"caption\":\"Spacewell | A Nemetschek Company\"},\"image\":{\"@id\":\"https:\\\/\\\/spacewell.com\\\/fr\\\/#\\\/schema\\\/logo\\\/image\\\/\"},\"sameAs\":[\"https:\\\/\\\/www.facebook.com\\\/SpacewellHQ\",\"https:\\\/\\\/x.com\\\/Spacewell_HQ\"]},{\"@type\":\"Person\",\"@id\":\"https:\\\/\\\/spacewell.com\\\/fr\\\/#\\\/schema\\\/person\\\/3ab9f25a5170063123a203b278975eb8\",\"name\":\"GR DEV\",\"image\":{\"@type\":\"ImageObject\",\"inLanguage\":\"fr-FR\",\"@id\":\"https:\\\/\\\/secure.gravatar.com\\\/avatar\\\/9c441388245d3fac0379458f7558a0cf897d50b2cbbc2f90fe4bc9396e01c79d?s=96&d=mm&r=g\",\"url\":\"https:\\\/\\\/secure.gravatar.com\\\/avatar\\\/9c441388245d3fac0379458f7558a0cf897d50b2cbbc2f90fe4bc9396e01c79d?s=96&d=mm&r=g\",\"contentUrl\":\"https:\\\/\\\/secure.gravatar.com\\\/avatar\\\/9c441388245d3fac0379458f7558a0cf897d50b2cbbc2f90fe4bc9396e01c79d?s=96&d=mm&r=g\",\"caption\":\"GR DEV\"},\"url\":\"https:\\\/\\\/spacewell.com\\\/fr\\\/author\\\/gr-dev\\\/\"}]}<\/script>\n<!-- \/ Yoast SEO Premium plugin. -->","yoast_head_json":{"title":"Xavi Novella nomm\u00e9 nouveau Directeur G\u00e9n\u00e9ral de Spacewell Energy - Spacewell | A Nemetschek Company","robots":{"index":"index","follow":"follow","max-snippet":"max-snippet:-1","max-image-preview":"max-image-preview:large","max-video-preview":"max-video-preview:-1"},"canonical":"https:\/\/spacewell.com\/fr\/ressources\/blog\/dexma-nomme-xavi-novella-comme-nouveau-directeur-general\/","og_locale":"fr_FR","og_type":"article","og_title":"Xavi Novella nomm\u00e9 nouveau Directeur G\u00e9n\u00e9ral de Spacewell Energy","og_description":"Xavi Novella sera charg\u00e9 de diriger le projet de l&rsquo;entreprise et de renforcer sa position en tant que hub mondial de l&rsquo;efficacit\u00e9 \u00e9nerg\u00e9tique.\u00a0 Deux ans apr\u00e8s son acquisition par la multinationale Spacewell, la soci\u00e9t\u00e9 espagnole Dexma, bient\u00f4t Spacewell Energy, compte plus de 10 000 clients dans 35 pays. Barcelone, le 15 mars 2023 &#8211; Dexma, [&hellip;]","og_url":"https:\/\/spacewell.com\/fr\/ressources\/blog\/dexma-nomme-xavi-novella-comme-nouveau-directeur-general\/","og_site_name":"Spacewell | A Nemetschek Company","article_publisher":"https:\/\/www.facebook.com\/SpacewellHQ","article_published_time":"2023-03-21T10:17:46+00:00","article_modified_time":"2025-06-24T12:13:24+00:00","og_image":[{"width":1050,"height":591,"url":"https:\/\/spacewell.com\/wp-content\/uploads\/2023\/03\/FR-Dexma-Appoints-Xavi-Novella-as-new-senior-vicepresident-1.png","type":"image\/png"}],"author":"GR DEV","twitter_card":"summary_large_image","twitter_creator":"@Spacewell_HQ","twitter_site":"@Spacewell_HQ","twitter_misc":{"\u00c9crit par":"GR DEV","Dur\u00e9e de lecture estim\u00e9e":"6 minutes"},"schema":{"@context":"https:\/\/schema.org","@graph":[{"@type":"Article","@id":"https:\/\/spacewell.com\/fr\/ressources\/blog\/dexma-nomme-xavi-novella-comme-nouveau-directeur-general\/#article","isPartOf":{"@id":"https:\/\/spacewell.com\/fr\/ressources\/blog\/dexma-nomme-xavi-novella-comme-nouveau-directeur-general\/"},"author":{"name":"GR DEV","@id":"https:\/\/spacewell.com\/fr\/#\/schema\/person\/3ab9f25a5170063123a203b278975eb8"},"headline":"Xavi Novella nomm\u00e9 nouveau Directeur G\u00e9n\u00e9ral de Spacewell Energy","datePublished":"2023-03-21T10:17:46+00:00","dateModified":"2025-06-24T12:13:24+00:00","mainEntityOfPage":{"@id":"https:\/\/spacewell.com\/fr\/ressources\/blog\/dexma-nomme-xavi-novella-comme-nouveau-directeur-general\/"},"wordCount":1114,"publisher":{"@id":"https:\/\/spacewell.com\/fr\/#organization"},"image":{"@id":"https:\/\/spacewell.com\/fr\/ressources\/blog\/dexma-nomme-xavi-novella-comme-nouveau-directeur-general\/#primaryimage"},"thumbnailUrl":"https:\/\/spacewell.com\/wp-content\/uploads\/2023\/03\/FR-Dexma-Appoints-Xavi-Novella-as-new-senior-vicepresident-1.png","articleSection":["Actualit\u00e9s","Blog"],"inLanguage":"fr-FR"},{"@type":"WebPage","@id":"https:\/\/spacewell.com\/fr\/ressources\/blog\/dexma-nomme-xavi-novella-comme-nouveau-directeur-general\/","url":"https:\/\/spacewell.com\/fr\/ressources\/blog\/dexma-nomme-xavi-novella-comme-nouveau-directeur-general\/","name":"Xavi Novella nomm\u00e9 nouveau Directeur G\u00e9n\u00e9ral de Spacewell Energy - Spacewell | A Nemetschek Company","isPartOf":{"@id":"https:\/\/spacewell.com\/fr\/#website"},"primaryImageOfPage":{"@id":"https:\/\/spacewell.com\/fr\/ressources\/blog\/dexma-nomme-xavi-novella-comme-nouveau-directeur-general\/#primaryimage"},"image":{"@id":"https:\/\/spacewell.com\/fr\/ressources\/blog\/dexma-nomme-xavi-novella-comme-nouveau-directeur-general\/#primaryimage"},"thumbnailUrl":"https:\/\/spacewell.com\/wp-content\/uploads\/2023\/03\/FR-Dexma-Appoints-Xavi-Novella-as-new-senior-vicepresident-1.png","datePublished":"2023-03-21T10:17:46+00:00","dateModified":"2025-06-24T12:13:24+00:00","breadcrumb":{"@id":"https:\/\/spacewell.com\/fr\/ressources\/blog\/dexma-nomme-xavi-novella-comme-nouveau-directeur-general\/#breadcrumb"},"inLanguage":"fr-FR","potentialAction":[{"@type":"ReadAction","target":["https:\/\/spacewell.com\/fr\/ressources\/blog\/dexma-nomme-xavi-novella-comme-nouveau-directeur-general\/"]}]},{"@type":"ImageObject","inLanguage":"fr-FR","@id":"https:\/\/spacewell.com\/fr\/ressources\/blog\/dexma-nomme-xavi-novella-comme-nouveau-directeur-general\/#primaryimage","url":"https:\/\/spacewell.com\/wp-content\/uploads\/2023\/03\/FR-Dexma-Appoints-Xavi-Novella-as-new-senior-vicepresident-1.png","contentUrl":"https:\/\/spacewell.com\/wp-content\/uploads\/2023\/03\/FR-Dexma-Appoints-Xavi-Novella-as-new-senior-vicepresident-1.png","width":1050,"height":591},{"@type":"BreadcrumbList","@id":"https:\/\/spacewell.com\/fr\/ressources\/blog\/dexma-nomme-xavi-novella-comme-nouveau-directeur-general\/#breadcrumb","itemListElement":[{"@type":"ListItem","position":1,"name":"Home","item":"https:\/\/spacewell.com\/fr\/"},{"@type":"ListItem","position":2,"name":"Xavi Novella nomm\u00e9 nouveau Directeur G\u00e9n\u00e9ral de Spacewell Energy"}]},{"@type":"WebSite","@id":"https:\/\/spacewell.com\/fr\/#website","url":"https:\/\/spacewell.com\/fr\/","name":"Spacewell | A Nemetschek Company","description":"Make buildings work for people","publisher":{"@id":"https:\/\/spacewell.com\/fr\/#organization"},"potentialAction":[{"@type":"SearchAction","target":{"@type":"EntryPoint","urlTemplate":"https:\/\/spacewell.com\/fr\/?s={search_term_string}"},"query-input":{"@type":"PropertyValueSpecification","valueRequired":true,"valueName":"search_term_string"}}],"inLanguage":"fr-FR"},{"@type":"Organization","@id":"https:\/\/spacewell.com\/fr\/#organization","name":"Spacewell | A Nemetschek Company","url":"https:\/\/spacewell.com\/fr\/","logo":{"@type":"ImageObject","inLanguage":"fr-FR","@id":"https:\/\/spacewell.com\/fr\/#\/schema\/logo\/image\/","url":"https:\/\/spacewell.com\/wp-content\/uploads\/2023\/05\/spacewell-logo-500x88-1.webp","contentUrl":"https:\/\/spacewell.com\/wp-content\/uploads\/2023\/05\/spacewell-logo-500x88-1.webp","width":500,"height":88,"caption":"Spacewell | A Nemetschek Company"},"image":{"@id":"https:\/\/spacewell.com\/fr\/#\/schema\/logo\/image\/"},"sameAs":["https:\/\/www.facebook.com\/SpacewellHQ","https:\/\/x.com\/Spacewell_HQ"]},{"@type":"Person","@id":"https:\/\/spacewell.com\/fr\/#\/schema\/person\/3ab9f25a5170063123a203b278975eb8","name":"GR DEV","image":{"@type":"ImageObject","inLanguage":"fr-FR","@id":"https:\/\/secure.gravatar.com\/avatar\/9c441388245d3fac0379458f7558a0cf897d50b2cbbc2f90fe4bc9396e01c79d?s=96&d=mm&r=g","url":"https:\/\/secure.gravatar.com\/avatar\/9c441388245d3fac0379458f7558a0cf897d50b2cbbc2f90fe4bc9396e01c79d?s=96&d=mm&r=g","contentUrl":"https:\/\/secure.gravatar.com\/avatar\/9c441388245d3fac0379458f7558a0cf897d50b2cbbc2f90fe4bc9396e01c79d?s=96&d=mm&r=g","caption":"GR DEV"},"url":"https:\/\/spacewell.com\/fr\/author\/gr-dev\/"}]}},"_links":{"self":[{"href":"https:\/\/spacewell.com\/fr\/wp-json\/wp\/v2\/posts\/34949","targetHints":{"allow":["GET"]}}],"collection":[{"href":"https:\/\/spacewell.com\/fr\/wp-json\/wp\/v2\/posts"}],"about":[{"href":"https:\/\/spacewell.com\/fr\/wp-json\/wp\/v2\/types\/post"}],"author":[{"embeddable":true,"href":"https:\/\/spacewell.com\/fr\/wp-json\/wp\/v2\/users\/39"}],"replies":[{"embeddable":true,"href":"https:\/\/spacewell.com\/fr\/wp-json\/wp\/v2\/comments?post=34949"}],"version-history":[{"count":11,"href":"https:\/\/spacewell.com\/fr\/wp-json\/wp\/v2\/posts\/34949\/revisions"}],"predecessor-version":[{"id":38161,"href":"https:\/\/spacewell.com\/fr\/wp-json\/wp\/v2\/posts\/34949\/revisions\/38161"}],"wp:featuredmedia":[{"embeddable":true,"href":"https:\/\/spacewell.com\/fr\/wp-json\/wp\/v2\/media\/34950"}],"wp:attachment":[{"href":"https:\/\/spacewell.com\/fr\/wp-json\/wp\/v2\/media?parent=34949"}],"wp:term":[{"taxonomy":"category","embeddable":true,"href":"https:\/\/spacewell.com\/fr\/wp-json\/wp\/v2\/categories?post=34949"},{"taxonomy":"post_tag","embeddable":true,"href":"https:\/\/spacewell.com\/fr\/wp-json\/wp\/v2\/tags?post=34949"}],"curies":[{"name":"wp","href":"https:\/\/api.w.org\/{rel}","templated":true}]}}