


{"id":25386,"date":"2023-10-18T09:26:00","date_gmt":"2023-10-18T07:26:00","guid":{"rendered":"https:\/\/spacewell.com\/non-classifiee\/spacewell-et-pressac-communications-annoncent-un-partenariat-strategique-axe-sur-le-suivi-de-lenergie\/"},"modified":"2023-10-26T15:04:22","modified_gmt":"2023-10-26T13:04:22","slug":"spacewell-et-pressac-communications-annoncent-un-partenariat-strategique-axe-sur-le-suivi-de-lenergie","status":"publish","type":"post","link":"https:\/\/spacewell.com\/fr\/societe\/actualites\/spacewell-et-pressac-communications-annoncent-un-partenariat-strategique-axe-sur-le-suivi-de-lenergie\/","title":{"rendered":"Spacewell et Pressac Communications annoncent un partenariat strat\u00e9gique ax\u00e9 sur le suivi de l\u2019\u00e9nergie"},"content":{"rendered":"<div class=\"gb-container gb-container-71ee5462 gb-container-5731d80c\">\n\n<p>Spacewell, fournisseur leader sur le march\u00e9 des solutions logicielles et technologiques et Pressac Communications, leader reconnu de la technologie IoT pour les b\u00e2timents intelligents et la fabrication intelligente ont annonc\u00e9 aujourd\u2019hui un partenariat strat\u00e9gique visant \u00e0 lancer sur le march\u00e9 une solution durable de suivi \u00e9nerg\u00e9tique.<\/p>\n\n\n\n<p>Tandis que les industries mondiales se dirigent vers des pratiques plus durables, plus efficaces et plus rentables, l\u2019objectif de cette collaboration est de fournir des solutions fiables, aussi faciles \u00e0 d\u00e9ployer qu\u2019\u00e0 faire \u00e9voluer. Les partenaires travailleront afin de fournir une technologie de pointe g\u00e9n\u00e9rant des donn\u00e9es et des informations qui vont faciliter la transition vers le net z\u00e9ro.<\/p>\n\n\n\n<h2 class=\"gb-headline gb-headline-5e1fc1ef gb-headline-text\">Le projet<\/h2>\n\n\n\n<p>Spacewell et Pressac Communications uniront leurs forces pour encourager l\u2019innovation dans le domaine de la gestion \u00e9nerg\u00e9tique. De l\u2019immobilier \u00e0 la fabrication, ce partenariat vise \u00e0 r\u00e9organiser des industries confront\u00e9es \u00e0 des besoins cruciaux allant de l\u2019efficacit\u00e9 op\u00e9rationnelle \u00e0 la conformit\u00e9 aux r\u00e8glementations, notamment l\u2019ISO 50.001. \u00ab L\u2019association de la plateforme ultramoderne d\u2019analyse de Spacewell \u00e0 l\u2019expertise IoT de Pressac fournit une solution compl\u00e8te qui non seulement r\u00e9duit les co\u00fbts, mais promeut \u00e9galement la durabilit\u00e9 dans diff\u00e9rents secteurs, une durabilit\u00e9 pouvant \u00eatre mesur\u00e9e \u00bb, a d\u00e9clar\u00e9 Mark Lawrance, directeur des comptes strat\u00e9giques chez Pressac. Les deux soci\u00e9t\u00e9s r\u00e9affirment par ce partenariat leur engagement \u00e0 collaborer avec des experts de l\u2019industrie et \u00e0 apporter des solutions d\u2019avant-garde pour une transformation bas\u00e9e sur les donn\u00e9es.<\/p>\n\n\n\n<h2 class=\"gb-headline gb-headline-730935fa gb-headline-text\">\u00c0 propos de Spacewell<\/h2>\n\n\n\n<p>Spacewell fournit une <a href=\"https:\/\/spacewell.com\/fr\/solutions\/gestion-energetique-spacewell\/\">plateforme \u00e9nerg\u00e9tique dernier cri aliment\u00e9e par l\u2019IA.<\/a> Cette suite compl\u00e8te est dot\u00e9e de fonctionnalit\u00e9s allant du suivi en temps r\u00e9el aux rapports automatis\u00e9s en passant par une analyse \u00e9nerg\u00e9tique comparative et un syst\u00e8me de commande \u00e0 la demande. Les principaux organismes de certification des b\u00e2timents intelligents ont accr\u00e9dit\u00e9 les solutions Saas propos\u00e9es par Spacewell. L\u2019entreprise est \u00e9galement consid\u00e9r\u00e9e par des organismes ind\u00e9pendants comme faisant partie des <a href=\"https:\/\/www.verdantix.com\/report\/green-quadrant-iot-platforms-for-smart-buildings-2022\" target=\"_blank\" rel=\"noreferrer noopener\">leaders des plateformes IoT<\/a> pour les b\u00e2timents intelligents, et figurant notamment dans le top 3 en mati\u00e8re de gestion \u00e9nerg\u00e9tique.<\/p>\n\n\n\n<h2 class=\"gb-headline gb-headline-f34f3295 gb-headline-text\">\u00c0 propos de Pressac Communications<\/h2>\n\n\n\n<p>Bas\u00e9e \u00e0 Nottingham au Royaume-Uni, <a href=\"https:\/\/www.pressac.com\/\" target=\"_blank\" rel=\"noreferrer noopener\">Pressac Communications<\/a> est sp\u00e9cialis\u00e9e dans la production de technologies IoT. Forte d\u2019une tradition de plus de 70 ans dans l\u2019\u00e9lectronique et la connectivit\u00e9, l\u2019entreprise con\u00e7oit et fabrique des solutions IoT pour les b\u00e2timents et usines intelligents. Elle a acquis une r\u00e9putation de partenaire de confiance dans la technologie IoT en d\u00e9livrant performances, \u00e9volutivit\u00e9 et fiabilit\u00e9, tout en mettant la priorit\u00e9 sur la rentabilit\u00e9 et la s\u00e9curit\u00e9. Des milliers d\u2019entreprises dans le monde b\u00e9n\u00e9ficient de la technologie de Pressac.<\/p>\n\n<\/div>","protected":false},"excerpt":{"rendered":"<p>Spacewell, fournisseur leader sur le march\u00e9 des solutions logicielles et technologiques et Pressac Communications, leader reconnu de la technologie IoT pour les b\u00e2timents intelligents et la fabrication intelligente ont annonc\u00e9 aujourd\u2019hui un partenariat strat\u00e9gique visant \u00e0 lancer sur le march\u00e9 une solution durable de suivi \u00e9nerg\u00e9tique. Tandis que les industries mondiales se dirigent vers des &#8230; <a title=\"Spacewell et Pressac Communications annoncent un partenariat strat\u00e9gique ax\u00e9 sur le suivi de l\u2019\u00e9nergie\" class=\"read-more\" href=\"https:\/\/spacewell.com\/fr\/societe\/actualites\/spacewell-et-pressac-communications-annoncent-un-partenariat-strategique-axe-sur-le-suivi-de-lenergie\/\" aria-label=\"En savoir plus sur Spacewell et Pressac Communications annoncent un partenariat strat\u00e9gique ax\u00e9 sur le suivi de l\u2019\u00e9nergie\">Lire plus<\/a><\/p>\n","protected":false},"author":29,"featured_media":23599,"comment_status":"closed","ping_status":"open","sticky":false,"template":"","format":"standard","meta":{"_acf_changed":false,"footnotes":""},"categories":[83],"tags":[],"class_list":["post-25386","post","type-post","status-publish","format-standard","has-post-thumbnail","hentry","category-actualites","generate-columns","tablet-grid-50","mobile-grid-100","grid-parent","grid-50","no-featured-image-padding"],"acf":[],"yoast_head":"<!-- This site is optimized with the Yoast SEO Premium plugin v26.0 (Yoast SEO v27.5) - https:\/\/yoast.com\/product\/yoast-seo-premium-wordpress\/ -->\n<title>Spacewell et Pressac Communications annoncent un partenariat<\/title>\n<meta name=\"description\" content=\"Le partenariat strat\u00e9gique entre Spacewell et Pressac vise \u00e0 mettre sur le march\u00e9 une solution durable de surveillance de l&#039;\u00e9nergie.\" \/>\n<meta name=\"robots\" content=\"index, follow, max-snippet:-1, max-image-preview:large, max-video-preview:-1\" \/>\n<link rel=\"canonical\" href=\"https:\/\/spacewell.com\/fr\/societe\/actualites\/spacewell-et-pressac-communications-annoncent-un-partenariat-strategique-axe-sur-le-suivi-de-lenergie\/\" \/>\n<meta property=\"og:locale\" content=\"fr_FR\" \/>\n<meta property=\"og:type\" content=\"article\" \/>\n<meta property=\"og:title\" content=\"Spacewell et Pressac Communications annoncent un partenariat strat\u00e9gique ax\u00e9 sur le suivi de l\u2019\u00e9nergie\" \/>\n<meta property=\"og:description\" content=\"Le partenariat strat\u00e9gique entre Spacewell et Pressac vise \u00e0 mettre sur le march\u00e9 une solution durable de surveillance de l&#039;\u00e9nergie.\" \/>\n<meta property=\"og:url\" content=\"https:\/\/spacewell.com\/fr\/societe\/actualites\/spacewell-et-pressac-communications-annoncent-un-partenariat-strategique-axe-sur-le-suivi-de-lenergie\/\" \/>\n<meta property=\"og:site_name\" content=\"Spacewell | A Nemetschek Company\" \/>\n<meta property=\"article:publisher\" content=\"https:\/\/www.facebook.com\/SpacewellHQ\" \/>\n<meta property=\"article:published_time\" content=\"2023-10-18T07:26:00+00:00\" \/>\n<meta property=\"article:modified_time\" content=\"2023-10-26T13:04:22+00:00\" \/>\n<meta property=\"og:image\" content=\"https:\/\/spacewell.com\/wp-content\/uploads\/2023\/10\/people-shaking-hands-with-spacewell-and-pressac-logo-1200x630-2.png\" \/>\n\t<meta property=\"og:image:width\" content=\"1200\" \/>\n\t<meta property=\"og:image:height\" content=\"630\" \/>\n\t<meta property=\"og:image:type\" content=\"image\/png\" \/>\n<meta name=\"author\" content=\"Marketing Team\" \/>\n<meta name=\"twitter:card\" content=\"summary_large_image\" \/>\n<meta name=\"twitter:creator\" content=\"@Spacewell_HQ\" \/>\n<meta name=\"twitter:site\" content=\"@Spacewell_HQ\" \/>\n<meta name=\"twitter:label1\" content=\"\u00c9crit par\" \/>\n\t<meta name=\"twitter:data1\" content=\"Marketing Team\" \/>\n\t<meta name=\"twitter:label2\" content=\"Dur\u00e9e de lecture estim\u00e9e\" \/>\n\t<meta name=\"twitter:data2\" content=\"2 minutes\" \/>\n<script type=\"application\/ld+json\" class=\"yoast-schema-graph\">{\"@context\":\"https:\\\/\\\/schema.org\",\"@graph\":[{\"@type\":\"Article\",\"@id\":\"https:\\\/\\\/spacewell.com\\\/fr\\\/societe\\\/actualites\\\/spacewell-et-pressac-communications-annoncent-un-partenariat-strategique-axe-sur-le-suivi-de-lenergie\\\/#article\",\"isPartOf\":{\"@id\":\"https:\\\/\\\/spacewell.com\\\/fr\\\/societe\\\/actualites\\\/spacewell-et-pressac-communications-annoncent-un-partenariat-strategique-axe-sur-le-suivi-de-lenergie\\\/\"},\"author\":{\"name\":\"Marketing Team\",\"@id\":\"https:\\\/\\\/spacewell.com\\\/fr\\\/#\\\/schema\\\/person\\\/56fc87cc20a52c431f3831f2c17e946a\"},\"headline\":\"Spacewell et Pressac Communications annoncent un partenariat strat\u00e9gique ax\u00e9 sur le suivi de l\u2019\u00e9nergie\",\"datePublished\":\"2023-10-18T07:26:00+00:00\",\"dateModified\":\"2023-10-26T13:04:22+00:00\",\"mainEntityOfPage\":{\"@id\":\"https:\\\/\\\/spacewell.com\\\/fr\\\/societe\\\/actualites\\\/spacewell-et-pressac-communications-annoncent-un-partenariat-strategique-axe-sur-le-suivi-de-lenergie\\\/\"},\"wordCount\":479,\"publisher\":{\"@id\":\"https:\\\/\\\/spacewell.com\\\/fr\\\/#organization\"},\"image\":{\"@id\":\"https:\\\/\\\/spacewell.com\\\/fr\\\/societe\\\/actualites\\\/spacewell-et-pressac-communications-annoncent-un-partenariat-strategique-axe-sur-le-suivi-de-lenergie\\\/#primaryimage\"},\"thumbnailUrl\":\"https:\\\/\\\/spacewell.com\\\/wp-content\\\/uploads\\\/2023\\\/10\\\/people-shaking-hands-with-spacewell-and-pressac-logo-1200x630-2.png\",\"articleSection\":[\"Actualit\u00e9s\"],\"inLanguage\":\"fr-FR\"},{\"@type\":\"WebPage\",\"@id\":\"https:\\\/\\\/spacewell.com\\\/fr\\\/societe\\\/actualites\\\/spacewell-et-pressac-communications-annoncent-un-partenariat-strategique-axe-sur-le-suivi-de-lenergie\\\/\",\"url\":\"https:\\\/\\\/spacewell.com\\\/fr\\\/societe\\\/actualites\\\/spacewell-et-pressac-communications-annoncent-un-partenariat-strategique-axe-sur-le-suivi-de-lenergie\\\/\",\"name\":\"Spacewell et Pressac Communications annoncent un partenariat\",\"isPartOf\":{\"@id\":\"https:\\\/\\\/spacewell.com\\\/fr\\\/#website\"},\"primaryImageOfPage\":{\"@id\":\"https:\\\/\\\/spacewell.com\\\/fr\\\/societe\\\/actualites\\\/spacewell-et-pressac-communications-annoncent-un-partenariat-strategique-axe-sur-le-suivi-de-lenergie\\\/#primaryimage\"},\"image\":{\"@id\":\"https:\\\/\\\/spacewell.com\\\/fr\\\/societe\\\/actualites\\\/spacewell-et-pressac-communications-annoncent-un-partenariat-strategique-axe-sur-le-suivi-de-lenergie\\\/#primaryimage\"},\"thumbnailUrl\":\"https:\\\/\\\/spacewell.com\\\/wp-content\\\/uploads\\\/2023\\\/10\\\/people-shaking-hands-with-spacewell-and-pressac-logo-1200x630-2.png\",\"datePublished\":\"2023-10-18T07:26:00+00:00\",\"dateModified\":\"2023-10-26T13:04:22+00:00\",\"description\":\"Le partenariat strat\u00e9gique entre Spacewell et Pressac vise \u00e0 mettre sur le march\u00e9 une solution durable de surveillance de l'\u00e9nergie.\",\"breadcrumb\":{\"@id\":\"https:\\\/\\\/spacewell.com\\\/fr\\\/societe\\\/actualites\\\/spacewell-et-pressac-communications-annoncent-un-partenariat-strategique-axe-sur-le-suivi-de-lenergie\\\/#breadcrumb\"},\"inLanguage\":\"fr-FR\",\"potentialAction\":[{\"@type\":\"ReadAction\",\"target\":[\"https:\\\/\\\/spacewell.com\\\/fr\\\/societe\\\/actualites\\\/spacewell-et-pressac-communications-annoncent-un-partenariat-strategique-axe-sur-le-suivi-de-lenergie\\\/\"]}]},{\"@type\":\"ImageObject\",\"inLanguage\":\"fr-FR\",\"@id\":\"https:\\\/\\\/spacewell.com\\\/fr\\\/societe\\\/actualites\\\/spacewell-et-pressac-communications-annoncent-un-partenariat-strategique-axe-sur-le-suivi-de-lenergie\\\/#primaryimage\",\"url\":\"https:\\\/\\\/spacewell.com\\\/wp-content\\\/uploads\\\/2023\\\/10\\\/people-shaking-hands-with-spacewell-and-pressac-logo-1200x630-2.png\",\"contentUrl\":\"https:\\\/\\\/spacewell.com\\\/wp-content\\\/uploads\\\/2023\\\/10\\\/people-shaking-hands-with-spacewell-and-pressac-logo-1200x630-2.png\",\"width\":1200,\"height\":630,\"caption\":\"Coo\u00e9pation de Spacewell et Pressac\"},{\"@type\":\"BreadcrumbList\",\"@id\":\"https:\\\/\\\/spacewell.com\\\/fr\\\/societe\\\/actualites\\\/spacewell-et-pressac-communications-annoncent-un-partenariat-strategique-axe-sur-le-suivi-de-lenergie\\\/#breadcrumb\",\"itemListElement\":[{\"@type\":\"ListItem\",\"position\":1,\"name\":\"Home\",\"item\":\"https:\\\/\\\/spacewell.com\\\/fr\\\/\"},{\"@type\":\"ListItem\",\"position\":2,\"name\":\"Spacewell et Pressac Communications annoncent un partenariat strat\u00e9gique ax\u00e9 sur le suivi de l\u2019\u00e9nergie\"}]},{\"@type\":\"WebSite\",\"@id\":\"https:\\\/\\\/spacewell.com\\\/fr\\\/#website\",\"url\":\"https:\\\/\\\/spacewell.com\\\/fr\\\/\",\"name\":\"Spacewell | A Nemetschek Company\",\"description\":\"Make buildings work for people\",\"publisher\":{\"@id\":\"https:\\\/\\\/spacewell.com\\\/fr\\\/#organization\"},\"potentialAction\":[{\"@type\":\"SearchAction\",\"target\":{\"@type\":\"EntryPoint\",\"urlTemplate\":\"https:\\\/\\\/spacewell.com\\\/fr\\\/?s={search_term_string}\"},\"query-input\":{\"@type\":\"PropertyValueSpecification\",\"valueRequired\":true,\"valueName\":\"search_term_string\"}}],\"inLanguage\":\"fr-FR\"},{\"@type\":\"Organization\",\"@id\":\"https:\\\/\\\/spacewell.com\\\/fr\\\/#organization\",\"name\":\"Spacewell | A Nemetschek Company\",\"url\":\"https:\\\/\\\/spacewell.com\\\/fr\\\/\",\"logo\":{\"@type\":\"ImageObject\",\"inLanguage\":\"fr-FR\",\"@id\":\"https:\\\/\\\/spacewell.com\\\/fr\\\/#\\\/schema\\\/logo\\\/image\\\/\",\"url\":\"https:\\\/\\\/spacewell.com\\\/wp-content\\\/uploads\\\/2023\\\/05\\\/spacewell-logo-500x88-1.webp\",\"contentUrl\":\"https:\\\/\\\/spacewell.com\\\/wp-content\\\/uploads\\\/2023\\\/05\\\/spacewell-logo-500x88-1.webp\",\"width\":500,\"height\":88,\"caption\":\"Spacewell | A Nemetschek Company\"},\"image\":{\"@id\":\"https:\\\/\\\/spacewell.com\\\/fr\\\/#\\\/schema\\\/logo\\\/image\\\/\"},\"sameAs\":[\"https:\\\/\\\/www.facebook.com\\\/SpacewellHQ\",\"https:\\\/\\\/x.com\\\/Spacewell_HQ\"]},{\"@type\":\"Person\",\"@id\":\"https:\\\/\\\/spacewell.com\\\/fr\\\/#\\\/schema\\\/person\\\/56fc87cc20a52c431f3831f2c17e946a\",\"name\":\"Marketing Team\",\"image\":{\"@type\":\"ImageObject\",\"inLanguage\":\"fr-FR\",\"@id\":\"https:\\\/\\\/secure.gravatar.com\\\/avatar\\\/33dd4b194f6044b53d8410d1a677b226d86f23969442e70903a2b3bd700aac4d?s=96&d=mm&r=g\",\"url\":\"https:\\\/\\\/secure.gravatar.com\\\/avatar\\\/33dd4b194f6044b53d8410d1a677b226d86f23969442e70903a2b3bd700aac4d?s=96&d=mm&r=g\",\"contentUrl\":\"https:\\\/\\\/secure.gravatar.com\\\/avatar\\\/33dd4b194f6044b53d8410d1a677b226d86f23969442e70903a2b3bd700aac4d?s=96&d=mm&r=g\",\"caption\":\"Marketing Team\"},\"url\":\"https:\\\/\\\/spacewell.com\\\/fr\\\/author\\\/marketing-team\\\/\"}]}<\/script>\n<!-- \/ Yoast SEO Premium plugin. -->","yoast_head_json":{"title":"Spacewell et Pressac Communications annoncent un partenariat","description":"Le partenariat strat\u00e9gique entre Spacewell et Pressac vise \u00e0 mettre sur le march\u00e9 une solution durable de surveillance de l'\u00e9nergie.","robots":{"index":"index","follow":"follow","max-snippet":"max-snippet:-1","max-image-preview":"max-image-preview:large","max-video-preview":"max-video-preview:-1"},"canonical":"https:\/\/spacewell.com\/fr\/societe\/actualites\/spacewell-et-pressac-communications-annoncent-un-partenariat-strategique-axe-sur-le-suivi-de-lenergie\/","og_locale":"fr_FR","og_type":"article","og_title":"Spacewell et Pressac Communications annoncent un partenariat strat\u00e9gique ax\u00e9 sur le suivi de l\u2019\u00e9nergie","og_description":"Le partenariat strat\u00e9gique entre Spacewell et Pressac vise \u00e0 mettre sur le march\u00e9 une solution durable de surveillance de l'\u00e9nergie.","og_url":"https:\/\/spacewell.com\/fr\/societe\/actualites\/spacewell-et-pressac-communications-annoncent-un-partenariat-strategique-axe-sur-le-suivi-de-lenergie\/","og_site_name":"Spacewell | A Nemetschek Company","article_publisher":"https:\/\/www.facebook.com\/SpacewellHQ","article_published_time":"2023-10-18T07:26:00+00:00","article_modified_time":"2023-10-26T13:04:22+00:00","og_image":[{"width":1200,"height":630,"url":"https:\/\/spacewell.com\/wp-content\/uploads\/2023\/10\/people-shaking-hands-with-spacewell-and-pressac-logo-1200x630-2.png","type":"image\/png"}],"author":"Marketing Team","twitter_card":"summary_large_image","twitter_creator":"@Spacewell_HQ","twitter_site":"@Spacewell_HQ","twitter_misc":{"\u00c9crit par":"Marketing Team","Dur\u00e9e de lecture estim\u00e9e":"2 minutes"},"schema":{"@context":"https:\/\/schema.org","@graph":[{"@type":"Article","@id":"https:\/\/spacewell.com\/fr\/societe\/actualites\/spacewell-et-pressac-communications-annoncent-un-partenariat-strategique-axe-sur-le-suivi-de-lenergie\/#article","isPartOf":{"@id":"https:\/\/spacewell.com\/fr\/societe\/actualites\/spacewell-et-pressac-communications-annoncent-un-partenariat-strategique-axe-sur-le-suivi-de-lenergie\/"},"author":{"name":"Marketing Team","@id":"https:\/\/spacewell.com\/fr\/#\/schema\/person\/56fc87cc20a52c431f3831f2c17e946a"},"headline":"Spacewell et Pressac Communications annoncent un partenariat strat\u00e9gique ax\u00e9 sur le suivi de l\u2019\u00e9nergie","datePublished":"2023-10-18T07:26:00+00:00","dateModified":"2023-10-26T13:04:22+00:00","mainEntityOfPage":{"@id":"https:\/\/spacewell.com\/fr\/societe\/actualites\/spacewell-et-pressac-communications-annoncent-un-partenariat-strategique-axe-sur-le-suivi-de-lenergie\/"},"wordCount":479,"publisher":{"@id":"https:\/\/spacewell.com\/fr\/#organization"},"image":{"@id":"https:\/\/spacewell.com\/fr\/societe\/actualites\/spacewell-et-pressac-communications-annoncent-un-partenariat-strategique-axe-sur-le-suivi-de-lenergie\/#primaryimage"},"thumbnailUrl":"https:\/\/spacewell.com\/wp-content\/uploads\/2023\/10\/people-shaking-hands-with-spacewell-and-pressac-logo-1200x630-2.png","articleSection":["Actualit\u00e9s"],"inLanguage":"fr-FR"},{"@type":"WebPage","@id":"https:\/\/spacewell.com\/fr\/societe\/actualites\/spacewell-et-pressac-communications-annoncent-un-partenariat-strategique-axe-sur-le-suivi-de-lenergie\/","url":"https:\/\/spacewell.com\/fr\/societe\/actualites\/spacewell-et-pressac-communications-annoncent-un-partenariat-strategique-axe-sur-le-suivi-de-lenergie\/","name":"Spacewell et Pressac Communications annoncent un partenariat","isPartOf":{"@id":"https:\/\/spacewell.com\/fr\/#website"},"primaryImageOfPage":{"@id":"https:\/\/spacewell.com\/fr\/societe\/actualites\/spacewell-et-pressac-communications-annoncent-un-partenariat-strategique-axe-sur-le-suivi-de-lenergie\/#primaryimage"},"image":{"@id":"https:\/\/spacewell.com\/fr\/societe\/actualites\/spacewell-et-pressac-communications-annoncent-un-partenariat-strategique-axe-sur-le-suivi-de-lenergie\/#primaryimage"},"thumbnailUrl":"https:\/\/spacewell.com\/wp-content\/uploads\/2023\/10\/people-shaking-hands-with-spacewell-and-pressac-logo-1200x630-2.png","datePublished":"2023-10-18T07:26:00+00:00","dateModified":"2023-10-26T13:04:22+00:00","description":"Le partenariat strat\u00e9gique entre Spacewell et Pressac vise \u00e0 mettre sur le march\u00e9 une solution durable de surveillance de l'\u00e9nergie.","breadcrumb":{"@id":"https:\/\/spacewell.com\/fr\/societe\/actualites\/spacewell-et-pressac-communications-annoncent-un-partenariat-strategique-axe-sur-le-suivi-de-lenergie\/#breadcrumb"},"inLanguage":"fr-FR","potentialAction":[{"@type":"ReadAction","target":["https:\/\/spacewell.com\/fr\/societe\/actualites\/spacewell-et-pressac-communications-annoncent-un-partenariat-strategique-axe-sur-le-suivi-de-lenergie\/"]}]},{"@type":"ImageObject","inLanguage":"fr-FR","@id":"https:\/\/spacewell.com\/fr\/societe\/actualites\/spacewell-et-pressac-communications-annoncent-un-partenariat-strategique-axe-sur-le-suivi-de-lenergie\/#primaryimage","url":"https:\/\/spacewell.com\/wp-content\/uploads\/2023\/10\/people-shaking-hands-with-spacewell-and-pressac-logo-1200x630-2.png","contentUrl":"https:\/\/spacewell.com\/wp-content\/uploads\/2023\/10\/people-shaking-hands-with-spacewell-and-pressac-logo-1200x630-2.png","width":1200,"height":630,"caption":"Coo\u00e9pation de Spacewell et Pressac"},{"@type":"BreadcrumbList","@id":"https:\/\/spacewell.com\/fr\/societe\/actualites\/spacewell-et-pressac-communications-annoncent-un-partenariat-strategique-axe-sur-le-suivi-de-lenergie\/#breadcrumb","itemListElement":[{"@type":"ListItem","position":1,"name":"Home","item":"https:\/\/spacewell.com\/fr\/"},{"@type":"ListItem","position":2,"name":"Spacewell et Pressac Communications annoncent un partenariat strat\u00e9gique ax\u00e9 sur le suivi de l\u2019\u00e9nergie"}]},{"@type":"WebSite","@id":"https:\/\/spacewell.com\/fr\/#website","url":"https:\/\/spacewell.com\/fr\/","name":"Spacewell | A Nemetschek Company","description":"Make buildings work for people","publisher":{"@id":"https:\/\/spacewell.com\/fr\/#organization"},"potentialAction":[{"@type":"SearchAction","target":{"@type":"EntryPoint","urlTemplate":"https:\/\/spacewell.com\/fr\/?s={search_term_string}"},"query-input":{"@type":"PropertyValueSpecification","valueRequired":true,"valueName":"search_term_string"}}],"inLanguage":"fr-FR"},{"@type":"Organization","@id":"https:\/\/spacewell.com\/fr\/#organization","name":"Spacewell | A Nemetschek Company","url":"https:\/\/spacewell.com\/fr\/","logo":{"@type":"ImageObject","inLanguage":"fr-FR","@id":"https:\/\/spacewell.com\/fr\/#\/schema\/logo\/image\/","url":"https:\/\/spacewell.com\/wp-content\/uploads\/2023\/05\/spacewell-logo-500x88-1.webp","contentUrl":"https:\/\/spacewell.com\/wp-content\/uploads\/2023\/05\/spacewell-logo-500x88-1.webp","width":500,"height":88,"caption":"Spacewell | A Nemetschek Company"},"image":{"@id":"https:\/\/spacewell.com\/fr\/#\/schema\/logo\/image\/"},"sameAs":["https:\/\/www.facebook.com\/SpacewellHQ","https:\/\/x.com\/Spacewell_HQ"]},{"@type":"Person","@id":"https:\/\/spacewell.com\/fr\/#\/schema\/person\/56fc87cc20a52c431f3831f2c17e946a","name":"Marketing Team","image":{"@type":"ImageObject","inLanguage":"fr-FR","@id":"https:\/\/secure.gravatar.com\/avatar\/33dd4b194f6044b53d8410d1a677b226d86f23969442e70903a2b3bd700aac4d?s=96&d=mm&r=g","url":"https:\/\/secure.gravatar.com\/avatar\/33dd4b194f6044b53d8410d1a677b226d86f23969442e70903a2b3bd700aac4d?s=96&d=mm&r=g","contentUrl":"https:\/\/secure.gravatar.com\/avatar\/33dd4b194f6044b53d8410d1a677b226d86f23969442e70903a2b3bd700aac4d?s=96&d=mm&r=g","caption":"Marketing Team"},"url":"https:\/\/spacewell.com\/fr\/author\/marketing-team\/"}]}},"_links":{"self":[{"href":"https:\/\/spacewell.com\/fr\/wp-json\/wp\/v2\/posts\/25386","targetHints":{"allow":["GET"]}}],"collection":[{"href":"https:\/\/spacewell.com\/fr\/wp-json\/wp\/v2\/posts"}],"about":[{"href":"https:\/\/spacewell.com\/fr\/wp-json\/wp\/v2\/types\/post"}],"author":[{"embeddable":true,"href":"https:\/\/spacewell.com\/fr\/wp-json\/wp\/v2\/users\/29"}],"replies":[{"embeddable":true,"href":"https:\/\/spacewell.com\/fr\/wp-json\/wp\/v2\/comments?post=25386"}],"version-history":[{"count":0,"href":"https:\/\/spacewell.com\/fr\/wp-json\/wp\/v2\/posts\/25386\/revisions"}],"wp:featuredmedia":[{"embeddable":true,"href":"https:\/\/spacewell.com\/fr\/wp-json\/wp\/v2\/media\/23599"}],"wp:attachment":[{"href":"https:\/\/spacewell.com\/fr\/wp-json\/wp\/v2\/media?parent=25386"}],"wp:term":[{"taxonomy":"category","embeddable":true,"href":"https:\/\/spacewell.com\/fr\/wp-json\/wp\/v2\/categories?post=25386"},{"taxonomy":"post_tag","embeddable":true,"href":"https:\/\/spacewell.com\/fr\/wp-json\/wp\/v2\/tags?post=25386"}],"curies":[{"name":"wp","href":"https:\/\/api.w.org\/{rel}","templated":true}]}}