


{"id":58434,"date":"2026-08-28T13:41:49","date_gmt":"2026-08-28T11:41:49","guid":{"rendered":"https:\/\/spacewell.com\/?p=58434"},"modified":"2026-08-28T14:07:43","modified_gmt":"2026-08-28T12:07:43","slug":"mas-datos-menos-claridad-la-paradoja-del-lugar-de-trabajo-moderno","status":"publish","type":"post","link":"https:\/\/spacewell.com\/es\/recursos\/webinars\/mas-datos-menos-claridad-la-paradoja-del-lugar-de-trabajo-moderno\/","title":{"rendered":"M\u00e1s datos, menos claridad: la paradoja del lugar de trabajo moderno inform"},"content":{"rendered":"<div class=\"gb-container gb-container-0bd2ebff gb-container-5731d80c\">\n\n<p class=\"wp-block-paragraph\">El trabajo h\u00edbrido ha cambiado la forma en que se utilizan las oficinas. Cada d\u00eda, las herramientas de reserva, los sensores, los sistemas de acceso y los servicios del lugar de trabajo generan informaci\u00f3n valiosa; pero cuando esos datos se almacenan en sistemas independientes, pueden generar m\u00e1s complejidad en lugar de aportar m\u00e1s claridad. <\/p>\n\n\n\n<p class=\"wp-block-paragraph\">En esta sesi\u00f3n de 30 minutos, veremos c\u00f3mo los responsables de espacios de trabajo, instalaciones y activos inmobiliarios pueden pasar de datos dispersos y suposiciones a una visi\u00f3n m\u00e1s clara del uso real del espacio. Descubre c\u00f3mo la inteligencia centralizada sobre los espacios de trabajo ayuda a tomar decisiones bien fundamentadas sobre cu\u00e1ndo ampliar, consolidar, reutilizar o adaptar los espacios de trabajo en funci\u00f3n de la demanda real. <\/p>\n\n\n\n<p class=\"wp-block-paragraph\"><em><strong>Fecha: 20 <\/strong>de octubre de 2026<br\/><strong>Hora: 10 <\/strong>:00 &#8211; 10:30 CEST<br\/><strong>Idioma: espa\u00f1ol <\/strong><\/em><\/p>\n\n\n\n<div style=\"height:64px\" aria-hidden=\"true\" class=\"wp-block-spacer\"><\/div>\n\n\n\n<h2 id=\"h-what-you-ll-learn\" class=\"wp-block-heading\">Lo que aprender\u00e1s<\/h2>\n\n\n\n<p class=\"wp-block-paragraph\">En este webinar, aprender\u00e1s a:<\/p>\n\n\n\n<ul class=\"wp-block-list\">\n<li>Consigue una visi\u00f3n m\u00e1s clara y fiable del uso del espacio de trabajo al reunir datos de reservas, sensores, sistemas de acceso y servicios del espacio de trabajo.<\/li>\n\n\n\n<li>Ve m\u00e1s all\u00e1 de las reservas y del registro de acceso con tarjeta para entender c\u00f3mo se utilizan realmente los puestos de trabajo, las salas de reuniones y los espacios compartidos.<\/li>\n\n\n\n<li>Identifica los patrones de uso y las zonas infrautilizadas en tu cartera de espacios de trabajo.<\/li>\n\n\n\n<li>Utiliza datos reales de uso para respaldar las decisiones sobre optimizaci\u00f3n, consolidaci\u00f3n, ampliaci\u00f3n y redise\u00f1o del espacio.<\/li>\n\n\n\n<li>Ajustar mejor la planificaci\u00f3n del espacio de trabajo y los servicios de instalaciones a la demanda real.<\/li>\n<\/ul>\n\n\n\n<div style=\"height:64px\" aria-hidden=\"true\" class=\"wp-block-spacer\"><\/div>\n\n\n\n<h2 id=\"h-our-speakers\" class=\"wp-block-heading\">Nuestros ponentes<\/h2>\n\n\n\n<div class=\"wp-block-columns is-layout-flex wp-container-core-columns-is-layout-8f761849 wp-block-columns-is-layout-flex\">\n<div class=\"wp-block-column is-layout-flow wp-block-column-is-layout-flow\" style=\"flex-basis:33.33%\">\n<figure class=\"wp-block-image size-thumbnail\"><img loading=\"lazy\" decoding=\"async\" width=\"250\" height=\"250\" src=\"https:\/\/spacewell.com\/wp-content\/uploads\/2026\/02\/Iole-round-250x250.png\" alt=\"\" class=\"wp-image-47063\" srcset=\"https:\/\/spacewell.com\/wp-content\/uploads\/2026\/02\/Iole-round-250x250.png 250w, https:\/\/spacewell.com\/wp-content\/uploads\/2026\/02\/Iole-round-500x500.png 500w, https:\/\/spacewell.com\/wp-content\/uploads\/2026\/02\/Iole-round-1024x1024.png 1024w, https:\/\/spacewell.com\/wp-content\/uploads\/2026\/02\/Iole-round-768x768.png 768w, https:\/\/spacewell.com\/wp-content\/uploads\/2026\/02\/Iole-round.png 1080w\" sizes=\"auto, (max-width: 250px) 100vw, 250px\" \/><\/figure>\n<\/div>\n\n\n\n<div class=\"wp-block-column is-layout-flow wp-block-column-is-layout-flow\" style=\"flex-basis:100%\">\n<p class=\"wp-block-paragraph\"><\/p>\n\n\n\n<h3 id=\"h-iole-pannozzo\" class=\"wp-block-heading\">Iole Pannozzo<\/h3>\n\n\n\n<p class=\"wp-block-paragraph\"><strong>Consultor de soluciones<\/strong><\/p>\n\n\n\n<p class=\"wp-block-paragraph\">Iole es nuestra especialista en el sector del SaaS, que ayuda a las organizaciones a mejorar su eficiencia mediante datos, an\u00e1lisis y soluciones para edificios inteligentes.<\/p>\n<\/div>\n<\/div>\n\n\n\n<p class=\"wp-block-paragraph\"><\/p>\n\n\n\n<p class=\"wp-block-paragraph\"><\/p>\n\n\n\n<div class=\"wp-block-columns is-layout-flex wp-container-core-columns-is-layout-8f761849 wp-block-columns-is-layout-flex\">\n<div class=\"wp-block-column is-layout-flow wp-block-column-is-layout-flow\" style=\"flex-basis:33.33%\">\n<figure class=\"wp-block-image size-thumbnail\"><img loading=\"lazy\" decoding=\"async\" width=\"250\" height=\"250\" src=\"https:\/\/spacewell.com\/wp-content\/uploads\/2026\/07\/Facundo-Alvarez-250x250.png\" alt=\"\" class=\"wp-image-55647\" srcset=\"https:\/\/spacewell.com\/wp-content\/uploads\/2026\/07\/Facundo-Alvarez-250x250.png 250w, https:\/\/spacewell.com\/wp-content\/uploads\/2026\/07\/Facundo-Alvarez-500x500.png 500w, https:\/\/spacewell.com\/wp-content\/uploads\/2026\/07\/Facundo-Alvarez-1024x1024.png 1024w, https:\/\/spacewell.com\/wp-content\/uploads\/2026\/07\/Facundo-Alvarez-768x768.png 768w, https:\/\/spacewell.com\/wp-content\/uploads\/2026\/07\/Facundo-Alvarez.png 1080w\" sizes=\"auto, (max-width: 250px) 100vw, 250px\" \/><\/figure>\n<\/div>\n\n\n\n<div class=\"wp-block-column is-layout-flow wp-block-column-is-layout-flow\" style=\"flex-basis:100%\">\n<p class=\"wp-block-paragraph\"><\/p>\n\n\n\n<h3 id=\"h-facundo-alvarez\" class=\"wp-block-heading\">Facundo \u00c1lvarez<\/h3>\n\n\n\n<p class=\"wp-block-paragraph\"><strong>Ejecutivo de cuentas<\/strong><\/p>\n\n\n\n<p class=\"wp-block-paragraph\">Facundo se encarga de la estrategia de comercializaci\u00f3n de Spacewell Espa\u00f1a. Con siete a\u00f1os de experiencia en eficiencia de centros de datos, ahora se centra en la eficiencia energ\u00e9tica en Espa\u00f1a. <\/p>\n<\/div>\n<\/div>\n\n\n\n<div style=\"height:64px\" aria-hidden=\"true\" class=\"wp-block-spacer\"><\/div>\n\n\n\n<h2 id=\"h-secure-your-spot\" class=\"wp-block-heading\">Aseg\u00farate tu plaza<\/h2>\n\n\n\n<p class=\"wp-block-paragraph\">Este webinar lo organiza IFMA Espa\u00f1a. Para inscribirte, entra en la <strong>p\u00e1gina de inscripci\u00f3n <a href=\"https:\/\/us02web.zoom.us\/webinar\/register\/WN_1jcJoyXQTNKquzc8m6w3Zg#\/registration\" target=\"_blank\" rel=\"noreferrer noopener\">aqu\u00ed<\/a>.<\/strong> <\/p>\n\n\n\n<figure class=\"wp-block-image size-full\"><img loading=\"lazy\" decoding=\"async\" width=\"800\" height=\"183\" src=\"https:\/\/spacewell.com\/wp-content\/uploads\/2026\/08\/IFMA_Member.png\" alt=\"\" class=\"wp-image-58389\" srcset=\"https:\/\/spacewell.com\/wp-content\/uploads\/2026\/08\/IFMA_Member.png 800w, https:\/\/spacewell.com\/wp-content\/uploads\/2026\/08\/IFMA_Member-500x114.png 500w, https:\/\/spacewell.com\/wp-content\/uploads\/2026\/08\/IFMA_Member-768x176.png 768w\" sizes=\"auto, (max-width: 800px) 100vw, 800px\" \/><\/figure>\n\n\n\n<div style=\"height:64px\" aria-hidden=\"true\" class=\"wp-block-spacer\"><\/div>\n\n<\/div>\n<div style=\"height:100px\" aria-hidden=\"true\" class=\"wp-block-spacer\"><\/div>\n","protected":false},"excerpt":{"rendered":"<p>El trabajo h\u00edbrido ha cambiado la forma en que se utilizan las oficinas. Cada d\u00eda, las herramientas de reserva, los sensores, los sistemas de acceso y los servicios del lugar de trabajo generan informaci\u00f3n valiosa; pero cuando esos datos se almacenan en sistemas independientes, pueden generar m\u00e1s complejidad en lugar de aportar m\u00e1s claridad. En &#8230; <a title=\"M\u00e1s datos, menos claridad: la paradoja del lugar de trabajo moderno inform\" class=\"read-more\" href=\"https:\/\/spacewell.com\/es\/recursos\/webinars\/mas-datos-menos-claridad-la-paradoja-del-lugar-de-trabajo-moderno\/\" aria-label=\"Leer m\u00e1s sobre M\u00e1s datos, menos claridad: la paradoja del lugar de trabajo moderno inform\">Leer m\u00e1s<\/a><\/p>\n","protected":false},"author":47,"featured_media":58419,"comment_status":"closed","ping_status":"open","sticky":false,"template":"","format":"standard","meta":{"_acf_changed":false,"footnotes":""},"categories":[31,104],"tags":[],"class_list":["post-58434","post","type-post","status-publish","format-standard","has-post-thumbnail","hentry","category-recursos","category-webinars","generate-columns","tablet-grid-50","mobile-grid-100","grid-parent","grid-50","no-featured-image-padding"],"acf":[],"yoast_head":"<!-- This site is optimized with the Yoast SEO Premium plugin v28.1 (Yoast SEO v28.1) - https:\/\/yoast.com\/product\/yoast-seo-premium-wordpress\/ -->\n<title>M\u00e1s datos, menos claridad: la paradoja del lugar de trabajo moderno inform - Spacewell | A Nemetschek Company<\/title>\n<meta name=\"description\" content=\"\u00danete a IFMA Espa\u00f1a y Spacewell el 20 de octubre en un webinar en espa\u00f1ol sobre c\u00f3mo convertir los datos de uso del lugar de trabajo en decisiones m\u00e1s inteligentes sobre la planificaci\u00f3n del espacio.\" \/>\n<meta name=\"robots\" content=\"index, follow, max-snippet:-1, max-image-preview:large, max-video-preview:-1\" \/>\n<link rel=\"canonical\" href=\"https:\/\/spacewell.com\/es\/recursos\/webinars\/mas-datos-menos-claridad-la-paradoja-del-lugar-de-trabajo-moderno\/\" \/>\n<meta property=\"og:locale\" content=\"es_ES\" \/>\n<meta property=\"og:type\" content=\"article\" \/>\n<meta property=\"og:title\" content=\"M\u00e1s datos, menos claridad: la paradoja del lugar de trabajo moderno inform\" \/>\n<meta property=\"og:description\" content=\"\u00danete a IFMA Espa\u00f1a y Spacewell el 20 de octubre en un webinar en espa\u00f1ol sobre c\u00f3mo convertir los datos de uso del lugar de trabajo en decisiones m\u00e1s inteligentes sobre la planificaci\u00f3n del espacio.\" \/>\n<meta property=\"og:url\" content=\"https:\/\/spacewell.com\/es\/recursos\/webinars\/mas-datos-menos-claridad-la-paradoja-del-lugar-de-trabajo-moderno\/\" \/>\n<meta property=\"og:site_name\" content=\"Spacewell | A Nemetschek Company\" \/>\n<meta property=\"article:publisher\" content=\"https:\/\/www.facebook.com\/SpacewellHQ\" \/>\n<meta property=\"article:published_time\" content=\"2026-08-28T11:41:49+00:00\" \/>\n<meta property=\"article:modified_time\" content=\"2026-08-28T12:07:43+00:00\" \/>\n<meta property=\"og:image\" content=\"https:\/\/spacewell.com\/wp-content\/uploads\/2026\/08\/Workplace-Summer-School-Website-Header-1024x538.png\" \/>\n\t<meta property=\"og:image:width\" content=\"1024\" \/>\n\t<meta property=\"og:image:height\" content=\"538\" \/>\n\t<meta property=\"og:image:type\" content=\"image\/png\" \/>\n<meta name=\"author\" content=\"Stefanie Candela\" \/>\n<meta name=\"twitter:card\" content=\"summary_large_image\" \/>\n<meta name=\"twitter:creator\" content=\"@Spacewell_HQ\" \/>\n<meta name=\"twitter:site\" content=\"@Spacewell_HQ\" \/>\n<meta name=\"twitter:label1\" content=\"Escrito por\" \/>\n\t<meta name=\"twitter:data1\" content=\"Stefanie Candela\" \/>\n\t<meta name=\"twitter:label2\" content=\"Tiempo de lectura\" \/>\n\t<meta name=\"twitter:data2\" content=\"2 minutos\" \/>\n<script type=\"application\/ld+json\" class=\"yoast-schema-graph\">{\"@context\":\"https:\\\/\\\/schema.org\",\"@graph\":[{\"@type\":\"Article\",\"@id\":\"https:\\\/\\\/spacewell.com\\\/es\\\/recursos\\\/webinars\\\/mas-datos-menos-claridad-la-paradoja-del-lugar-de-trabajo-moderno\\\/#article\",\"isPartOf\":{\"@id\":\"https:\\\/\\\/spacewell.com\\\/es\\\/recursos\\\/webinars\\\/mas-datos-menos-claridad-la-paradoja-del-lugar-de-trabajo-moderno\\\/\"},\"author\":{\"name\":\"Stefanie Candela\",\"@id\":\"https:\\\/\\\/spacewell.com\\\/es\\\/#\\\/schema\\\/person\\\/7cb8d21e10d02d2677ce25c3ef233beb\"},\"headline\":\"M\u00e1s datos, menos claridad: la paradoja del lugar de trabajo moderno inform\",\"datePublished\":\"2026-08-28T11:41:49+00:00\",\"dateModified\":\"2026-08-28T12:07:43+00:00\",\"mainEntityOfPage\":{\"@id\":\"https:\\\/\\\/spacewell.com\\\/es\\\/recursos\\\/webinars\\\/mas-datos-menos-claridad-la-paradoja-del-lugar-de-trabajo-moderno\\\/\"},\"wordCount\":381,\"publisher\":{\"@id\":\"https:\\\/\\\/spacewell.com\\\/es\\\/#organization\"},\"image\":{\"@id\":\"https:\\\/\\\/spacewell.com\\\/es\\\/recursos\\\/webinars\\\/mas-datos-menos-claridad-la-paradoja-del-lugar-de-trabajo-moderno\\\/#primaryimage\"},\"thumbnailUrl\":\"https:\\\/\\\/spacewell.com\\\/wp-content\\\/uploads\\\/2026\\\/08\\\/Workplace-Summer-School-Website-Header.png\",\"articleSection\":[\"Recursos\",\"Webinars\"],\"inLanguage\":\"es\"},{\"@type\":\"WebPage\",\"@id\":\"https:\\\/\\\/spacewell.com\\\/es\\\/recursos\\\/webinars\\\/mas-datos-menos-claridad-la-paradoja-del-lugar-de-trabajo-moderno\\\/\",\"url\":\"https:\\\/\\\/spacewell.com\\\/es\\\/recursos\\\/webinars\\\/mas-datos-menos-claridad-la-paradoja-del-lugar-de-trabajo-moderno\\\/\",\"name\":\"M\u00e1s datos, menos claridad: la paradoja del lugar de trabajo moderno inform - Spacewell | A Nemetschek Company\",\"isPartOf\":{\"@id\":\"https:\\\/\\\/spacewell.com\\\/es\\\/#website\"},\"primaryImageOfPage\":{\"@id\":\"https:\\\/\\\/spacewell.com\\\/es\\\/recursos\\\/webinars\\\/mas-datos-menos-claridad-la-paradoja-del-lugar-de-trabajo-moderno\\\/#primaryimage\"},\"image\":{\"@id\":\"https:\\\/\\\/spacewell.com\\\/es\\\/recursos\\\/webinars\\\/mas-datos-menos-claridad-la-paradoja-del-lugar-de-trabajo-moderno\\\/#primaryimage\"},\"thumbnailUrl\":\"https:\\\/\\\/spacewell.com\\\/wp-content\\\/uploads\\\/2026\\\/08\\\/Workplace-Summer-School-Website-Header.png\",\"datePublished\":\"2026-08-28T11:41:49+00:00\",\"dateModified\":\"2026-08-28T12:07:43+00:00\",\"description\":\"\u00danete a IFMA Espa\u00f1a y Spacewell el 20 de octubre en un webinar en espa\u00f1ol sobre c\u00f3mo convertir los datos de uso del lugar de trabajo en decisiones m\u00e1s inteligentes sobre la planificaci\u00f3n del espacio.\",\"breadcrumb\":{\"@id\":\"https:\\\/\\\/spacewell.com\\\/es\\\/recursos\\\/webinars\\\/mas-datos-menos-claridad-la-paradoja-del-lugar-de-trabajo-moderno\\\/#breadcrumb\"},\"inLanguage\":\"es\",\"potentialAction\":[{\"@type\":\"ReadAction\",\"target\":[\"https:\\\/\\\/spacewell.com\\\/es\\\/recursos\\\/webinars\\\/mas-datos-menos-claridad-la-paradoja-del-lugar-de-trabajo-moderno\\\/\"]}]},{\"@type\":\"ImageObject\",\"inLanguage\":\"es\",\"@id\":\"https:\\\/\\\/spacewell.com\\\/es\\\/recursos\\\/webinars\\\/mas-datos-menos-claridad-la-paradoja-del-lugar-de-trabajo-moderno\\\/#primaryimage\",\"url\":\"https:\\\/\\\/spacewell.com\\\/wp-content\\\/uploads\\\/2026\\\/08\\\/Workplace-Summer-School-Website-Header.png\",\"contentUrl\":\"https:\\\/\\\/spacewell.com\\\/wp-content\\\/uploads\\\/2026\\\/08\\\/Workplace-Summer-School-Website-Header.png\",\"width\":2350,\"height\":1234,\"caption\":\"M\u00e1s datos, menos claridad: Spacewell x IFMA te informo\"},{\"@type\":\"BreadcrumbList\",\"@id\":\"https:\\\/\\\/spacewell.com\\\/es\\\/recursos\\\/webinars\\\/mas-datos-menos-claridad-la-paradoja-del-lugar-de-trabajo-moderno\\\/#breadcrumb\",\"itemListElement\":[{\"@type\":\"ListItem\",\"position\":1,\"name\":\"Home\",\"item\":\"https:\\\/\\\/spacewell.com\\\/es\\\/\"},{\"@type\":\"ListItem\",\"position\":2,\"name\":\"M\u00e1s datos, menos claridad: la paradoja del lugar de trabajo moderno inform\"}]},{\"@type\":\"WebSite\",\"@id\":\"https:\\\/\\\/spacewell.com\\\/es\\\/#website\",\"url\":\"https:\\\/\\\/spacewell.com\\\/es\\\/\",\"name\":\"Spacewell | A Nemetschek Company\",\"description\":\"Make buildings work for people\",\"publisher\":{\"@id\":\"https:\\\/\\\/spacewell.com\\\/es\\\/#organization\"},\"potentialAction\":[{\"@type\":\"SearchAction\",\"target\":{\"@type\":\"EntryPoint\",\"urlTemplate\":\"https:\\\/\\\/spacewell.com\\\/es\\\/?s={search_term_string}\"},\"query-input\":{\"@type\":\"PropertyValueSpecification\",\"valueRequired\":true,\"valueName\":\"search_term_string\"}}],\"inLanguage\":\"es\"},{\"@type\":\"Organization\",\"@id\":\"https:\\\/\\\/spacewell.com\\\/es\\\/#organization\",\"name\":\"Spacewell | A Nemetschek Company\",\"url\":\"https:\\\/\\\/spacewell.com\\\/es\\\/\",\"logo\":{\"@type\":\"ImageObject\",\"inLanguage\":\"es\",\"@id\":\"https:\\\/\\\/spacewell.com\\\/es\\\/#\\\/schema\\\/logo\\\/image\\\/\",\"url\":\"https:\\\/\\\/spacewell.com\\\/wp-content\\\/uploads\\\/2023\\\/05\\\/spacewell-logo-500x88-1.webp\",\"contentUrl\":\"https:\\\/\\\/spacewell.com\\\/wp-content\\\/uploads\\\/2023\\\/05\\\/spacewell-logo-500x88-1.webp\",\"width\":500,\"height\":88,\"caption\":\"Spacewell | A Nemetschek Company\"},\"image\":{\"@id\":\"https:\\\/\\\/spacewell.com\\\/es\\\/#\\\/schema\\\/logo\\\/image\\\/\"},\"sameAs\":[\"https:\\\/\\\/www.facebook.com\\\/SpacewellHQ\",\"https:\\\/\\\/x.com\\\/Spacewell_HQ\"]},{\"@type\":\"Person\",\"@id\":\"https:\\\/\\\/spacewell.com\\\/es\\\/#\\\/schema\\\/person\\\/7cb8d21e10d02d2677ce25c3ef233beb\",\"name\":\"Stefanie Candela\",\"image\":{\"@type\":\"ImageObject\",\"inLanguage\":\"es\",\"@id\":\"https:\\\/\\\/secure.gravatar.com\\\/avatar\\\/dc1ca66c1af8adbb370e67da2841bbaa6b529fed96ed781392a0322c5a932d85?s=96&d=mm&r=g\",\"url\":\"https:\\\/\\\/secure.gravatar.com\\\/avatar\\\/dc1ca66c1af8adbb370e67da2841bbaa6b529fed96ed781392a0322c5a932d85?s=96&d=mm&r=g\",\"contentUrl\":\"https:\\\/\\\/secure.gravatar.com\\\/avatar\\\/dc1ca66c1af8adbb370e67da2841bbaa6b529fed96ed781392a0322c5a932d85?s=96&d=mm&r=g\",\"caption\":\"Stefanie Candela\"},\"sameAs\":[\"http:\\\/\\\/spacewell.com\"],\"url\":\"https:\\\/\\\/spacewell.com\\\/es\\\/author\\\/stefanie-candela\\\/\"}]}<\/script>\n<!-- \/ Yoast SEO Premium plugin. -->","yoast_head_json":{"title":"M\u00e1s datos, menos claridad: la paradoja del lugar de trabajo moderno inform - Spacewell | A Nemetschek Company","description":"\u00danete a IFMA Espa\u00f1a y Spacewell el 20 de octubre en un webinar en espa\u00f1ol sobre c\u00f3mo convertir los datos de uso del lugar de trabajo en decisiones m\u00e1s inteligentes sobre la planificaci\u00f3n del espacio.","robots":{"index":"index","follow":"follow","max-snippet":"max-snippet:-1","max-image-preview":"max-image-preview:large","max-video-preview":"max-video-preview:-1"},"canonical":"https:\/\/spacewell.com\/es\/recursos\/webinars\/mas-datos-menos-claridad-la-paradoja-del-lugar-de-trabajo-moderno\/","og_locale":"es_ES","og_type":"article","og_title":"M\u00e1s datos, menos claridad: la paradoja del lugar de trabajo moderno inform","og_description":"\u00danete a IFMA Espa\u00f1a y Spacewell el 20 de octubre en un webinar en espa\u00f1ol sobre c\u00f3mo convertir los datos de uso del lugar de trabajo en decisiones m\u00e1s inteligentes sobre la planificaci\u00f3n del espacio.","og_url":"https:\/\/spacewell.com\/es\/recursos\/webinars\/mas-datos-menos-claridad-la-paradoja-del-lugar-de-trabajo-moderno\/","og_site_name":"Spacewell | A Nemetschek Company","article_publisher":"https:\/\/www.facebook.com\/SpacewellHQ","article_published_time":"2026-08-28T11:41:49+00:00","article_modified_time":"2026-08-28T12:07:43+00:00","og_image":[{"width":1024,"height":538,"url":"https:\/\/spacewell.com\/wp-content\/uploads\/2026\/08\/Workplace-Summer-School-Website-Header-1024x538.png","type":"image\/png"}],"author":"Stefanie Candela","twitter_card":"summary_large_image","twitter_creator":"@Spacewell_HQ","twitter_site":"@Spacewell_HQ","twitter_misc":{"Escrito por":"Stefanie Candela","Tiempo de lectura":"2 minutos"},"schema":{"@context":"https:\/\/schema.org","@graph":[{"@type":"Article","@id":"https:\/\/spacewell.com\/es\/recursos\/webinars\/mas-datos-menos-claridad-la-paradoja-del-lugar-de-trabajo-moderno\/#article","isPartOf":{"@id":"https:\/\/spacewell.com\/es\/recursos\/webinars\/mas-datos-menos-claridad-la-paradoja-del-lugar-de-trabajo-moderno\/"},"author":{"name":"Stefanie Candela","@id":"https:\/\/spacewell.com\/es\/#\/schema\/person\/7cb8d21e10d02d2677ce25c3ef233beb"},"headline":"M\u00e1s datos, menos claridad: la paradoja del lugar de trabajo moderno inform","datePublished":"2026-08-28T11:41:49+00:00","dateModified":"2026-08-28T12:07:43+00:00","mainEntityOfPage":{"@id":"https:\/\/spacewell.com\/es\/recursos\/webinars\/mas-datos-menos-claridad-la-paradoja-del-lugar-de-trabajo-moderno\/"},"wordCount":381,"publisher":{"@id":"https:\/\/spacewell.com\/es\/#organization"},"image":{"@id":"https:\/\/spacewell.com\/es\/recursos\/webinars\/mas-datos-menos-claridad-la-paradoja-del-lugar-de-trabajo-moderno\/#primaryimage"},"thumbnailUrl":"https:\/\/spacewell.com\/wp-content\/uploads\/2026\/08\/Workplace-Summer-School-Website-Header.png","articleSection":["Recursos","Webinars"],"inLanguage":"es"},{"@type":"WebPage","@id":"https:\/\/spacewell.com\/es\/recursos\/webinars\/mas-datos-menos-claridad-la-paradoja-del-lugar-de-trabajo-moderno\/","url":"https:\/\/spacewell.com\/es\/recursos\/webinars\/mas-datos-menos-claridad-la-paradoja-del-lugar-de-trabajo-moderno\/","name":"M\u00e1s datos, menos claridad: la paradoja del lugar de trabajo moderno inform - Spacewell | A Nemetschek Company","isPartOf":{"@id":"https:\/\/spacewell.com\/es\/#website"},"primaryImageOfPage":{"@id":"https:\/\/spacewell.com\/es\/recursos\/webinars\/mas-datos-menos-claridad-la-paradoja-del-lugar-de-trabajo-moderno\/#primaryimage"},"image":{"@id":"https:\/\/spacewell.com\/es\/recursos\/webinars\/mas-datos-menos-claridad-la-paradoja-del-lugar-de-trabajo-moderno\/#primaryimage"},"thumbnailUrl":"https:\/\/spacewell.com\/wp-content\/uploads\/2026\/08\/Workplace-Summer-School-Website-Header.png","datePublished":"2026-08-28T11:41:49+00:00","dateModified":"2026-08-28T12:07:43+00:00","description":"\u00danete a IFMA Espa\u00f1a y Spacewell el 20 de octubre en un webinar en espa\u00f1ol sobre c\u00f3mo convertir los datos de uso del lugar de trabajo en decisiones m\u00e1s inteligentes sobre la planificaci\u00f3n del espacio.","breadcrumb":{"@id":"https:\/\/spacewell.com\/es\/recursos\/webinars\/mas-datos-menos-claridad-la-paradoja-del-lugar-de-trabajo-moderno\/#breadcrumb"},"inLanguage":"es","potentialAction":[{"@type":"ReadAction","target":["https:\/\/spacewell.com\/es\/recursos\/webinars\/mas-datos-menos-claridad-la-paradoja-del-lugar-de-trabajo-moderno\/"]}]},{"@type":"ImageObject","inLanguage":"es","@id":"https:\/\/spacewell.com\/es\/recursos\/webinars\/mas-datos-menos-claridad-la-paradoja-del-lugar-de-trabajo-moderno\/#primaryimage","url":"https:\/\/spacewell.com\/wp-content\/uploads\/2026\/08\/Workplace-Summer-School-Website-Header.png","contentUrl":"https:\/\/spacewell.com\/wp-content\/uploads\/2026\/08\/Workplace-Summer-School-Website-Header.png","width":2350,"height":1234,"caption":"M\u00e1s datos, menos claridad: Spacewell x IFMA te informo"},{"@type":"BreadcrumbList","@id":"https:\/\/spacewell.com\/es\/recursos\/webinars\/mas-datos-menos-claridad-la-paradoja-del-lugar-de-trabajo-moderno\/#breadcrumb","itemListElement":[{"@type":"ListItem","position":1,"name":"Home","item":"https:\/\/spacewell.com\/es\/"},{"@type":"ListItem","position":2,"name":"M\u00e1s datos, menos claridad: la paradoja del lugar de trabajo moderno inform"}]},{"@type":"WebSite","@id":"https:\/\/spacewell.com\/es\/#website","url":"https:\/\/spacewell.com\/es\/","name":"Spacewell | A Nemetschek Company","description":"Make buildings work for people","publisher":{"@id":"https:\/\/spacewell.com\/es\/#organization"},"potentialAction":[{"@type":"SearchAction","target":{"@type":"EntryPoint","urlTemplate":"https:\/\/spacewell.com\/es\/?s={search_term_string}"},"query-input":{"@type":"PropertyValueSpecification","valueRequired":true,"valueName":"search_term_string"}}],"inLanguage":"es"},{"@type":"Organization","@id":"https:\/\/spacewell.com\/es\/#organization","name":"Spacewell | A Nemetschek Company","url":"https:\/\/spacewell.com\/es\/","logo":{"@type":"ImageObject","inLanguage":"es","@id":"https:\/\/spacewell.com\/es\/#\/schema\/logo\/image\/","url":"https:\/\/spacewell.com\/wp-content\/uploads\/2023\/05\/spacewell-logo-500x88-1.webp","contentUrl":"https:\/\/spacewell.com\/wp-content\/uploads\/2023\/05\/spacewell-logo-500x88-1.webp","width":500,"height":88,"caption":"Spacewell | A Nemetschek Company"},"image":{"@id":"https:\/\/spacewell.com\/es\/#\/schema\/logo\/image\/"},"sameAs":["https:\/\/www.facebook.com\/SpacewellHQ","https:\/\/x.com\/Spacewell_HQ"]},{"@type":"Person","@id":"https:\/\/spacewell.com\/es\/#\/schema\/person\/7cb8d21e10d02d2677ce25c3ef233beb","name":"Stefanie Candela","image":{"@type":"ImageObject","inLanguage":"es","@id":"https:\/\/secure.gravatar.com\/avatar\/dc1ca66c1af8adbb370e67da2841bbaa6b529fed96ed781392a0322c5a932d85?s=96&d=mm&r=g","url":"https:\/\/secure.gravatar.com\/avatar\/dc1ca66c1af8adbb370e67da2841bbaa6b529fed96ed781392a0322c5a932d85?s=96&d=mm&r=g","contentUrl":"https:\/\/secure.gravatar.com\/avatar\/dc1ca66c1af8adbb370e67da2841bbaa6b529fed96ed781392a0322c5a932d85?s=96&d=mm&r=g","caption":"Stefanie Candela"},"sameAs":["http:\/\/spacewell.com"],"url":"https:\/\/spacewell.com\/es\/author\/stefanie-candela\/"}]}},"_links":{"self":[{"href":"https:\/\/spacewell.com\/es\/wp-json\/wp\/v2\/posts\/58434","targetHints":{"allow":["GET"]}}],"collection":[{"href":"https:\/\/spacewell.com\/es\/wp-json\/wp\/v2\/posts"}],"about":[{"href":"https:\/\/spacewell.com\/es\/wp-json\/wp\/v2\/types\/post"}],"author":[{"embeddable":true,"href":"https:\/\/spacewell.com\/es\/wp-json\/wp\/v2\/users\/47"}],"replies":[{"embeddable":true,"href":"https:\/\/spacewell.com\/es\/wp-json\/wp\/v2\/comments?post=58434"}],"version-history":[{"count":11,"href":"https:\/\/spacewell.com\/es\/wp-json\/wp\/v2\/posts\/58434\/revisions"}],"predecessor-version":[{"id":58466,"href":"https:\/\/spacewell.com\/es\/wp-json\/wp\/v2\/posts\/58434\/revisions\/58466"}],"wp:featuredmedia":[{"embeddable":true,"href":"https:\/\/spacewell.com\/es\/wp-json\/wp\/v2\/media\/58419"}],"wp:attachment":[{"href":"https:\/\/spacewell.com\/es\/wp-json\/wp\/v2\/media?parent=58434"}],"wp:term":[{"taxonomy":"category","embeddable":true,"href":"https:\/\/spacewell.com\/es\/wp-json\/wp\/v2\/categories?post=58434"},{"taxonomy":"post_tag","embeddable":true,"href":"https:\/\/spacewell.com\/es\/wp-json\/wp\/v2\/tags?post=58434"}],"curies":[{"name":"wp","href":"https:\/\/api.w.org\/{rel}","templated":true}]}}