


{"id":48024,"date":"2026-03-06T14:40:57","date_gmt":"2026-03-06T13:40:57","guid":{"rendered":"https:\/\/spacewell.com\/sin-categorizar\/facility-management-finally-reaches-the-boardroom\/"},"modified":"2026-03-06T16:05:20","modified_gmt":"2026-03-06T15:05:20","slug":"facility-management-finally-reaches-the-boardroom","status":"publish","type":"post","link":"https:\/\/spacewell.com\/es\/recursos\/blog\/facility-management-finally-reaches-the-boardroom\/","title":{"rendered":"El Facility Management llega por fin a la sala de juntas"},"content":{"rendered":"<div class=\"gb-container gb-container-2fca63ba gb-container-5731d80c\">\n\n<p>El Facility Management desempe\u00f1a un papel cada vez m\u00e1s importante dentro de las organizaciones. Lo que antes se consideraba una funci\u00f3n de apoyo, ahora se ve con m\u00e1s frecuencia como una disciplina estrat\u00e9gica que influye directamente en la gesti\u00f3n de costes, la sostenibilidad y la experiencia de los empleados. <\/p>\n\n\n\n<p>En una reciente publicaci\u00f3n en la revista Knack, una editorial belga de publicaciones y contenidos empresariales centrados en el sector, se analiza en profundidad esta evoluci\u00f3n. En ese dossier, John Van Tessel, director general de Spacewell, tambi\u00e9n comparte su perspectiva sobre el papel cambiante de la gesti\u00f3n de instalaciones y el impacto de la tecnolog\u00eda en los edificios y lugares de trabajo. <\/p>\n\n\n\n<h2 class=\"wp-block-heading\" id=\"h-people-are-more-expensive-than-buildings\"><strong>Las personas son m\u00e1s caras que los edificios<\/strong><\/h2>\n\n\n\n<p>Para la mayor\u00eda de las organizaciones, los empleados representan el mayor coste, mientras que los edificios y los servicios de las instalaciones suelen ocupar el segundo lugar. Seg\u00fan Van Tessel, precisamente por eso est\u00e1 cambiando la atenci\u00f3n en las organizaciones. Explica que las empresas se dan cuenta cada vez m\u00e1s de que sus dos mayores inversiones, las personas y los edificios, deben reforzarse mutuamente, y que los edificios deben gestionarse de forma \u00f3ptima durante todo su ciclo de vida. No se trata s\u00f3lo de la experiencia en el lugar de trabajo, sino tambi\u00e9n de la gesti\u00f3n de costes, el consumo de energ\u00eda, la eficacia del mantenimiento y la fiabilidad de las instalaciones.   <\/p>\n\n\n\n<p>Desde COVID, esta idea no ha hecho m\u00e1s que reforzarse. Muchas organizaciones buscan un nuevo equilibrio entre el trabajo de oficina y el trabajo h\u00edbrido. Al mismo tiempo, las expectativas de los empleados sobre su entorno de trabajo tambi\u00e9n est\u00e1n cambiando.  <\/p>\n\n\n\n<blockquote class=\"wp-block-quote is-layout-flow wp-block-quote-is-layout-flow\">\n<p>\u00abLos j\u00f3venes solicitantes no s\u00f3lo preguntan por el salario. Preguntan por baristas, un almuerzo saludable, un gimnasio, un lugar de trabajo inspirador donde puedan desarrollarse. Esa es la realidad\u00bb<br\/>&#8211; John Van Tessel, director general de Spacewell<\/p>\n<\/blockquote>\n\n\n\n<p>Para las organizaciones, esto significa que los lugares de trabajo no s\u00f3lo deben ser funcionales, sino que tambi\u00e9n deben contribuir a la comodidad, la flexibilidad y un entorno de trabajo atractivo.<\/p>\n\n\n\n<figure class=\"gb-block-image gb-block-image-aefb2b2a\"><img loading=\"lazy\" decoding=\"async\" width=\"2350\" height=\"1234\" class=\"gb-image gb-image-aefb2b2a\" src=\"https:\/\/spacewell.com\/wp-content\/uploads\/2026\/03\/John-Van-Tessel.png\" alt=\"John Van Tessel\" title=\"John Van Tessel\" srcset=\"https:\/\/spacewell.com\/wp-content\/uploads\/2026\/03\/John-Van-Tessel.png 2350w, https:\/\/spacewell.com\/wp-content\/uploads\/2026\/03\/John-Van-Tessel-500x263.png 500w, https:\/\/spacewell.com\/wp-content\/uploads\/2026\/03\/John-Van-Tessel-1024x538.png 1024w, https:\/\/spacewell.com\/wp-content\/uploads\/2026\/03\/John-Van-Tessel-768x403.png 768w, https:\/\/spacewell.com\/wp-content\/uploads\/2026\/03\/John-Van-Tessel-1536x807.png 1536w, https:\/\/spacewell.com\/wp-content\/uploads\/2026\/03\/John-Van-Tessel-2048x1075.png 2048w\" sizes=\"auto, (max-width: 2350px) 100vw, 2350px\" \/><\/figure>\n\n\n\n<p><\/p>\n\n\n\n<h2 class=\"wp-block-heading\" id=\"h-the-move-to-the-boardroom\"><strong>El paso a la sala de juntas<\/strong><\/h2>\n\n\n\n<p>Seg\u00fan Van Tessel, el lugar de trabajo se considera cada vez m\u00e1s un activo estrat\u00e9gico. Esto significa tambi\u00e9n que las decisiones relativas a la gesti\u00f3n inmobiliaria y de instalaciones se toman m\u00e1s a menudo a nivel ejecutivo. <\/p>\n\n\n\n<blockquote class=\"wp-block-quote is-layout-flow wp-block-quote-is-layout-flow\">\n<p>\u00abF\u00edjate en organizaciones como Rabobank, Randstad y Deloitte, donde se informa de los bienes inmuebles a nivel C. Lo vemos cada vez m\u00e1s a menudo. El Facility Management ya no es una cuesti\u00f3n operativa secundaria. Es un pilar estrat\u00e9gico que repercute directamente en la estructura de costes, el rendimiento sostenible, la atracci\u00f3n y retenci\u00f3n de talentos y la continuidad empresarial\u00bb<br\/>&#8211; John Van Tessel, director general de Spacewell<\/p>\n<\/blockquote>\n\n\n\n<p>Seg\u00fan Van Tessel, la tecnolog\u00eda desempe\u00f1ar\u00e1 un papel cada vez m\u00e1s importante en la gesti\u00f3n y el uso de los edificios en los pr\u00f3ximos a\u00f1os. Una mayor integraci\u00f3n, automatizaci\u00f3n y conocimiento de los datos ayudar\u00e1n a las organizaciones a gestionar los edificios de forma m\u00e1s eficiente y sostenible. <\/p>\n\n\n\n<p>Espera que la inteligencia artificial desempe\u00f1e un papel importante en esta evoluci\u00f3n y que los edificios sean cada vez m\u00e1s inteligentes. En el futuro, muchos procesos se gestionar\u00e1n y optimizar\u00e1n autom\u00e1ticamente, lo que permitir\u00e1 a los profesionales trabajar de forma m\u00e1s productiva y conocer mejor el uso de los lugares de trabajo, las instalaciones y la energ\u00eda. <\/p>\n\n\n\n<p>Desde su sede en Wilrijk, Spacewell desarrolla soluciones que ayudan a las organizaciones a gestionar los lugares de trabajo, los edificios y la energ\u00eda. Con oficinas en Holanda, Espa\u00f1a, Alemania, Suecia e India, la empresa se centra principalmente en Europa como mercado principal, aunque tambi\u00e9n atiende a clientes de regiones como Estados Unidos y Oriente Medio. Spacewell tambi\u00e9n colabora con socios como Google y Capgemini.  <\/p>\n\n\n\n<h2 class=\"wp-block-heading\" id=\"h-facility-management-as-a-strategic-pillar\"><strong>La gesti\u00f3n de instalaciones como pilar estrat\u00e9gico<\/strong><\/h2>\n\n\n\n<p>Por tanto, el papel de la gesti\u00f3n de instalaciones dentro de las organizaciones est\u00e1 cambiando r\u00e1pidamente. Lo que antes era principalmente una disciplina operativa est\u00e1 evolucionando hacia un pilar estrat\u00e9gico que ayuda a las organizaciones a gestionar los costes, mejorar la sostenibilidad y crear un mejor entorno de trabajo. <\/p>\n\n\n\n<p>Van Tessel resume esta evoluci\u00f3n en el art\u00edculo de la siguiente manera:<\/p>\n\n\n\n<blockquote class=\"wp-block-quote is-layout-flow wp-block-quote-is-layout-flow\">\n<p>\u00abSi las personas son tu activo m\u00e1s importante y los edificios tu mayor coste, entonces debes enfocar el lugar de trabajo estrat\u00e9gicamente. No en el almac\u00e9n de la organizaci\u00f3n, sino en la sala de juntas\u00bb<br\/>&#8211; John Van Tessel, director general de Spacewell<\/p>\n<\/blockquote>\n\n\n\n<p>Want to read the full article? <a href=\"https:\/\/kompasmedia.be\/kompas-dossiers-vl\/#flipbook-df_3450\/11\/\" type=\"link\" id=\"https:\/\/kompasmedia.be\/kompas-dossiers-vl\/#flipbook-df_3450\/11\/\">Click here to read now.<\/a> (In Dutch &#x1f1f3;&#x1f1f1;)<\/p>\n\n\n\n<p><\/p>\n\n\n\n<h2 class=\"wp-block-heading\" id=\"h-request-a-demo\">Solicita una demostraci\u00f3n<\/h2>\n\n\n\n<p>\u00bfTienes curiosidad por saber c\u00f3mo puedes optimizar mejor tus lugares de trabajo y edificios utilizando datos y tecnolog\u00eda? Rellena el siguiente formulario y te ayudaremos a empezar. <\/p>\n\n\n\n<script charset=\"utf-8\" type=\"text\/javascript\" src=\"\/\/js.hsforms.net\/forms\/embed\/v2.js\"><\/script><script>hbspt.forms.create({\n    portalId: \"437281\",\n    formId: \"24cbb6f7-bce4-4f96-823b-e04a3c41b509\",\n    region: \"na1\"\n  });\n<\/script>\n\n<\/div>\n<p><\/p>\n","protected":false},"excerpt":{"rendered":"<p>El Facility Management desempe\u00f1a un papel cada vez m\u00e1s importante dentro de las organizaciones. Lo que antes se consideraba una funci\u00f3n de apoyo, ahora se ve con m\u00e1s frecuencia como una disciplina estrat\u00e9gica que influye directamente en la gesti\u00f3n de costes, la sostenibilidad y la experiencia de los empleados. En una reciente publicaci\u00f3n en la &#8230; <a title=\"El Facility Management llega por fin a la sala de juntas\" class=\"read-more\" href=\"https:\/\/spacewell.com\/es\/recursos\/blog\/facility-management-finally-reaches-the-boardroom\/\" aria-label=\"Leer m\u00e1s sobre El Facility Management llega por fin a la sala de juntas\">Leer m\u00e1s<\/a><\/p>\n","protected":false},"author":46,"featured_media":48001,"comment_status":"closed","ping_status":"open","sticky":false,"template":"","format":"standard","meta":{"_acf_changed":false,"footnotes":""},"categories":[36,31,693],"tags":[],"class_list":["post-48024","post","type-post","status-publish","format-standard","has-post-thumbnail","hentry","category-blog","category-recursos","category-workplace-es","generate-columns","tablet-grid-50","mobile-grid-100","grid-parent","grid-50","no-featured-image-padding"],"acf":[],"yoast_head":"<!-- This site is optimized with the Yoast SEO Premium plugin v26.0 (Yoast SEO v27.5) - https:\/\/yoast.com\/product\/yoast-seo-premium-wordpress\/ -->\n<title>La gesti\u00f3n de instalaciones llega por fin a la sala de juntas | Spacewell<\/title>\n<meta name=\"description\" content=\"KompasMedia presenta a John Van Tessel sobre c\u00f3mo la gesti\u00f3n de instalaciones se est\u00e1 convirtiendo en un motor estrat\u00e9gico de eficiencia y sostenibilidad.\" \/>\n<meta name=\"robots\" content=\"index, follow, max-snippet:-1, max-image-preview:large, max-video-preview:-1\" \/>\n<link rel=\"canonical\" href=\"https:\/\/spacewell.com\/es\/recursos\/blog\/facility-management-finally-reaches-the-boardroom\/\" \/>\n<meta property=\"og:locale\" content=\"es_ES\" \/>\n<meta property=\"og:type\" content=\"article\" \/>\n<meta property=\"og:title\" content=\"El Facility Management llega por fin a la sala de juntas\" \/>\n<meta property=\"og:description\" content=\"KompasMedia presenta a John Van Tessel sobre c\u00f3mo la gesti\u00f3n de instalaciones se est\u00e1 convirtiendo en un motor estrat\u00e9gico de eficiencia y sostenibilidad.\" \/>\n<meta property=\"og:url\" content=\"https:\/\/spacewell.com\/es\/recursos\/blog\/facility-management-finally-reaches-the-boardroom\/\" \/>\n<meta property=\"og:site_name\" content=\"Spacewell | A Nemetschek Company\" \/>\n<meta property=\"article:publisher\" content=\"https:\/\/www.facebook.com\/SpacewellHQ\" \/>\n<meta property=\"article:published_time\" content=\"2026-03-06T13:40:57+00:00\" \/>\n<meta property=\"article:modified_time\" content=\"2026-03-06T15:05:20+00:00\" \/>\n<meta property=\"og:image\" content=\"https:\/\/spacewell.com\/wp-content\/uploads\/2026\/03\/Spacewell-in-KompasMedia-Knack-Magazine-1-2-1024x538.png\" \/>\n\t<meta property=\"og:image:width\" content=\"1024\" \/>\n\t<meta property=\"og:image:height\" content=\"538\" \/>\n\t<meta property=\"og:image:type\" content=\"image\/png\" \/>\n<meta name=\"author\" content=\"Ana Sofia Barrera Abisad\" \/>\n<meta name=\"twitter:card\" content=\"summary_large_image\" \/>\n<meta name=\"twitter:creator\" content=\"@Spacewell_HQ\" \/>\n<meta name=\"twitter:site\" content=\"@Spacewell_HQ\" \/>\n<meta name=\"twitter:label1\" content=\"Escrito por\" \/>\n\t<meta name=\"twitter:data1\" content=\"Ana Sofia Barrera Abisad\" \/>\n\t<meta name=\"twitter:label2\" content=\"Tiempo de lectura\" \/>\n\t<meta name=\"twitter:data2\" content=\"4 minutos\" \/>\n<script type=\"application\/ld+json\" class=\"yoast-schema-graph\">{\"@context\":\"https:\\\/\\\/schema.org\",\"@graph\":[{\"@type\":\"Article\",\"@id\":\"https:\\\/\\\/spacewell.com\\\/es\\\/recursos\\\/blog\\\/facility-management-finally-reaches-the-boardroom\\\/#article\",\"isPartOf\":{\"@id\":\"https:\\\/\\\/spacewell.com\\\/es\\\/recursos\\\/blog\\\/facility-management-finally-reaches-the-boardroom\\\/\"},\"author\":{\"name\":\"Ana Sofia Barrera Abisad\",\"@id\":\"https:\\\/\\\/spacewell.com\\\/es\\\/#\\\/schema\\\/person\\\/3685f2be4f886ed45bb71e672198ef59\"},\"headline\":\"El Facility Management llega por fin a la sala de juntas\",\"datePublished\":\"2026-03-06T13:40:57+00:00\",\"dateModified\":\"2026-03-06T15:05:20+00:00\",\"mainEntityOfPage\":{\"@id\":\"https:\\\/\\\/spacewell.com\\\/es\\\/recursos\\\/blog\\\/facility-management-finally-reaches-the-boardroom\\\/\"},\"wordCount\":870,\"publisher\":{\"@id\":\"https:\\\/\\\/spacewell.com\\\/es\\\/#organization\"},\"image\":{\"@id\":\"https:\\\/\\\/spacewell.com\\\/es\\\/recursos\\\/blog\\\/facility-management-finally-reaches-the-boardroom\\\/#primaryimage\"},\"thumbnailUrl\":\"https:\\\/\\\/spacewell.com\\\/wp-content\\\/uploads\\\/2026\\\/03\\\/Spacewell-in-KompasMedia-Knack-Magazine-1-2.png\",\"articleSection\":[\"Blog\",\"Recursos\",\"Workplace\"],\"inLanguage\":\"es\"},{\"@type\":\"WebPage\",\"@id\":\"https:\\\/\\\/spacewell.com\\\/es\\\/recursos\\\/blog\\\/facility-management-finally-reaches-the-boardroom\\\/\",\"url\":\"https:\\\/\\\/spacewell.com\\\/es\\\/recursos\\\/blog\\\/facility-management-finally-reaches-the-boardroom\\\/\",\"name\":\"La gesti\u00f3n de instalaciones llega por fin a la sala de juntas | Spacewell\",\"isPartOf\":{\"@id\":\"https:\\\/\\\/spacewell.com\\\/es\\\/#website\"},\"primaryImageOfPage\":{\"@id\":\"https:\\\/\\\/spacewell.com\\\/es\\\/recursos\\\/blog\\\/facility-management-finally-reaches-the-boardroom\\\/#primaryimage\"},\"image\":{\"@id\":\"https:\\\/\\\/spacewell.com\\\/es\\\/recursos\\\/blog\\\/facility-management-finally-reaches-the-boardroom\\\/#primaryimage\"},\"thumbnailUrl\":\"https:\\\/\\\/spacewell.com\\\/wp-content\\\/uploads\\\/2026\\\/03\\\/Spacewell-in-KompasMedia-Knack-Magazine-1-2.png\",\"datePublished\":\"2026-03-06T13:40:57+00:00\",\"dateModified\":\"2026-03-06T15:05:20+00:00\",\"description\":\"KompasMedia presenta a John Van Tessel sobre c\u00f3mo la gesti\u00f3n de instalaciones se est\u00e1 convirtiendo en un motor estrat\u00e9gico de eficiencia y sostenibilidad.\",\"breadcrumb\":{\"@id\":\"https:\\\/\\\/spacewell.com\\\/es\\\/recursos\\\/blog\\\/facility-management-finally-reaches-the-boardroom\\\/#breadcrumb\"},\"inLanguage\":\"es\",\"potentialAction\":[{\"@type\":\"ReadAction\",\"target\":[\"https:\\\/\\\/spacewell.com\\\/es\\\/recursos\\\/blog\\\/facility-management-finally-reaches-the-boardroom\\\/\"]}]},{\"@type\":\"ImageObject\",\"inLanguage\":\"es\",\"@id\":\"https:\\\/\\\/spacewell.com\\\/es\\\/recursos\\\/blog\\\/facility-management-finally-reaches-the-boardroom\\\/#primaryimage\",\"url\":\"https:\\\/\\\/spacewell.com\\\/wp-content\\\/uploads\\\/2026\\\/03\\\/Spacewell-in-KompasMedia-Knack-Magazine-1-2.png\",\"contentUrl\":\"https:\\\/\\\/spacewell.com\\\/wp-content\\\/uploads\\\/2026\\\/03\\\/Spacewell-in-KompasMedia-Knack-Magazine-1-2.png\",\"width\":2350,\"height\":1234,\"caption\":\"Spacewell en la revista Knack de KompasMedia\"},{\"@type\":\"BreadcrumbList\",\"@id\":\"https:\\\/\\\/spacewell.com\\\/es\\\/recursos\\\/blog\\\/facility-management-finally-reaches-the-boardroom\\\/#breadcrumb\",\"itemListElement\":[{\"@type\":\"ListItem\",\"position\":1,\"name\":\"Home\",\"item\":\"https:\\\/\\\/spacewell.com\\\/es\\\/\"},{\"@type\":\"ListItem\",\"position\":2,\"name\":\"El Facility Management llega por fin a la sala de juntas\"}]},{\"@type\":\"WebSite\",\"@id\":\"https:\\\/\\\/spacewell.com\\\/es\\\/#website\",\"url\":\"https:\\\/\\\/spacewell.com\\\/es\\\/\",\"name\":\"Spacewell | A Nemetschek Company\",\"description\":\"Make buildings work for people\",\"publisher\":{\"@id\":\"https:\\\/\\\/spacewell.com\\\/es\\\/#organization\"},\"potentialAction\":[{\"@type\":\"SearchAction\",\"target\":{\"@type\":\"EntryPoint\",\"urlTemplate\":\"https:\\\/\\\/spacewell.com\\\/es\\\/?s={search_term_string}\"},\"query-input\":{\"@type\":\"PropertyValueSpecification\",\"valueRequired\":true,\"valueName\":\"search_term_string\"}}],\"inLanguage\":\"es\"},{\"@type\":\"Organization\",\"@id\":\"https:\\\/\\\/spacewell.com\\\/es\\\/#organization\",\"name\":\"Spacewell | A Nemetschek Company\",\"url\":\"https:\\\/\\\/spacewell.com\\\/es\\\/\",\"logo\":{\"@type\":\"ImageObject\",\"inLanguage\":\"es\",\"@id\":\"https:\\\/\\\/spacewell.com\\\/es\\\/#\\\/schema\\\/logo\\\/image\\\/\",\"url\":\"https:\\\/\\\/spacewell.com\\\/wp-content\\\/uploads\\\/2023\\\/05\\\/spacewell-logo-500x88-1.webp\",\"contentUrl\":\"https:\\\/\\\/spacewell.com\\\/wp-content\\\/uploads\\\/2023\\\/05\\\/spacewell-logo-500x88-1.webp\",\"width\":500,\"height\":88,\"caption\":\"Spacewell | A Nemetschek Company\"},\"image\":{\"@id\":\"https:\\\/\\\/spacewell.com\\\/es\\\/#\\\/schema\\\/logo\\\/image\\\/\"},\"sameAs\":[\"https:\\\/\\\/www.facebook.com\\\/SpacewellHQ\",\"https:\\\/\\\/x.com\\\/Spacewell_HQ\"]},{\"@type\":\"Person\",\"@id\":\"https:\\\/\\\/spacewell.com\\\/es\\\/#\\\/schema\\\/person\\\/3685f2be4f886ed45bb71e672198ef59\",\"name\":\"Ana Sofia Barrera Abisad\",\"image\":{\"@type\":\"ImageObject\",\"inLanguage\":\"es\",\"@id\":\"https:\\\/\\\/secure.gravatar.com\\\/avatar\\\/6ae994df617ffa58a62d0e38830be6999fb9afbeb6a7463c1935fe87ae7d6dfe?s=96&d=mm&r=g\",\"url\":\"https:\\\/\\\/secure.gravatar.com\\\/avatar\\\/6ae994df617ffa58a62d0e38830be6999fb9afbeb6a7463c1935fe87ae7d6dfe?s=96&d=mm&r=g\",\"contentUrl\":\"https:\\\/\\\/secure.gravatar.com\\\/avatar\\\/6ae994df617ffa58a62d0e38830be6999fb9afbeb6a7463c1935fe87ae7d6dfe?s=96&d=mm&r=g\",\"caption\":\"Ana Sofia Barrera Abisad\"},\"url\":\"https:\\\/\\\/spacewell.com\\\/es\\\/author\\\/ana-sofia-barrera-abisad\\\/\"}]}<\/script>\n<!-- \/ Yoast SEO Premium plugin. -->","yoast_head_json":{"title":"La gesti\u00f3n de instalaciones llega por fin a la sala de juntas | Spacewell","description":"KompasMedia presenta a John Van Tessel sobre c\u00f3mo la gesti\u00f3n de instalaciones se est\u00e1 convirtiendo en un motor estrat\u00e9gico de eficiencia y sostenibilidad.","robots":{"index":"index","follow":"follow","max-snippet":"max-snippet:-1","max-image-preview":"max-image-preview:large","max-video-preview":"max-video-preview:-1"},"canonical":"https:\/\/spacewell.com\/es\/recursos\/blog\/facility-management-finally-reaches-the-boardroom\/","og_locale":"es_ES","og_type":"article","og_title":"El Facility Management llega por fin a la sala de juntas","og_description":"KompasMedia presenta a John Van Tessel sobre c\u00f3mo la gesti\u00f3n de instalaciones se est\u00e1 convirtiendo en un motor estrat\u00e9gico de eficiencia y sostenibilidad.","og_url":"https:\/\/spacewell.com\/es\/recursos\/blog\/facility-management-finally-reaches-the-boardroom\/","og_site_name":"Spacewell | A Nemetschek Company","article_publisher":"https:\/\/www.facebook.com\/SpacewellHQ","article_published_time":"2026-03-06T13:40:57+00:00","article_modified_time":"2026-03-06T15:05:20+00:00","og_image":[{"width":1024,"height":538,"url":"https:\/\/spacewell.com\/wp-content\/uploads\/2026\/03\/Spacewell-in-KompasMedia-Knack-Magazine-1-2-1024x538.png","type":"image\/png"}],"author":"Ana Sofia Barrera Abisad","twitter_card":"summary_large_image","twitter_creator":"@Spacewell_HQ","twitter_site":"@Spacewell_HQ","twitter_misc":{"Escrito por":"Ana Sofia Barrera Abisad","Tiempo de lectura":"4 minutos"},"schema":{"@context":"https:\/\/schema.org","@graph":[{"@type":"Article","@id":"https:\/\/spacewell.com\/es\/recursos\/blog\/facility-management-finally-reaches-the-boardroom\/#article","isPartOf":{"@id":"https:\/\/spacewell.com\/es\/recursos\/blog\/facility-management-finally-reaches-the-boardroom\/"},"author":{"name":"Ana Sofia Barrera Abisad","@id":"https:\/\/spacewell.com\/es\/#\/schema\/person\/3685f2be4f886ed45bb71e672198ef59"},"headline":"El Facility Management llega por fin a la sala de juntas","datePublished":"2026-03-06T13:40:57+00:00","dateModified":"2026-03-06T15:05:20+00:00","mainEntityOfPage":{"@id":"https:\/\/spacewell.com\/es\/recursos\/blog\/facility-management-finally-reaches-the-boardroom\/"},"wordCount":870,"publisher":{"@id":"https:\/\/spacewell.com\/es\/#organization"},"image":{"@id":"https:\/\/spacewell.com\/es\/recursos\/blog\/facility-management-finally-reaches-the-boardroom\/#primaryimage"},"thumbnailUrl":"https:\/\/spacewell.com\/wp-content\/uploads\/2026\/03\/Spacewell-in-KompasMedia-Knack-Magazine-1-2.png","articleSection":["Blog","Recursos","Workplace"],"inLanguage":"es"},{"@type":"WebPage","@id":"https:\/\/spacewell.com\/es\/recursos\/blog\/facility-management-finally-reaches-the-boardroom\/","url":"https:\/\/spacewell.com\/es\/recursos\/blog\/facility-management-finally-reaches-the-boardroom\/","name":"La gesti\u00f3n de instalaciones llega por fin a la sala de juntas | Spacewell","isPartOf":{"@id":"https:\/\/spacewell.com\/es\/#website"},"primaryImageOfPage":{"@id":"https:\/\/spacewell.com\/es\/recursos\/blog\/facility-management-finally-reaches-the-boardroom\/#primaryimage"},"image":{"@id":"https:\/\/spacewell.com\/es\/recursos\/blog\/facility-management-finally-reaches-the-boardroom\/#primaryimage"},"thumbnailUrl":"https:\/\/spacewell.com\/wp-content\/uploads\/2026\/03\/Spacewell-in-KompasMedia-Knack-Magazine-1-2.png","datePublished":"2026-03-06T13:40:57+00:00","dateModified":"2026-03-06T15:05:20+00:00","description":"KompasMedia presenta a John Van Tessel sobre c\u00f3mo la gesti\u00f3n de instalaciones se est\u00e1 convirtiendo en un motor estrat\u00e9gico de eficiencia y sostenibilidad.","breadcrumb":{"@id":"https:\/\/spacewell.com\/es\/recursos\/blog\/facility-management-finally-reaches-the-boardroom\/#breadcrumb"},"inLanguage":"es","potentialAction":[{"@type":"ReadAction","target":["https:\/\/spacewell.com\/es\/recursos\/blog\/facility-management-finally-reaches-the-boardroom\/"]}]},{"@type":"ImageObject","inLanguage":"es","@id":"https:\/\/spacewell.com\/es\/recursos\/blog\/facility-management-finally-reaches-the-boardroom\/#primaryimage","url":"https:\/\/spacewell.com\/wp-content\/uploads\/2026\/03\/Spacewell-in-KompasMedia-Knack-Magazine-1-2.png","contentUrl":"https:\/\/spacewell.com\/wp-content\/uploads\/2026\/03\/Spacewell-in-KompasMedia-Knack-Magazine-1-2.png","width":2350,"height":1234,"caption":"Spacewell en la revista Knack de KompasMedia"},{"@type":"BreadcrumbList","@id":"https:\/\/spacewell.com\/es\/recursos\/blog\/facility-management-finally-reaches-the-boardroom\/#breadcrumb","itemListElement":[{"@type":"ListItem","position":1,"name":"Home","item":"https:\/\/spacewell.com\/es\/"},{"@type":"ListItem","position":2,"name":"El Facility Management llega por fin a la sala de juntas"}]},{"@type":"WebSite","@id":"https:\/\/spacewell.com\/es\/#website","url":"https:\/\/spacewell.com\/es\/","name":"Spacewell | A Nemetschek Company","description":"Make buildings work for people","publisher":{"@id":"https:\/\/spacewell.com\/es\/#organization"},"potentialAction":[{"@type":"SearchAction","target":{"@type":"EntryPoint","urlTemplate":"https:\/\/spacewell.com\/es\/?s={search_term_string}"},"query-input":{"@type":"PropertyValueSpecification","valueRequired":true,"valueName":"search_term_string"}}],"inLanguage":"es"},{"@type":"Organization","@id":"https:\/\/spacewell.com\/es\/#organization","name":"Spacewell | A Nemetschek Company","url":"https:\/\/spacewell.com\/es\/","logo":{"@type":"ImageObject","inLanguage":"es","@id":"https:\/\/spacewell.com\/es\/#\/schema\/logo\/image\/","url":"https:\/\/spacewell.com\/wp-content\/uploads\/2023\/05\/spacewell-logo-500x88-1.webp","contentUrl":"https:\/\/spacewell.com\/wp-content\/uploads\/2023\/05\/spacewell-logo-500x88-1.webp","width":500,"height":88,"caption":"Spacewell | A Nemetschek Company"},"image":{"@id":"https:\/\/spacewell.com\/es\/#\/schema\/logo\/image\/"},"sameAs":["https:\/\/www.facebook.com\/SpacewellHQ","https:\/\/x.com\/Spacewell_HQ"]},{"@type":"Person","@id":"https:\/\/spacewell.com\/es\/#\/schema\/person\/3685f2be4f886ed45bb71e672198ef59","name":"Ana Sofia Barrera Abisad","image":{"@type":"ImageObject","inLanguage":"es","@id":"https:\/\/secure.gravatar.com\/avatar\/6ae994df617ffa58a62d0e38830be6999fb9afbeb6a7463c1935fe87ae7d6dfe?s=96&d=mm&r=g","url":"https:\/\/secure.gravatar.com\/avatar\/6ae994df617ffa58a62d0e38830be6999fb9afbeb6a7463c1935fe87ae7d6dfe?s=96&d=mm&r=g","contentUrl":"https:\/\/secure.gravatar.com\/avatar\/6ae994df617ffa58a62d0e38830be6999fb9afbeb6a7463c1935fe87ae7d6dfe?s=96&d=mm&r=g","caption":"Ana Sofia Barrera Abisad"},"url":"https:\/\/spacewell.com\/es\/author\/ana-sofia-barrera-abisad\/"}]}},"_links":{"self":[{"href":"https:\/\/spacewell.com\/es\/wp-json\/wp\/v2\/posts\/48024","targetHints":{"allow":["GET"]}}],"collection":[{"href":"https:\/\/spacewell.com\/es\/wp-json\/wp\/v2\/posts"}],"about":[{"href":"https:\/\/spacewell.com\/es\/wp-json\/wp\/v2\/types\/post"}],"author":[{"embeddable":true,"href":"https:\/\/spacewell.com\/es\/wp-json\/wp\/v2\/users\/46"}],"replies":[{"embeddable":true,"href":"https:\/\/spacewell.com\/es\/wp-json\/wp\/v2\/comments?post=48024"}],"version-history":[{"count":11,"href":"https:\/\/spacewell.com\/es\/wp-json\/wp\/v2\/posts\/48024\/revisions"}],"predecessor-version":[{"id":48025,"href":"https:\/\/spacewell.com\/es\/wp-json\/wp\/v2\/posts\/48024\/revisions\/48025"}],"wp:featuredmedia":[{"embeddable":true,"href":"https:\/\/spacewell.com\/es\/wp-json\/wp\/v2\/media\/48001"}],"wp:attachment":[{"href":"https:\/\/spacewell.com\/es\/wp-json\/wp\/v2\/media?parent=48024"}],"wp:term":[{"taxonomy":"category","embeddable":true,"href":"https:\/\/spacewell.com\/es\/wp-json\/wp\/v2\/categories?post=48024"},{"taxonomy":"post_tag","embeddable":true,"href":"https:\/\/spacewell.com\/es\/wp-json\/wp\/v2\/tags?post=48024"}],"curies":[{"name":"wp","href":"https:\/\/api.w.org\/{rel}","templated":true}]}}