


{"id":37920,"date":"2017-04-03T13:15:53","date_gmt":"2017-04-03T11:15:53","guid":{"rendered":"https:\/\/spacewell.com\/sin-categorizar\/paquete-de-invierno-ue\/"},"modified":"2017-04-03T13:15:53","modified_gmt":"2017-04-03T11:15:53","slug":"paquete-de-invierno-ue","status":"publish","type":"post","link":"https:\/\/spacewell.com\/es\/recursos\/blog\/paquete-de-invierno-ue\/","title":{"rendered":"\u00bfQu\u00e9 es el Paquete de Invierno de la Uni\u00f3n Europea?"},"content":{"rendered":"<div class=\"gb-container gb-container-d807e79e gb-container-5731d80c\">\n<p><span style=\"font-weight: 400;\">Con la mayor\u00eda celebrando la llegada de la primavera, es buen momento para recapitular sobre\u00a0las medidas que supone el llamado <strong>\u00abPaquete de Invierno\u00bb<\/strong> de la Uni\u00f3n Europea. Un nuevo marco legal y de incentivos a la eficiencia energ\u00e9tica que puede impactar en la <a href=\"http:\/\/get.dexma.com\/legislacion-eficiencia-energetica\">regulaci\u00f3n de sostenibilidad y energ\u00eda<\/a> de nuestros pa\u00edses, pero, tambi\u00e9n, en nuestro trabajo diario.\u00a0<\/span><br \/>\n<!--more--><span id=\"hs-cta-wrapper-2285e799-ea1a-451a-ac67-7c31aa906387\" class=\"hs-cta-wrapper\"><span id=\"hs-cta-2285e799-ea1a-451a-ac67-7c31aa906387\" class=\"hs-cta-node hs-cta-2285e799-ea1a-451a-ac67-7c31aa906387\"><a href=\"http:\/\/cta-redirect.hubspot.com\/cta\/redirect\/437281\/2285e799-ea1a-451a-ac67-7c31aa906387\"><img decoding=\"async\" id=\"hs-cta-img-2285e799-ea1a-451a-ac67-7c31aa906387\" class=\"hs-cta-img aligncenter\" style=\"border-width: 0px;\" src=\"https:\/\/no-cache.hubspot.com\/cta\/default\/437281\/2285e799-ea1a-451a-ac67-7c31aa906387.png\" alt=\"\u00a1Descarga tu gu\u00eda gratis!\" \/><\/a><\/span><\/span><\/p>\n<h2><span style=\"color: #003b6f;\">\u00bfQu\u00e9 es el Paquete de Invierno UE?<\/span><\/h2>\n<p><span style=\"font-weight: 400;\">Anunciado el 30 de noviembre de 2016 el objetivo de este conjunto de legislaci\u00f3n es convertir a la Uni\u00f3n Europea en un l\u00edder global en la <strong>transici\u00f3n hacia una energ\u00eda limpia.\u00a0<\/strong><\/span><\/p>\n<p>No hay que olvidar que la Uni\u00f3n Europea se ha comprometido a reducir un 40% sus emisiones de CO2 en 2030. Las propuestas del paquete de invierno se centran en tres ejes:<\/p>\n<ol>\n<li><b>Poner la eficiencia energ\u00e9tica en primer lugar<\/b><\/li>\n<li>Ofrecer mejor oferta al consumidor<\/li>\n<li>Convertirse en l\u00edderes globales en energ\u00edas renovables<\/li>\n<\/ol>\n<p><span style=\"font-weight: 400;\">Seg\u00fan la propia documentaci\u00f3n de la Uni\u00f3n Europea:<\/span><\/p>\n<blockquote>\n<p><i><span style=\"font-weight: 400;\">La transici\u00f3n hacia la energ\u00eda limpia a nivel global ha comenzado y es <strong>irreversible<\/strong>.\u00a0<\/span><\/i><\/p>\n<p><i><span style=\"font-weight: 400;\">La Uni\u00f3n Europea no solo se quiere adaptar, sino que quiere <strong>liderarla<\/strong>.<\/span><\/i><\/p>\n<\/blockquote>\n<h2><span style=\"color: #003b6f;\">Cambios Legales del Paquete de Invierno de la UE<\/span><\/h2>\n<p><span style=\"font-weight: 400;\">La UE ha anunciado que dos directivas se ver\u00e1n afectadas de manera directa:<\/span><\/p>\n<h3><span style=\"font-weight: 400;\"><strong>1. La Directiva de Eficiencia Energ\u00e9tica<\/strong><\/span><\/h3>\n<p>La misma que se traspuso en Espa\u00f1a mediante el <a href=\"http:\/\/www.dexma.com\/es\/blog\/rd-562016\/\">RD 56\/2016<\/a>:<\/p>\n<ul>\n<li style=\"font-weight: 400;\">Puedes ver el detalle de cambios propuestos\u00a0<a href=\"http:\/\/eur-lex.europa.eu\/legal-content\/EN\/TXT\/?qid=1485938766830&amp;uri=CELEX:52016PC0761\">aqu\u00ed<\/a>\u00a0(en ingl\u00e9s).<\/li>\n<li style=\"font-weight: 400;\"><span style=\"font-weight: 400;\">El requerimiento a los proveedores y distribuidores de energ\u00eda que ahorren el 1,5% de energ\u00eda cada a\u00f1o se extiende hasta 2030 (antes el l\u00edmite era 2021) <\/span><\/li>\n<li style=\"font-weight: 400;\"><span style=\"font-weight: 400;\">Se consolidar\u00e1n, bajo la legislaci\u00f3n del Mercado Com\u00fan, las previsiones sobre medici\u00f3n y facturaci\u00f3n el\u00e9ctrica, que no quedar\u00e1n reguladas con la nueva directiva.<\/span><\/li>\n<\/ul>\n<h3><strong>2. Directiva de Rendimiento Energ\u00e9tico de Edificios<\/strong><\/h3>\n<ul>\n<li style=\"font-weight: 400;\"><span style=\"font-weight: 400;\">Puedes ver el texto legal\u00a0<a href=\"http:\/\/ec.europa.eu\/energy\/sites\/ener\/files\/documents\/1_en_act_part1_v10.pdf\">aqu\u00ed<\/a>.\u00a0Los cambios incluyen:\u00a0<\/span><\/li>\n<li style=\"font-weight: 400;\"><span style=\"font-weight: 400;\">Promocionar el uso de tecnolog\u00edas m\u00e1s modernas: automatizaci\u00f3n, control, estructuras de recarga para veh\u00edculos el\u00e9ctricos&#8230; En definitiva, todo lo que asegure que el edificio opere de forma eficiente. <\/span><\/li>\n<li style=\"font-weight: 400;\">Incorporar previsiones de renovaci\u00f3n a largo plazo<\/li>\n<li style=\"font-weight: 400;\">Aumentar la instalaci\u00f3n de puntos de recarga de veh\u00edculos el\u00e9ctricos donde hacen m\u00e1s falta, como en espacios privados<\/li>\n<li style=\"font-weight: 400;\">Clarificar los requerimientos para la realizaci\u00f3n de estudios antes de que los edificios se empiecen a construir<\/li>\n<li style=\"font-weight: 400;\"><strong>Conseguir m\u00e1s datos (y mejores) de los edificios y que est\u00e9n disponibles para todos los actores del mercado.<\/strong> La clave es trabajar en bases de datos de rendimiento energ\u00e9tico m\u00e1s robustas.<\/li>\n<\/ul>\n<p>Por \u00faltimo, la <strong>Directiva de Ecodise\u00f1o y Etiquetado de Edificios:<\/strong><\/p>\n<ul>\n<li><span style=\"font-weight: 400;\">Hay un nuevo plan de trabajo para el Ecodise\u00f1o, que estar\u00e1 vigente hasta 2019. \u00a0Incluye una lista de productos: automatizaci\u00f3n de edificios, sistemas de control, calentadores el\u00e9ctricos, ascensores, contenedores refrigerados, secadores de manos, limpiadores de alta presi\u00f3n y sistemas de <a href=\"http:\/\/www.dexma.com\/es\/plataforma-dexma-solarview-app\/\">energ\u00eda solar fotovoltaica<\/a>.<\/span><\/li>\n<li><span style=\"font-weight: 400;\">Nuevos m\u00ednimos de eficiencia energ\u00e9tica requeridos para calentadores de aire y maquinaria de enfriamiento. <\/span><\/li>\n<li><span style=\"font-weight: 400;\">Estandarizaci\u00f3n para calderas de combustibles s\u00f3lidos.<\/span><\/li>\n<\/ul>\n<p><span style=\"font-weight: 400;\">Resumiendo: habr\u00e1 nuevos est\u00e1ndares m\u00e1s restrictivos en Europa. Y compromisos para disminuir m\u00e1s los consumos. Pero tambi\u00e9n nuevas medidas e incentivos. <\/span><\/p>\n<p><span style=\"font-weight: 400;\">\u00bfSuena a problemas? No tiene por qu\u00e9. De hecho, la legislaci\u00f3n puede ser un gran aliado para el gestor energ\u00e9tico, como hemos demostrado con nuestra \u00faltima gu\u00eda gratuita. <\/span><\/p>\n<p><span style=\"font-weight: 400;\">Sigue leyendo y repasamos los beneficios que el Paquete de Invierno de la UE puede suponer para tus clientes.\u00a0<\/span><\/p>\n<h2><span style=\"color: #003b6f;\">Beneficios para tus Clientes<\/span><\/h2>\n<p><span style=\"font-weight: 400;\">B\u00e1sicamente, el primer y m\u00e1s importante beneficio es la financiaci\u00f3n extra que llegar\u00e1 tras este anuncio de nuevas medidas. Conseguir financiaci\u00f3n para los proyectos de eficiencia energ\u00e9tica es un problema para el 33% de los profesionales.<\/span><\/p>\n<p><span style=\"font-weight: 400;\">Habr\u00e1\u00a0nueva financiaci\u00f3n para <strong>edificios inteligentes.<\/strong> La iniciativa pretende<strong> desbloquear unos 10 billones de euros<\/strong> en financiaci\u00f3n p\u00fablica y privada desde ahora mismo hasta 2020. Este dinero se utilizar\u00e1 para mejorar los sistemas de renovaci\u00f3n de edificios, la instalaci\u00f3n de renovables y la promoci\u00f3n de proyectos de eficiencia energ\u00e9tica.\u00a0<\/span><\/p>\n<p>Un segundo programa, el <strong>EFSI 2.0<\/strong> (European Fund for Strategic Investment) se ampl\u00eda tambi\u00e9n con m\u00e1s fondos gracias al Paquete de Invierno. Hasta ahora, solo el 22% de la inversi\u00f3n entregada a trav\u00e9s del EFSI (que gestiona el European Investment Bank) estaba relacionada con proyectos energ\u00e9ticos. El Paquete de Invierno promete poner m\u00e1s foco en la sostenibilidad y la eficiencia energ\u00e9tica.<\/p>\n<p>A partir de ahora y hasta 2020, se invertir\u00e1n un total de<strong> 500 billones de euros.<\/strong> El compromiso es, al menos:<\/p>\n<ul>\n<li style=\"font-weight: 400;\"><span style=\"font-weight: 400;\">que el 40% de los recursos de\u00a0EFSI se apliquen en acciones contra el cambio clim\u00e1tico, de acuerdo a lo que se\u00a0firm\u00f3 en el Acuerdo de Par\u00eds (COP22)\u00a0<\/span><\/li>\n<li style=\"font-weight: 400;\"><span style=\"font-weight: 400;\">que el 20% del presupuesto de la UE deber\u00e1 tener relaci\u00f3n con proyectos relacionados con el cambio clim\u00e1tico<\/span><\/li>\n<\/ul>\n<p><span style=\"font-weight: 400;\">El programa Edodesign tambi\u00e9n es relevante para las Empresas de Servicios Energ\u00e9ticos y sus clientes, en especial aquellos que trabajen en industria y fabricaci\u00f3n. <\/span><\/p>\n<p><span style=\"font-weight: 400;\">En resumen, el Paquete de Invierno parece traer buenas noticias a todos los que trabajamos en eficiencia energ\u00e9tica. Pronto se ir\u00e1n desgranando estos presupuestos y los iremos concretando en el blog (no olvides suscribirte). <\/span><\/p>\n<p><span style=\"font-weight: 400;\">Te dejamos con algunas de nuestras fases favoritas del anuncio del Paquete de Invierno de la Uni\u00f3n Europea: <\/span><\/p>\n<ul>\n<li style=\"font-weight: 400;\"><i><span style=\"font-weight: 400;\">La energ\u00eda m\u00e1s eficiente es aquella que no se consume<\/span><\/i><\/li>\n<li style=\"font-weight: 400;\">La eficiencia energ\u00e9tica es una de las 5 dimensiones de la Uni\u00f3n Europea que no tiene vuelta atr\u00e1s<\/li>\n<li style=\"font-weight: 400;\">La eficiencia energ\u00e9tica contribuye a reducir la emisi\u00f3n de gases de efecto invernadero y va de la mano con las energ\u00edas renovables para acelerar la transici\u00f3n energ\u00e9tica<\/li>\n<\/ul>\n<p>Para aprender m\u00e1s sobre legislaci\u00f3n energ\u00e9tica, no olvides descargar nuestra \u00faltima gu\u00eda:<span id=\"hs-cta-wrapper-d22b6188-7b9d-42f7-96a1-42c0994c81d9\" class=\"hs-cta-wrapper\"><span id=\"hs-cta-d22b6188-7b9d-42f7-96a1-42c0994c81d9\" class=\"hs-cta-node hs-cta-d22b6188-7b9d-42f7-96a1-42c0994c81d9\"><!-- [if lte IE 8]>\n\n\n\n\n<div id=\"hs-cta-ie-element\"><\/div>\n\n\n\n\n<![endif]--><a href=\"http:\/\/cta-redirect.hubspot.com\/cta\/redirect\/437281\/d22b6188-7b9d-42f7-96a1-42c0994c81d9\"><img decoding=\"async\" id=\"hs-cta-img-d22b6188-7b9d-42f7-96a1-42c0994c81d9\" class=\"hs-cta-img aligncenter\" style=\"border-width: 0px;\" src=\"https:\/\/no-cache.hubspot.com\/cta\/default\/437281\/d22b6188-7b9d-42f7-96a1-42c0994c81d9.png\" alt=\"\u00a1Descarga tu copia!\" \/><\/a><\/span><\/span><br \/>\n<!-- end HubSpot Call-to-Action Code --><\/p>\n<\/div>\n","protected":false},"excerpt":{"rendered":"<p>Con la mayor\u00eda celebrando la llegada de la primavera, es buen momento para recapitular sobre\u00a0las medidas que supone el llamado \u00abPaquete de Invierno\u00bb de la Uni\u00f3n Europea. Un nuevo marco legal y de incentivos a la eficiencia energ\u00e9tica que puede impactar en la regulaci\u00f3n de sostenibilidad y energ\u00eda de nuestros pa\u00edses, pero, tambi\u00e9n, en nuestro [&hellip;]<\/p>\n","protected":false},"author":39,"featured_media":36588,"comment_status":"","ping_status":"open","sticky":false,"template":"","format":"standard","meta":{"_acf_changed":false,"footnotes":""},"categories":[36],"tags":[],"class_list":["post-37920","post","type-post","status-publish","format-standard","has-post-thumbnail","hentry","category-blog","generate-columns","tablet-grid-50","mobile-grid-100","grid-parent","grid-50","no-featured-image-padding"],"acf":[],"yoast_head":"<!-- This site is optimized with the Yoast SEO Premium plugin v26.0 (Yoast SEO v27.5) - https:\/\/yoast.com\/product\/yoast-seo-premium-wordpress\/ -->\n<title>\u00bfQu\u00e9 es el Paquete de Invierno de la Uni\u00f3n Europea? - Spacewell | A Nemetschek Company<\/title>\n<meta name=\"robots\" content=\"index, follow, max-snippet:-1, max-image-preview:large, max-video-preview:-1\" \/>\n<link rel=\"canonical\" href=\"https:\/\/spacewell.com\/es\/recursos\/blog\/paquete-de-invierno-ue\/\" \/>\n<meta property=\"og:locale\" content=\"es_ES\" \/>\n<meta property=\"og:type\" content=\"article\" \/>\n<meta property=\"og:title\" content=\"\u00bfQu\u00e9 es el Paquete de Invierno de la Uni\u00f3n Europea?\" \/>\n<meta property=\"og:description\" content=\"Con la mayor\u00eda celebrando la llegada de la primavera, es buen momento para recapitular sobre\u00a0las medidas que supone el llamado \u00abPaquete de Invierno\u00bb de la Uni\u00f3n Europea. Un nuevo marco legal y de incentivos a la eficiencia energ\u00e9tica que puede impactar en la regulaci\u00f3n de sostenibilidad y energ\u00eda de nuestros pa\u00edses, pero, tambi\u00e9n, en nuestro [&hellip;]\" \/>\n<meta property=\"og:url\" content=\"https:\/\/spacewell.com\/es\/recursos\/blog\/paquete-de-invierno-ue\/\" \/>\n<meta property=\"og:site_name\" content=\"Spacewell | A Nemetschek Company\" \/>\n<meta property=\"article:publisher\" content=\"https:\/\/www.facebook.com\/SpacewellHQ\" \/>\n<meta property=\"article:published_time\" content=\"2017-04-03T11:15:53+00:00\" \/>\n<meta property=\"og:image\" content=\"https:\/\/spacewell.com\/wp-content\/uploads\/2017\/03\/EU-Winter-Package.png\" \/>\n\t<meta property=\"og:image:width\" content=\"840\" \/>\n\t<meta property=\"og:image:height\" content=\"472\" \/>\n\t<meta property=\"og:image:type\" content=\"image\/png\" \/>\n<meta name=\"author\" content=\"GR DEV\" \/>\n<meta name=\"twitter:card\" content=\"summary_large_image\" \/>\n<meta name=\"twitter:creator\" content=\"@Spacewell_HQ\" \/>\n<meta name=\"twitter:site\" content=\"@Spacewell_HQ\" \/>\n<meta name=\"twitter:label1\" content=\"Escrito por\" \/>\n\t<meta name=\"twitter:data1\" content=\"GR DEV\" \/>\n\t<meta name=\"twitter:label2\" content=\"Tiempo de lectura\" \/>\n\t<meta name=\"twitter:data2\" content=\"5 minutos\" \/>\n<script type=\"application\/ld+json\" class=\"yoast-schema-graph\">{\"@context\":\"https:\\\/\\\/schema.org\",\"@graph\":[{\"@type\":\"Article\",\"@id\":\"https:\\\/\\\/spacewell.com\\\/es\\\/recursos\\\/blog\\\/paquete-de-invierno-ue\\\/#article\",\"isPartOf\":{\"@id\":\"https:\\\/\\\/spacewell.com\\\/es\\\/recursos\\\/blog\\\/paquete-de-invierno-ue\\\/\"},\"author\":{\"name\":\"GR DEV\",\"@id\":\"https:\\\/\\\/spacewell.com\\\/es\\\/#\\\/schema\\\/person\\\/3ab9f25a5170063123a203b278975eb8\"},\"headline\":\"\u00bfQu\u00e9 es el Paquete de Invierno de la Uni\u00f3n Europea?\",\"datePublished\":\"2017-04-03T11:15:53+00:00\",\"mainEntityOfPage\":{\"@id\":\"https:\\\/\\\/spacewell.com\\\/es\\\/recursos\\\/blog\\\/paquete-de-invierno-ue\\\/\"},\"wordCount\":1003,\"publisher\":{\"@id\":\"https:\\\/\\\/spacewell.com\\\/es\\\/#organization\"},\"image\":{\"@id\":\"https:\\\/\\\/spacewell.com\\\/es\\\/recursos\\\/blog\\\/paquete-de-invierno-ue\\\/#primaryimage\"},\"thumbnailUrl\":\"https:\\\/\\\/spacewell.com\\\/wp-content\\\/uploads\\\/2017\\\/03\\\/EU-Winter-Package.png\",\"articleSection\":[\"Blog\"],\"inLanguage\":\"es\"},{\"@type\":\"WebPage\",\"@id\":\"https:\\\/\\\/spacewell.com\\\/es\\\/recursos\\\/blog\\\/paquete-de-invierno-ue\\\/\",\"url\":\"https:\\\/\\\/spacewell.com\\\/es\\\/recursos\\\/blog\\\/paquete-de-invierno-ue\\\/\",\"name\":\"\u00bfQu\u00e9 es el Paquete de Invierno de la Uni\u00f3n Europea? - Spacewell | A Nemetschek Company\",\"isPartOf\":{\"@id\":\"https:\\\/\\\/spacewell.com\\\/es\\\/#website\"},\"primaryImageOfPage\":{\"@id\":\"https:\\\/\\\/spacewell.com\\\/es\\\/recursos\\\/blog\\\/paquete-de-invierno-ue\\\/#primaryimage\"},\"image\":{\"@id\":\"https:\\\/\\\/spacewell.com\\\/es\\\/recursos\\\/blog\\\/paquete-de-invierno-ue\\\/#primaryimage\"},\"thumbnailUrl\":\"https:\\\/\\\/spacewell.com\\\/wp-content\\\/uploads\\\/2017\\\/03\\\/EU-Winter-Package.png\",\"datePublished\":\"2017-04-03T11:15:53+00:00\",\"breadcrumb\":{\"@id\":\"https:\\\/\\\/spacewell.com\\\/es\\\/recursos\\\/blog\\\/paquete-de-invierno-ue\\\/#breadcrumb\"},\"inLanguage\":\"es\",\"potentialAction\":[{\"@type\":\"ReadAction\",\"target\":[\"https:\\\/\\\/spacewell.com\\\/es\\\/recursos\\\/blog\\\/paquete-de-invierno-ue\\\/\"]}]},{\"@type\":\"ImageObject\",\"inLanguage\":\"es\",\"@id\":\"https:\\\/\\\/spacewell.com\\\/es\\\/recursos\\\/blog\\\/paquete-de-invierno-ue\\\/#primaryimage\",\"url\":\"https:\\\/\\\/spacewell.com\\\/wp-content\\\/uploads\\\/2017\\\/03\\\/EU-Winter-Package.png\",\"contentUrl\":\"https:\\\/\\\/spacewell.com\\\/wp-content\\\/uploads\\\/2017\\\/03\\\/EU-Winter-Package.png\",\"width\":840,\"height\":472},{\"@type\":\"BreadcrumbList\",\"@id\":\"https:\\\/\\\/spacewell.com\\\/es\\\/recursos\\\/blog\\\/paquete-de-invierno-ue\\\/#breadcrumb\",\"itemListElement\":[{\"@type\":\"ListItem\",\"position\":1,\"name\":\"Home\",\"item\":\"https:\\\/\\\/spacewell.com\\\/es\\\/\"},{\"@type\":\"ListItem\",\"position\":2,\"name\":\"\u00bfQu\u00e9 es el Paquete de Invierno de la Uni\u00f3n Europea?\"}]},{\"@type\":\"WebSite\",\"@id\":\"https:\\\/\\\/spacewell.com\\\/es\\\/#website\",\"url\":\"https:\\\/\\\/spacewell.com\\\/es\\\/\",\"name\":\"Spacewell | A Nemetschek Company\",\"description\":\"Make buildings work for people\",\"publisher\":{\"@id\":\"https:\\\/\\\/spacewell.com\\\/es\\\/#organization\"},\"potentialAction\":[{\"@type\":\"SearchAction\",\"target\":{\"@type\":\"EntryPoint\",\"urlTemplate\":\"https:\\\/\\\/spacewell.com\\\/es\\\/?s={search_term_string}\"},\"query-input\":{\"@type\":\"PropertyValueSpecification\",\"valueRequired\":true,\"valueName\":\"search_term_string\"}}],\"inLanguage\":\"es\"},{\"@type\":\"Organization\",\"@id\":\"https:\\\/\\\/spacewell.com\\\/es\\\/#organization\",\"name\":\"Spacewell | A Nemetschek Company\",\"url\":\"https:\\\/\\\/spacewell.com\\\/es\\\/\",\"logo\":{\"@type\":\"ImageObject\",\"inLanguage\":\"es\",\"@id\":\"https:\\\/\\\/spacewell.com\\\/es\\\/#\\\/schema\\\/logo\\\/image\\\/\",\"url\":\"https:\\\/\\\/spacewell.com\\\/wp-content\\\/uploads\\\/2023\\\/05\\\/spacewell-logo-500x88-1.webp\",\"contentUrl\":\"https:\\\/\\\/spacewell.com\\\/wp-content\\\/uploads\\\/2023\\\/05\\\/spacewell-logo-500x88-1.webp\",\"width\":500,\"height\":88,\"caption\":\"Spacewell | A Nemetschek Company\"},\"image\":{\"@id\":\"https:\\\/\\\/spacewell.com\\\/es\\\/#\\\/schema\\\/logo\\\/image\\\/\"},\"sameAs\":[\"https:\\\/\\\/www.facebook.com\\\/SpacewellHQ\",\"https:\\\/\\\/x.com\\\/Spacewell_HQ\"]},{\"@type\":\"Person\",\"@id\":\"https:\\\/\\\/spacewell.com\\\/es\\\/#\\\/schema\\\/person\\\/3ab9f25a5170063123a203b278975eb8\",\"name\":\"GR DEV\",\"image\":{\"@type\":\"ImageObject\",\"inLanguage\":\"es\",\"@id\":\"https:\\\/\\\/secure.gravatar.com\\\/avatar\\\/9c441388245d3fac0379458f7558a0cf897d50b2cbbc2f90fe4bc9396e01c79d?s=96&d=mm&r=g\",\"url\":\"https:\\\/\\\/secure.gravatar.com\\\/avatar\\\/9c441388245d3fac0379458f7558a0cf897d50b2cbbc2f90fe4bc9396e01c79d?s=96&d=mm&r=g\",\"contentUrl\":\"https:\\\/\\\/secure.gravatar.com\\\/avatar\\\/9c441388245d3fac0379458f7558a0cf897d50b2cbbc2f90fe4bc9396e01c79d?s=96&d=mm&r=g\",\"caption\":\"GR DEV\"},\"url\":\"https:\\\/\\\/spacewell.com\\\/es\\\/author\\\/gr-dev\\\/\"}]}<\/script>\n<!-- \/ Yoast SEO Premium plugin. -->","yoast_head_json":{"title":"\u00bfQu\u00e9 es el Paquete de Invierno de la Uni\u00f3n Europea? - Spacewell | A Nemetschek Company","robots":{"index":"index","follow":"follow","max-snippet":"max-snippet:-1","max-image-preview":"max-image-preview:large","max-video-preview":"max-video-preview:-1"},"canonical":"https:\/\/spacewell.com\/es\/recursos\/blog\/paquete-de-invierno-ue\/","og_locale":"es_ES","og_type":"article","og_title":"\u00bfQu\u00e9 es el Paquete de Invierno de la Uni\u00f3n Europea?","og_description":"Con la mayor\u00eda celebrando la llegada de la primavera, es buen momento para recapitular sobre\u00a0las medidas que supone el llamado \u00abPaquete de Invierno\u00bb de la Uni\u00f3n Europea. Un nuevo marco legal y de incentivos a la eficiencia energ\u00e9tica que puede impactar en la regulaci\u00f3n de sostenibilidad y energ\u00eda de nuestros pa\u00edses, pero, tambi\u00e9n, en nuestro [&hellip;]","og_url":"https:\/\/spacewell.com\/es\/recursos\/blog\/paquete-de-invierno-ue\/","og_site_name":"Spacewell | A Nemetschek Company","article_publisher":"https:\/\/www.facebook.com\/SpacewellHQ","article_published_time":"2017-04-03T11:15:53+00:00","og_image":[{"width":840,"height":472,"url":"https:\/\/spacewell.com\/wp-content\/uploads\/2017\/03\/EU-Winter-Package.png","type":"image\/png"}],"author":"GR DEV","twitter_card":"summary_large_image","twitter_creator":"@Spacewell_HQ","twitter_site":"@Spacewell_HQ","twitter_misc":{"Escrito por":"GR DEV","Tiempo de lectura":"5 minutos"},"schema":{"@context":"https:\/\/schema.org","@graph":[{"@type":"Article","@id":"https:\/\/spacewell.com\/es\/recursos\/blog\/paquete-de-invierno-ue\/#article","isPartOf":{"@id":"https:\/\/spacewell.com\/es\/recursos\/blog\/paquete-de-invierno-ue\/"},"author":{"name":"GR DEV","@id":"https:\/\/spacewell.com\/es\/#\/schema\/person\/3ab9f25a5170063123a203b278975eb8"},"headline":"\u00bfQu\u00e9 es el Paquete de Invierno de la Uni\u00f3n Europea?","datePublished":"2017-04-03T11:15:53+00:00","mainEntityOfPage":{"@id":"https:\/\/spacewell.com\/es\/recursos\/blog\/paquete-de-invierno-ue\/"},"wordCount":1003,"publisher":{"@id":"https:\/\/spacewell.com\/es\/#organization"},"image":{"@id":"https:\/\/spacewell.com\/es\/recursos\/blog\/paquete-de-invierno-ue\/#primaryimage"},"thumbnailUrl":"https:\/\/spacewell.com\/wp-content\/uploads\/2017\/03\/EU-Winter-Package.png","articleSection":["Blog"],"inLanguage":"es"},{"@type":"WebPage","@id":"https:\/\/spacewell.com\/es\/recursos\/blog\/paquete-de-invierno-ue\/","url":"https:\/\/spacewell.com\/es\/recursos\/blog\/paquete-de-invierno-ue\/","name":"\u00bfQu\u00e9 es el Paquete de Invierno de la Uni\u00f3n Europea? - Spacewell | A Nemetschek Company","isPartOf":{"@id":"https:\/\/spacewell.com\/es\/#website"},"primaryImageOfPage":{"@id":"https:\/\/spacewell.com\/es\/recursos\/blog\/paquete-de-invierno-ue\/#primaryimage"},"image":{"@id":"https:\/\/spacewell.com\/es\/recursos\/blog\/paquete-de-invierno-ue\/#primaryimage"},"thumbnailUrl":"https:\/\/spacewell.com\/wp-content\/uploads\/2017\/03\/EU-Winter-Package.png","datePublished":"2017-04-03T11:15:53+00:00","breadcrumb":{"@id":"https:\/\/spacewell.com\/es\/recursos\/blog\/paquete-de-invierno-ue\/#breadcrumb"},"inLanguage":"es","potentialAction":[{"@type":"ReadAction","target":["https:\/\/spacewell.com\/es\/recursos\/blog\/paquete-de-invierno-ue\/"]}]},{"@type":"ImageObject","inLanguage":"es","@id":"https:\/\/spacewell.com\/es\/recursos\/blog\/paquete-de-invierno-ue\/#primaryimage","url":"https:\/\/spacewell.com\/wp-content\/uploads\/2017\/03\/EU-Winter-Package.png","contentUrl":"https:\/\/spacewell.com\/wp-content\/uploads\/2017\/03\/EU-Winter-Package.png","width":840,"height":472},{"@type":"BreadcrumbList","@id":"https:\/\/spacewell.com\/es\/recursos\/blog\/paquete-de-invierno-ue\/#breadcrumb","itemListElement":[{"@type":"ListItem","position":1,"name":"Home","item":"https:\/\/spacewell.com\/es\/"},{"@type":"ListItem","position":2,"name":"\u00bfQu\u00e9 es el Paquete de Invierno de la Uni\u00f3n Europea?"}]},{"@type":"WebSite","@id":"https:\/\/spacewell.com\/es\/#website","url":"https:\/\/spacewell.com\/es\/","name":"Spacewell | A Nemetschek Company","description":"Make buildings work for people","publisher":{"@id":"https:\/\/spacewell.com\/es\/#organization"},"potentialAction":[{"@type":"SearchAction","target":{"@type":"EntryPoint","urlTemplate":"https:\/\/spacewell.com\/es\/?s={search_term_string}"},"query-input":{"@type":"PropertyValueSpecification","valueRequired":true,"valueName":"search_term_string"}}],"inLanguage":"es"},{"@type":"Organization","@id":"https:\/\/spacewell.com\/es\/#organization","name":"Spacewell | A Nemetschek Company","url":"https:\/\/spacewell.com\/es\/","logo":{"@type":"ImageObject","inLanguage":"es","@id":"https:\/\/spacewell.com\/es\/#\/schema\/logo\/image\/","url":"https:\/\/spacewell.com\/wp-content\/uploads\/2023\/05\/spacewell-logo-500x88-1.webp","contentUrl":"https:\/\/spacewell.com\/wp-content\/uploads\/2023\/05\/spacewell-logo-500x88-1.webp","width":500,"height":88,"caption":"Spacewell | A Nemetschek Company"},"image":{"@id":"https:\/\/spacewell.com\/es\/#\/schema\/logo\/image\/"},"sameAs":["https:\/\/www.facebook.com\/SpacewellHQ","https:\/\/x.com\/Spacewell_HQ"]},{"@type":"Person","@id":"https:\/\/spacewell.com\/es\/#\/schema\/person\/3ab9f25a5170063123a203b278975eb8","name":"GR DEV","image":{"@type":"ImageObject","inLanguage":"es","@id":"https:\/\/secure.gravatar.com\/avatar\/9c441388245d3fac0379458f7558a0cf897d50b2cbbc2f90fe4bc9396e01c79d?s=96&d=mm&r=g","url":"https:\/\/secure.gravatar.com\/avatar\/9c441388245d3fac0379458f7558a0cf897d50b2cbbc2f90fe4bc9396e01c79d?s=96&d=mm&r=g","contentUrl":"https:\/\/secure.gravatar.com\/avatar\/9c441388245d3fac0379458f7558a0cf897d50b2cbbc2f90fe4bc9396e01c79d?s=96&d=mm&r=g","caption":"GR DEV"},"url":"https:\/\/spacewell.com\/es\/author\/gr-dev\/"}]}},"_links":{"self":[{"href":"https:\/\/spacewell.com\/es\/wp-json\/wp\/v2\/posts\/37920","targetHints":{"allow":["GET"]}}],"collection":[{"href":"https:\/\/spacewell.com\/es\/wp-json\/wp\/v2\/posts"}],"about":[{"href":"https:\/\/spacewell.com\/es\/wp-json\/wp\/v2\/types\/post"}],"author":[{"embeddable":true,"href":"https:\/\/spacewell.com\/es\/wp-json\/wp\/v2\/users\/39"}],"replies":[{"embeddable":true,"href":"https:\/\/spacewell.com\/es\/wp-json\/wp\/v2\/comments?post=37920"}],"version-history":[{"count":0,"href":"https:\/\/spacewell.com\/es\/wp-json\/wp\/v2\/posts\/37920\/revisions"}],"wp:featuredmedia":[{"embeddable":true,"href":"https:\/\/spacewell.com\/es\/wp-json\/wp\/v2\/media\/36588"}],"wp:attachment":[{"href":"https:\/\/spacewell.com\/es\/wp-json\/wp\/v2\/media?parent=37920"}],"wp:term":[{"taxonomy":"category","embeddable":true,"href":"https:\/\/spacewell.com\/es\/wp-json\/wp\/v2\/categories?post=37920"},{"taxonomy":"post_tag","embeddable":true,"href":"https:\/\/spacewell.com\/es\/wp-json\/wp\/v2\/tags?post=37920"}],"curies":[{"name":"wp","href":"https:\/\/api.w.org\/{rel}","templated":true}]}}