


{"id":37832,"date":"2017-10-17T16:35:14","date_gmt":"2017-10-17T14:35:14","guid":{"rendered":"https:\/\/spacewell.com\/sin-categorizar\/consumo-de-energia-por-franjas-horarias\/"},"modified":"2017-10-17T16:35:14","modified_gmt":"2017-10-17T14:35:14","slug":"consumo-de-energia-por-franjas-horarias","status":"publish","type":"post","link":"https:\/\/spacewell.com\/es\/recursos\/blog\/consumo-de-energia-por-franjas-horarias\/","title":{"rendered":"El Consumo de Energ\u00eda por Franjas Horarias, nueva App para DEXMA [WEBINAR]"},"content":{"rendered":"<div class=\"gb-container gb-container-d807e79e gb-container-5731d80c\">\n<p><span style=\"font-weight: 400;\">Existen multitud de factores que hacen que var\u00eden la cantidad de energ\u00eda que consumen nuestros edificios: el tipo de actividad, los sistemas de consumo y su configuraci\u00f3n, las <\/span><a href=\"http:\/\/www.dexma.com\/es\/blog\/legislacion-sobre-eficiencia-energetica-guia\/\" target=\"_blank\" rel=\"noopener noreferrer\"><b>legislaciones de eficiencia energ\u00e9tica<\/b><\/a><span style=\"font-weight: 400;\"> por regi\u00f3n, etc.\u00a0<\/span><span style=\"font-weight: 400;\">Pero a veces se nos pasa un factor muy evidente, \u00bfsabes al que me refiero? Las<\/span><b> franjas horarias de actividad<\/b><span style=\"font-weight: 400;\"> de los edificios. Este tiene mucho que ver y no siempre se analiza y controla. <\/span><\/p>\n<p><span style=\"font-weight: 400;\">Ahora hay una <\/span><a href=\"http:\/\/get.dexmatech.com\/consumos-energia-segun-franjas-horarias-app\" target=\"_blank\" rel=\"noopener noreferrer\"><b>aplicaci\u00f3n<\/b><\/a><span style=\"font-weight: 400;\"> para mejorar a\u00fan m\u00e1s la eficiencia de los edificios \u00a0y <\/span><b>detectar instalaciones con un horario de consumo energ\u00e9tico err\u00f3neo<\/b><span style=\"font-weight: 400;\">. Sigue leyendo para obtener m\u00e1s informaci\u00f3n &#8230;<\/span><b><\/b><\/p>\n<p><!--more--><\/p>\n<p><!--HubSpot Call-to-Action Code --><span id=\"hs-cta-wrapper-bc70da96-e996-4aba-a534-ff28ac84cdf0\" class=\"hs-cta-wrapper\"><span id=\"hs-cta-bc70da96-e996-4aba-a534-ff28ac84cdf0\" class=\"hs-cta-node hs-cta-bc70da96-e996-4aba-a534-ff28ac84cdf0\"><!-- [if lte IE 8]>\n\n\n\n\n<div id=\"hs-cta-ie-element\"><\/div>\n\n\n\n\n<![endif]--><a href=\"https:\/\/cta-redirect.hubspot.com\/cta\/redirect\/437281\/bc70da96-e996-4aba-a534-ff28ac84cdf0\" target=\"_blank\" rel=\"noopener noreferrer\"><img decoding=\"async\" id=\"hs-cta-img-bc70da96-e996-4aba-a534-ff28ac84cdf0\" class=\"hs-cta-img\" style=\"border-width: 0px;\" src=\"https:\/\/no-cache.hubspot.com\/cta\/default\/437281\/bc70da96-e996-4aba-a534-ff28ac84cdf0.png\" alt=\"operating hours App DEXCell Energy Grader\" \/><\/a><\/span><\/span><!-- end HubSpot Call-to-Action Code --><\/p>\n<h2><span style=\"color: #003b6f;\">Beneficios de analizar el consumo de energ\u00eda por franjas horarias<\/span><\/h2>\n<p><span style=\"font-weight: 400;\">Todos sabemos que lo que consume cada edificio var\u00eda durante el d\u00eda, pero \u00bfte has parado a pensar <\/span><b>cu\u00e1nto consume tu instalaci\u00f3n cuando est\u00e1 cerrada o en horario de actividad<\/b><span style=\"font-weight: 400;\">? \u00bfY en los festivos? <\/span><\/p>\n<p><span style=\"font-weight: 400;\">No solo deber\u00edas tener en cuenta esta informaci\u00f3n, si no que tambi\u00e9n es interesante saber si hay mucha diferencia entre los edificios de tu proyecto, \u00bfhay potencial de ahorro?<\/span><\/p>\n<p><span style=\"font-weight: 400;\">Los proyectos de eficiencia energ\u00e9tica que involucran instalaciones que est\u00e1n expuestas a una gran cantidad de horas de uso diario tienen mayor probabilidad de beneficiarse del an\u00e1lisis del consumo de energ\u00eda por franjas horarias, ya que este le puede ayudar a lograr per\u00edodos de amortizaci\u00f3n m\u00e1s cortos al <\/span><b>detectar potenciales de ahorro<\/b><span style=\"font-weight: 400;\">.<\/span><\/p>\n<p><span style=\"font-weight: 400;\">Adem\u00e1s, la evidencia cient\u00edfica sugiere que el <\/span><b>feedback relacionado con el consumo de energ\u00eda durante per\u00edodos de tiempo espec\u00edficos<\/b><span style=\"font-weight: 400;\"> puede tener un poderoso impacto en el cambio de comportamientos, el santo grial de la <\/span><a href=\"http:\/\/www.dexma.com\/es\/blog\/productividad-energetica\/\" target=\"_blank\" rel=\"noopener noreferrer\"><b>productividad energ\u00e9tica<\/b><\/a><span style=\"font-weight: 400;\"> en todas las empresas.<\/span><\/p>\n<p><span style=\"font-weight: 400;\">Este principio no solo se puede aplicar en las empresas, tambi\u00e9n en los hogares. Por ejemplo, tener una informaci\u00f3n detallada por franja horaria sobre el uso de la electricidad corresponde a un <\/span><a href=\"http:\/\/www.sciencedirect.com\/science\/article\/pii\/S0301421513003443?via%3Dihub\" target=\"_blank\" rel=\"noopener noreferrer\"><b>ahorro promedio de alrededor del 4.5%<\/b><\/a><span style=\"font-weight: 400;\"> (en ingl\u00e9s).<\/span><\/p>\n<p><span style=\"font-weight: 400;\">En otro estudio, los investigadores encontraron que observar el consumo de energ\u00eda por franja horaria o tramos temporales puede incluso <\/span><b>impulsar las inversiones en tecnolog\u00edas m\u00e1s eficientes<\/b><span style=\"font-weight: 400;\"> energ\u00e9ticamente o llevar a cambios habituales permanentes, como apagar o reprogramar equipos.<\/span><\/p>\n<p><span style=\"font-weight: 400;\">Adem\u00e1s, tener datos referente a los consumos en funci\u00f3n de las franjas horarias de actividad e inactividad de los edificios hace m\u00e1s eficiente los resultados en ahorro cuando se aplica <\/span><a href=\"http:\/\/www.dexma.com\/es\/blog\/que-es-demand-response\/\" target=\"_blank\" rel=\"noopener noreferrer\"><b>Gesti\u00f3n Activa de la Demanda<\/b><\/a><span style=\"font-weight: 400;\"> o Demand Response. <\/span><\/p>\n<h2><span style=\"color: #003b6f;\">C\u00f3mo detectar el potencial de ahorro por franjas horarias<\/span><\/h2>\n<p><span style=\"font-weight: 400;\">Entonces, \u00bfqu\u00e9 quiere decir exactamente <\/span><b>analizar el consumo de energ\u00eda por franjas horarias<\/b><span style=\"font-weight: 400;\">?<\/span><span style=\"font-weight: 400;\"><br \/>\n<\/span><span style=\"font-weight: 400;\"><br \/>\n<\/span><span style=\"font-weight: 400;\">Tomemos, por ejemplo, la posibilidad de ampliar las horas de funcionamiento (dividir partes del d\u00eda por horas) para definir el consumo de energ\u00eda y crear informes para los per\u00edodos espec\u00edficos de su negocio y sus patrones de consumo reales.<\/span><span style=\"font-weight: 400;\"><br \/>\n<\/span><span style=\"font-weight: 400;\"><br \/>\n<\/span><span style=\"font-weight: 400;\">Una vez que puedas <\/span><b>comparar el rendimiento en t\u00e9rminos de uso de energ\u00eda por franjas horarias<\/b><span style=\"font-weight: 400;\">, localizar exactamente d\u00f3nde est\u00e1n las mayores oportunidades de ahorro y cu\u00e1ndo implementarlas se vuelve m\u00e1s f\u00e1cil que nunca.<\/span><span style=\"font-weight: 400;\"><br \/>\n<\/span><span style=\"font-weight: 400;\"><br \/>\n<\/span><span style=\"font-weight: 400;\">Aunque puede que tengas poco o ning\u00fan control sobre c\u00f3mo se implementan las horas de funcionamiento o la programaci\u00f3n en su negocio, la nueva aplicaci\u00f3n de <\/span><b><a href=\"http:\/\/get.dexmatech.com\/demo-gratuita\" target=\"_blank\" rel=\"noopener noreferrer\">DEXMA<\/a><\/b><span style=\"font-weight: 400;\">\u00a0aclara la relaci\u00f3n entre las horas de actividad y el consumo de energ\u00eda para hacer m\u00e1s visible las medidas de ahorro de energ\u00eda que tu empresa necesita.<\/span><\/p>\n<h2><span style=\"color: #003b6f;\">Conoce la nueva aplicaci\u00f3n Operating Hours de DEXMA<\/span><\/h2>\n<p><span style=\"font-weight: 400;\">En esta <\/span><b>v\u00eddeo formaci\u00f3n\u00a0<\/b><span style=\"font-weight: 400;\">tendr\u00e1s la oportunidad de:<\/span><\/p>\n<ul>\n<li style=\"font-weight: 400;\"><span style=\"font-weight: 400;\">Entender la importancia de <\/span><b>sincronizar las franjas horarias propias de tu actividad <\/b><span style=\"font-weight: 400;\">con tu consumo energ\u00e9tico. <\/span><\/li>\n<li style=\"font-weight: 400;\"><span style=\"font-weight: 400;\">Saber c\u00f3mo <\/span><b>reducir la incertidumbre del ROI<\/b><span style=\"font-weight: 400;\"> de una medida de eficiencia a partir de los datos de consumo por franja horaria. <\/span><\/li>\n<li style=\"font-weight: 400;\"><span style=\"font-weight: 400;\">Aprender a analizar y <\/span><b>obtener medidas de ahorro de forma local y global<\/b> con la app Operating Hours de DEXMA Detect.<\/li>\n<\/ul>\n<p><span style=\"font-weight: 400;\">Aprovecha y desc\u00e1rgate el material <\/span><a href=\"http:\/\/get.dexmatech.com\/consumos-energia-segun-franjas-horarias-app\" target=\"_blank\" rel=\"noopener noreferrer\"><b>aqu\u00ed <\/b><\/a>\u00a0y conoce con<span style=\"font-weight: 400;\">\u00a0m\u00e1s detalles la aplicaci\u00f3n y c\u00f3mo analizar el consumo de energ\u00eda en funci\u00f3n de franjas horarias:<\/span><br \/>\n<!--HubSpot Call-to-Action Code --><span id=\"hs-cta-wrapper-559c49fe-d939-4336-a8b5-e73610b3d4ad\" class=\"hs-cta-wrapper\"><span id=\"hs-cta-559c49fe-d939-4336-a8b5-e73610b3d4ad\" class=\"hs-cta-node hs-cta-559c49fe-d939-4336-a8b5-e73610b3d4ad\"><!-- [if lte IE 8]>\n\n\n\n\n<div id=\"hs-cta-ie-element\"><\/div>\n\n\n\n\n<![endif]--><a href=\"https:\/\/cta-redirect.hubspot.com\/cta\/redirect\/437281\/559c49fe-d939-4336-a8b5-e73610b3d4ad\" target=\"_blank\" rel=\"noopener noreferrer\"><img decoding=\"async\" id=\"hs-cta-img-559c49fe-d939-4336-a8b5-e73610b3d4ad\" class=\"hs-cta-img aligncenter\" style=\"border-width: 0px;\" src=\"https:\/\/no-cache.hubspot.com\/cta\/default\/437281\/559c49fe-d939-4336-a8b5-e73610b3d4ad.png\" alt=\"Gesti\u00f3n energ\u00e9tica por Franjas Horarias\" \/><\/a><\/span><br \/>\n<\/span><!-- end HubSpot Call-to-Action Code --><\/p>\n<\/div>\n","protected":false},"excerpt":{"rendered":"<p>Existen multitud de factores que hacen que var\u00eden la cantidad de energ\u00eda que consumen nuestros edificios: el tipo de actividad, los sistemas de consumo y su configuraci\u00f3n, las legislaciones de eficiencia energ\u00e9tica por regi\u00f3n, etc.\u00a0Pero a veces se nos pasa un factor muy evidente, \u00bfsabes al que me refiero? Las franjas horarias de actividad de [&hellip;]<\/p>\n","protected":false},"author":39,"featured_media":37833,"comment_status":"","ping_status":"open","sticky":false,"template":"","format":"standard","meta":{"_acf_changed":false,"footnotes":""},"categories":[36],"tags":[],"class_list":["post-37832","post","type-post","status-publish","format-standard","has-post-thumbnail","hentry","category-blog","generate-columns","tablet-grid-50","mobile-grid-100","grid-parent","grid-50","no-featured-image-padding"],"acf":[],"yoast_head":"<!-- This site is optimized with the Yoast SEO Premium plugin v26.0 (Yoast SEO v27.5) - https:\/\/yoast.com\/product\/yoast-seo-premium-wordpress\/ -->\n<title>El Consumo de Energ\u00eda por Franjas Horarias, nueva App para DEXMA [WEBINAR] - Spacewell | A Nemetschek Company<\/title>\n<meta name=\"robots\" content=\"index, follow, max-snippet:-1, max-image-preview:large, max-video-preview:-1\" \/>\n<link rel=\"canonical\" href=\"https:\/\/spacewell.com\/es\/recursos\/blog\/consumo-de-energia-por-franjas-horarias\/\" \/>\n<meta property=\"og:locale\" content=\"es_ES\" \/>\n<meta property=\"og:type\" content=\"article\" \/>\n<meta property=\"og:title\" content=\"El Consumo de Energ\u00eda por Franjas Horarias, nueva App para DEXMA [WEBINAR]\" \/>\n<meta property=\"og:description\" content=\"Existen multitud de factores que hacen que var\u00eden la cantidad de energ\u00eda que consumen nuestros edificios: el tipo de actividad, los sistemas de consumo y su configuraci\u00f3n, las legislaciones de eficiencia energ\u00e9tica por regi\u00f3n, etc.\u00a0Pero a veces se nos pasa un factor muy evidente, \u00bfsabes al que me refiero? Las franjas horarias de actividad de [&hellip;]\" \/>\n<meta property=\"og:url\" content=\"https:\/\/spacewell.com\/es\/recursos\/blog\/consumo-de-energia-por-franjas-horarias\/\" \/>\n<meta property=\"og:site_name\" content=\"Spacewell | A Nemetschek Company\" \/>\n<meta property=\"article:publisher\" content=\"https:\/\/www.facebook.com\/SpacewellHQ\" \/>\n<meta property=\"article:published_time\" content=\"2017-10-17T14:35:14+00:00\" \/>\n<meta property=\"og:image\" content=\"https:\/\/spacewell.com\/wp-content\/uploads\/2017\/10\/ES-Enhance-Your-Energy-Reporting-with-Granular-Data-WEBINAR-1.png\" \/>\n\t<meta property=\"og:image:width\" content=\"840\" \/>\n\t<meta property=\"og:image:height\" content=\"472\" \/>\n\t<meta property=\"og:image:type\" content=\"image\/png\" \/>\n<meta name=\"author\" content=\"GR DEV\" \/>\n<meta name=\"twitter:card\" content=\"summary_large_image\" \/>\n<meta name=\"twitter:creator\" content=\"@Spacewell_HQ\" \/>\n<meta name=\"twitter:site\" content=\"@Spacewell_HQ\" \/>\n<meta name=\"twitter:label1\" content=\"Escrito por\" \/>\n\t<meta name=\"twitter:data1\" content=\"GR DEV\" \/>\n\t<meta name=\"twitter:label2\" content=\"Tiempo de lectura\" \/>\n\t<meta name=\"twitter:data2\" content=\"4 minutos\" \/>\n<script type=\"application\/ld+json\" class=\"yoast-schema-graph\">{\"@context\":\"https:\\\/\\\/schema.org\",\"@graph\":[{\"@type\":\"Article\",\"@id\":\"https:\\\/\\\/spacewell.com\\\/es\\\/recursos\\\/blog\\\/consumo-de-energia-por-franjas-horarias\\\/#article\",\"isPartOf\":{\"@id\":\"https:\\\/\\\/spacewell.com\\\/es\\\/recursos\\\/blog\\\/consumo-de-energia-por-franjas-horarias\\\/\"},\"author\":{\"name\":\"GR DEV\",\"@id\":\"https:\\\/\\\/spacewell.com\\\/es\\\/#\\\/schema\\\/person\\\/3ab9f25a5170063123a203b278975eb8\"},\"headline\":\"El Consumo de Energ\u00eda por Franjas Horarias, nueva App para DEXMA [WEBINAR]\",\"datePublished\":\"2017-10-17T14:35:14+00:00\",\"mainEntityOfPage\":{\"@id\":\"https:\\\/\\\/spacewell.com\\\/es\\\/recursos\\\/blog\\\/consumo-de-energia-por-franjas-horarias\\\/\"},\"wordCount\":719,\"publisher\":{\"@id\":\"https:\\\/\\\/spacewell.com\\\/es\\\/#organization\"},\"image\":{\"@id\":\"https:\\\/\\\/spacewell.com\\\/es\\\/recursos\\\/blog\\\/consumo-de-energia-por-franjas-horarias\\\/#primaryimage\"},\"thumbnailUrl\":\"https:\\\/\\\/spacewell.com\\\/wp-content\\\/uploads\\\/2017\\\/10\\\/ES-Enhance-Your-Energy-Reporting-with-Granular-Data-WEBINAR-1.png\",\"articleSection\":[\"Blog\"],\"inLanguage\":\"es\"},{\"@type\":\"WebPage\",\"@id\":\"https:\\\/\\\/spacewell.com\\\/es\\\/recursos\\\/blog\\\/consumo-de-energia-por-franjas-horarias\\\/\",\"url\":\"https:\\\/\\\/spacewell.com\\\/es\\\/recursos\\\/blog\\\/consumo-de-energia-por-franjas-horarias\\\/\",\"name\":\"El Consumo de Energ\u00eda por Franjas Horarias, nueva App para DEXMA [WEBINAR] - Spacewell | A Nemetschek Company\",\"isPartOf\":{\"@id\":\"https:\\\/\\\/spacewell.com\\\/es\\\/#website\"},\"primaryImageOfPage\":{\"@id\":\"https:\\\/\\\/spacewell.com\\\/es\\\/recursos\\\/blog\\\/consumo-de-energia-por-franjas-horarias\\\/#primaryimage\"},\"image\":{\"@id\":\"https:\\\/\\\/spacewell.com\\\/es\\\/recursos\\\/blog\\\/consumo-de-energia-por-franjas-horarias\\\/#primaryimage\"},\"thumbnailUrl\":\"https:\\\/\\\/spacewell.com\\\/wp-content\\\/uploads\\\/2017\\\/10\\\/ES-Enhance-Your-Energy-Reporting-with-Granular-Data-WEBINAR-1.png\",\"datePublished\":\"2017-10-17T14:35:14+00:00\",\"breadcrumb\":{\"@id\":\"https:\\\/\\\/spacewell.com\\\/es\\\/recursos\\\/blog\\\/consumo-de-energia-por-franjas-horarias\\\/#breadcrumb\"},\"inLanguage\":\"es\",\"potentialAction\":[{\"@type\":\"ReadAction\",\"target\":[\"https:\\\/\\\/spacewell.com\\\/es\\\/recursos\\\/blog\\\/consumo-de-energia-por-franjas-horarias\\\/\"]}]},{\"@type\":\"ImageObject\",\"inLanguage\":\"es\",\"@id\":\"https:\\\/\\\/spacewell.com\\\/es\\\/recursos\\\/blog\\\/consumo-de-energia-por-franjas-horarias\\\/#primaryimage\",\"url\":\"https:\\\/\\\/spacewell.com\\\/wp-content\\\/uploads\\\/2017\\\/10\\\/ES-Enhance-Your-Energy-Reporting-with-Granular-Data-WEBINAR-1.png\",\"contentUrl\":\"https:\\\/\\\/spacewell.com\\\/wp-content\\\/uploads\\\/2017\\\/10\\\/ES-Enhance-Your-Energy-Reporting-with-Granular-Data-WEBINAR-1.png\",\"width\":840,\"height\":472},{\"@type\":\"BreadcrumbList\",\"@id\":\"https:\\\/\\\/spacewell.com\\\/es\\\/recursos\\\/blog\\\/consumo-de-energia-por-franjas-horarias\\\/#breadcrumb\",\"itemListElement\":[{\"@type\":\"ListItem\",\"position\":1,\"name\":\"Home\",\"item\":\"https:\\\/\\\/spacewell.com\\\/es\\\/\"},{\"@type\":\"ListItem\",\"position\":2,\"name\":\"El Consumo de Energ\u00eda por Franjas Horarias, nueva App para DEXMA [WEBINAR]\"}]},{\"@type\":\"WebSite\",\"@id\":\"https:\\\/\\\/spacewell.com\\\/es\\\/#website\",\"url\":\"https:\\\/\\\/spacewell.com\\\/es\\\/\",\"name\":\"Spacewell | A Nemetschek Company\",\"description\":\"Make buildings work for people\",\"publisher\":{\"@id\":\"https:\\\/\\\/spacewell.com\\\/es\\\/#organization\"},\"potentialAction\":[{\"@type\":\"SearchAction\",\"target\":{\"@type\":\"EntryPoint\",\"urlTemplate\":\"https:\\\/\\\/spacewell.com\\\/es\\\/?s={search_term_string}\"},\"query-input\":{\"@type\":\"PropertyValueSpecification\",\"valueRequired\":true,\"valueName\":\"search_term_string\"}}],\"inLanguage\":\"es\"},{\"@type\":\"Organization\",\"@id\":\"https:\\\/\\\/spacewell.com\\\/es\\\/#organization\",\"name\":\"Spacewell | A Nemetschek Company\",\"url\":\"https:\\\/\\\/spacewell.com\\\/es\\\/\",\"logo\":{\"@type\":\"ImageObject\",\"inLanguage\":\"es\",\"@id\":\"https:\\\/\\\/spacewell.com\\\/es\\\/#\\\/schema\\\/logo\\\/image\\\/\",\"url\":\"https:\\\/\\\/spacewell.com\\\/wp-content\\\/uploads\\\/2023\\\/05\\\/spacewell-logo-500x88-1.webp\",\"contentUrl\":\"https:\\\/\\\/spacewell.com\\\/wp-content\\\/uploads\\\/2023\\\/05\\\/spacewell-logo-500x88-1.webp\",\"width\":500,\"height\":88,\"caption\":\"Spacewell | A Nemetschek Company\"},\"image\":{\"@id\":\"https:\\\/\\\/spacewell.com\\\/es\\\/#\\\/schema\\\/logo\\\/image\\\/\"},\"sameAs\":[\"https:\\\/\\\/www.facebook.com\\\/SpacewellHQ\",\"https:\\\/\\\/x.com\\\/Spacewell_HQ\"]},{\"@type\":\"Person\",\"@id\":\"https:\\\/\\\/spacewell.com\\\/es\\\/#\\\/schema\\\/person\\\/3ab9f25a5170063123a203b278975eb8\",\"name\":\"GR DEV\",\"image\":{\"@type\":\"ImageObject\",\"inLanguage\":\"es\",\"@id\":\"https:\\\/\\\/secure.gravatar.com\\\/avatar\\\/9c441388245d3fac0379458f7558a0cf897d50b2cbbc2f90fe4bc9396e01c79d?s=96&d=mm&r=g\",\"url\":\"https:\\\/\\\/secure.gravatar.com\\\/avatar\\\/9c441388245d3fac0379458f7558a0cf897d50b2cbbc2f90fe4bc9396e01c79d?s=96&d=mm&r=g\",\"contentUrl\":\"https:\\\/\\\/secure.gravatar.com\\\/avatar\\\/9c441388245d3fac0379458f7558a0cf897d50b2cbbc2f90fe4bc9396e01c79d?s=96&d=mm&r=g\",\"caption\":\"GR DEV\"},\"url\":\"https:\\\/\\\/spacewell.com\\\/es\\\/author\\\/gr-dev\\\/\"}]}<\/script>\n<!-- \/ Yoast SEO Premium plugin. -->","yoast_head_json":{"title":"El Consumo de Energ\u00eda por Franjas Horarias, nueva App para DEXMA [WEBINAR] - Spacewell | A Nemetschek Company","robots":{"index":"index","follow":"follow","max-snippet":"max-snippet:-1","max-image-preview":"max-image-preview:large","max-video-preview":"max-video-preview:-1"},"canonical":"https:\/\/spacewell.com\/es\/recursos\/blog\/consumo-de-energia-por-franjas-horarias\/","og_locale":"es_ES","og_type":"article","og_title":"El Consumo de Energ\u00eda por Franjas Horarias, nueva App para DEXMA [WEBINAR]","og_description":"Existen multitud de factores que hacen que var\u00eden la cantidad de energ\u00eda que consumen nuestros edificios: el tipo de actividad, los sistemas de consumo y su configuraci\u00f3n, las legislaciones de eficiencia energ\u00e9tica por regi\u00f3n, etc.\u00a0Pero a veces se nos pasa un factor muy evidente, \u00bfsabes al que me refiero? Las franjas horarias de actividad de [&hellip;]","og_url":"https:\/\/spacewell.com\/es\/recursos\/blog\/consumo-de-energia-por-franjas-horarias\/","og_site_name":"Spacewell | A Nemetschek Company","article_publisher":"https:\/\/www.facebook.com\/SpacewellHQ","article_published_time":"2017-10-17T14:35:14+00:00","og_image":[{"width":840,"height":472,"url":"https:\/\/spacewell.com\/wp-content\/uploads\/2017\/10\/ES-Enhance-Your-Energy-Reporting-with-Granular-Data-WEBINAR-1.png","type":"image\/png"}],"author":"GR DEV","twitter_card":"summary_large_image","twitter_creator":"@Spacewell_HQ","twitter_site":"@Spacewell_HQ","twitter_misc":{"Escrito por":"GR DEV","Tiempo de lectura":"4 minutos"},"schema":{"@context":"https:\/\/schema.org","@graph":[{"@type":"Article","@id":"https:\/\/spacewell.com\/es\/recursos\/blog\/consumo-de-energia-por-franjas-horarias\/#article","isPartOf":{"@id":"https:\/\/spacewell.com\/es\/recursos\/blog\/consumo-de-energia-por-franjas-horarias\/"},"author":{"name":"GR DEV","@id":"https:\/\/spacewell.com\/es\/#\/schema\/person\/3ab9f25a5170063123a203b278975eb8"},"headline":"El Consumo de Energ\u00eda por Franjas Horarias, nueva App para DEXMA [WEBINAR]","datePublished":"2017-10-17T14:35:14+00:00","mainEntityOfPage":{"@id":"https:\/\/spacewell.com\/es\/recursos\/blog\/consumo-de-energia-por-franjas-horarias\/"},"wordCount":719,"publisher":{"@id":"https:\/\/spacewell.com\/es\/#organization"},"image":{"@id":"https:\/\/spacewell.com\/es\/recursos\/blog\/consumo-de-energia-por-franjas-horarias\/#primaryimage"},"thumbnailUrl":"https:\/\/spacewell.com\/wp-content\/uploads\/2017\/10\/ES-Enhance-Your-Energy-Reporting-with-Granular-Data-WEBINAR-1.png","articleSection":["Blog"],"inLanguage":"es"},{"@type":"WebPage","@id":"https:\/\/spacewell.com\/es\/recursos\/blog\/consumo-de-energia-por-franjas-horarias\/","url":"https:\/\/spacewell.com\/es\/recursos\/blog\/consumo-de-energia-por-franjas-horarias\/","name":"El Consumo de Energ\u00eda por Franjas Horarias, nueva App para DEXMA [WEBINAR] - Spacewell | A Nemetschek Company","isPartOf":{"@id":"https:\/\/spacewell.com\/es\/#website"},"primaryImageOfPage":{"@id":"https:\/\/spacewell.com\/es\/recursos\/blog\/consumo-de-energia-por-franjas-horarias\/#primaryimage"},"image":{"@id":"https:\/\/spacewell.com\/es\/recursos\/blog\/consumo-de-energia-por-franjas-horarias\/#primaryimage"},"thumbnailUrl":"https:\/\/spacewell.com\/wp-content\/uploads\/2017\/10\/ES-Enhance-Your-Energy-Reporting-with-Granular-Data-WEBINAR-1.png","datePublished":"2017-10-17T14:35:14+00:00","breadcrumb":{"@id":"https:\/\/spacewell.com\/es\/recursos\/blog\/consumo-de-energia-por-franjas-horarias\/#breadcrumb"},"inLanguage":"es","potentialAction":[{"@type":"ReadAction","target":["https:\/\/spacewell.com\/es\/recursos\/blog\/consumo-de-energia-por-franjas-horarias\/"]}]},{"@type":"ImageObject","inLanguage":"es","@id":"https:\/\/spacewell.com\/es\/recursos\/blog\/consumo-de-energia-por-franjas-horarias\/#primaryimage","url":"https:\/\/spacewell.com\/wp-content\/uploads\/2017\/10\/ES-Enhance-Your-Energy-Reporting-with-Granular-Data-WEBINAR-1.png","contentUrl":"https:\/\/spacewell.com\/wp-content\/uploads\/2017\/10\/ES-Enhance-Your-Energy-Reporting-with-Granular-Data-WEBINAR-1.png","width":840,"height":472},{"@type":"BreadcrumbList","@id":"https:\/\/spacewell.com\/es\/recursos\/blog\/consumo-de-energia-por-franjas-horarias\/#breadcrumb","itemListElement":[{"@type":"ListItem","position":1,"name":"Home","item":"https:\/\/spacewell.com\/es\/"},{"@type":"ListItem","position":2,"name":"El Consumo de Energ\u00eda por Franjas Horarias, nueva App para DEXMA [WEBINAR]"}]},{"@type":"WebSite","@id":"https:\/\/spacewell.com\/es\/#website","url":"https:\/\/spacewell.com\/es\/","name":"Spacewell | A Nemetschek Company","description":"Make buildings work for people","publisher":{"@id":"https:\/\/spacewell.com\/es\/#organization"},"potentialAction":[{"@type":"SearchAction","target":{"@type":"EntryPoint","urlTemplate":"https:\/\/spacewell.com\/es\/?s={search_term_string}"},"query-input":{"@type":"PropertyValueSpecification","valueRequired":true,"valueName":"search_term_string"}}],"inLanguage":"es"},{"@type":"Organization","@id":"https:\/\/spacewell.com\/es\/#organization","name":"Spacewell | A Nemetschek Company","url":"https:\/\/spacewell.com\/es\/","logo":{"@type":"ImageObject","inLanguage":"es","@id":"https:\/\/spacewell.com\/es\/#\/schema\/logo\/image\/","url":"https:\/\/spacewell.com\/wp-content\/uploads\/2023\/05\/spacewell-logo-500x88-1.webp","contentUrl":"https:\/\/spacewell.com\/wp-content\/uploads\/2023\/05\/spacewell-logo-500x88-1.webp","width":500,"height":88,"caption":"Spacewell | A Nemetschek Company"},"image":{"@id":"https:\/\/spacewell.com\/es\/#\/schema\/logo\/image\/"},"sameAs":["https:\/\/www.facebook.com\/SpacewellHQ","https:\/\/x.com\/Spacewell_HQ"]},{"@type":"Person","@id":"https:\/\/spacewell.com\/es\/#\/schema\/person\/3ab9f25a5170063123a203b278975eb8","name":"GR DEV","image":{"@type":"ImageObject","inLanguage":"es","@id":"https:\/\/secure.gravatar.com\/avatar\/9c441388245d3fac0379458f7558a0cf897d50b2cbbc2f90fe4bc9396e01c79d?s=96&d=mm&r=g","url":"https:\/\/secure.gravatar.com\/avatar\/9c441388245d3fac0379458f7558a0cf897d50b2cbbc2f90fe4bc9396e01c79d?s=96&d=mm&r=g","contentUrl":"https:\/\/secure.gravatar.com\/avatar\/9c441388245d3fac0379458f7558a0cf897d50b2cbbc2f90fe4bc9396e01c79d?s=96&d=mm&r=g","caption":"GR DEV"},"url":"https:\/\/spacewell.com\/es\/author\/gr-dev\/"}]}},"_links":{"self":[{"href":"https:\/\/spacewell.com\/es\/wp-json\/wp\/v2\/posts\/37832","targetHints":{"allow":["GET"]}}],"collection":[{"href":"https:\/\/spacewell.com\/es\/wp-json\/wp\/v2\/posts"}],"about":[{"href":"https:\/\/spacewell.com\/es\/wp-json\/wp\/v2\/types\/post"}],"author":[{"embeddable":true,"href":"https:\/\/spacewell.com\/es\/wp-json\/wp\/v2\/users\/39"}],"replies":[{"embeddable":true,"href":"https:\/\/spacewell.com\/es\/wp-json\/wp\/v2\/comments?post=37832"}],"version-history":[{"count":0,"href":"https:\/\/spacewell.com\/es\/wp-json\/wp\/v2\/posts\/37832\/revisions"}],"wp:featuredmedia":[{"embeddable":true,"href":"https:\/\/spacewell.com\/es\/wp-json\/wp\/v2\/media\/37833"}],"wp:attachment":[{"href":"https:\/\/spacewell.com\/es\/wp-json\/wp\/v2\/media?parent=37832"}],"wp:term":[{"taxonomy":"category","embeddable":true,"href":"https:\/\/spacewell.com\/es\/wp-json\/wp\/v2\/categories?post=37832"},{"taxonomy":"post_tag","embeddable":true,"href":"https:\/\/spacewell.com\/es\/wp-json\/wp\/v2\/tags?post=37832"}],"curies":[{"name":"wp","href":"https:\/\/api.w.org\/{rel}","templated":true}]}}