


{"id":37751,"date":"2018-07-24T08:50:25","date_gmt":"2018-07-24T06:50:25","guid":{"rendered":"https:\/\/spacewell.com\/sin-categorizar\/demostrar-roi-edificios-passivhaus-entrevista\/"},"modified":"2018-07-24T08:50:25","modified_gmt":"2018-07-24T06:50:25","slug":"demostrar-roi-edificios-passivhaus-entrevista","status":"publish","type":"post","link":"https:\/\/spacewell.com\/es\/recursos\/blog\/demostrar-roi-edificios-passivhaus-entrevista\/","title":{"rendered":"C\u00f3mo demostrar el ROI en Edificios Passivhaus, con Oliver Style [ENTREVISTA]"},"content":{"rendered":"<div class=\"gb-container gb-container-d807e79e gb-container-5731d80c\">\n<p>Para aquellos que busc\u00e1is informaci\u00f3n sobre edificios passivhaus, qu\u00e9 son, c\u00f3mo certificarlos, etc, esta entrevista a Oliver Style, consultor Passivhaus en Progetic, te va a interesar. Con ella descubrir\u00e1s la <strong>importancia de los est\u00e1ndares Passivhaus, c\u00f3mo es el mercado Passivhaus actualmente, c\u00f3mo aplicar este est\u00e1ndar en edificios comerciales e industriales,<\/strong>\u00a0y mucho m\u00e1s.<\/p>\n<p>\u00a1Disfruta de la entrevista!<\/p>\n<p><!--more--><\/p>\n<h2><b>DEXMA: <\/b><span style=\"font-weight: 400;\">Hola Oliver, para que los lectores te conozcan mejor, cu\u00e9ntanos un poco sobre ti y Progetic.<\/span><\/h2>\n<p><span style=\"font-weight: 400;\"><em><strong>Oliver<\/strong>:<\/em> Soy Master en Ciencia (Arquitectura y Medio Ambiente de la Universidad del Este de Londres), <strong>consultor Passivhaus certificado<\/strong>, y socio fundador de <a href=\"http:\/\/www.progetic.com\/es\/\">Progetic<\/a>, una ingenier\u00eda con sede en Barcelona.\u00a0<\/span>Actualmente soy Vocal-Comit\u00e9 T\u00e9cnico y miembro de la Junta Directiva de la asociaci\u00f3n Plataforma de Edificaci\u00f3n Passivhaus (PEP).<\/p>\n<p><span style=\"font-weight: 400;\">Me he especializado en la eficiencia energ\u00e9tica en la edificaci\u00f3n, la simulaci\u00f3n energ\u00e9tica, la f\u00edsica de edificios,<\/span><b> y el dise\u00f1o y la consultor\u00eda Passivhaus. <\/b><span style=\"font-weight: 400;\">Desde Progetic trabajamos tanto la ingenier\u00eda de instalaciones como lo que llamamos la<\/span><b> \u201cingenier\u00eda bioclim\u00e1tica\u201d: <\/b><span style=\"font-weight: 400;\">todo lo que tiene que ver con la \u201cpiel\u201d del edificio (los materiales, los aislamientos, las ventanas, la hermeticidad etc.). <\/span><\/p>\n<p><span style=\"font-weight: 400;\">Pensamos que <\/span><b>primero hay que reducir las demandas de energ\u00eda con los sistemas \u201cpasivos\u201d y luego proyectar las instalaciones. <\/b><span style=\"font-weight: 400;\">Tambi\u00e9n somos empresa instaladora, expertos en la integraci\u00f3n, el control, la dom\u00f3tica y la monitorizaci\u00f3n de edificios de alta eficiencia energ\u00e9tica. <\/span><\/p>\n<h2><b>DEXMA:<\/b><span style=\"font-weight: 400;\"> Sabemos que<\/span><b> Progetic trabaja con dom\u00f3tica, renovables, y diferentes tipos de construcci\u00f3n sostenible <\/b><span style=\"font-weight: 400;\">\u00bfpor qu\u00e9 apost\u00e1is por acciones y proyectos de eficiencia energ\u00e9tica y sostenibilidad?<\/span><\/h2>\n<p><span style=\"font-weight: 400;\"><em><strong>Oliver<\/strong>:\u00a0<\/em><\/span><span style=\"font-weight: 400;\">Pensamos que <\/span><b>la ingenier\u00eda tiene que incorporar una visi\u00f3n de sostenibilidad<\/b><span style=\"font-weight: 400;\">&#8211; si no, ser\u00e1 imposible encontrar soluciones viables a los problemas que tenemos hoy y que vienen ma\u00f1ana. La ingenier\u00eda para el desarrollo sostenible se basa en <\/span><b>encontrar soluciones que nos ayudan a vivir mejor con menos energ\u00eda. <\/b><span style=\"font-weight: 400;\"><br \/>\n<\/span><\/p>\n<h2><b>DEXMA:\u00a0\u00a0<\/b><span style=\"font-weight: 400;\">Hablemos en particular de <\/span><b>edificios con est\u00e1ndares Passivhaus,<\/b><span style=\"font-weight: 400;\"> una de vuestras especialidades de la que ya hemos hablado un poquito en el blog (<a href=\"http:\/\/www.dexma.com\/es\/blog\/que-es-estandar-passivhaus\/\">aqu\u00ed<\/a>) \u00bfQu\u00e9 demanda veis que tiene este tipo de edificaci\u00f3n o proyecto? <\/span><\/h2>\n<p><span style=\"font-weight: 400;\"><em><strong>Oliver<\/strong>:\u00a0<\/em><\/span><span style=\"font-weight: 400;\">Cuando nos pusimos con lo de Passivhaus en el 2010, <\/span><b>la gente nos dec\u00eda que est\u00e1bamos locos,<\/b><span style=\"font-weight: 400;\"> que no serv\u00eda en los climas de aqu\u00ed, que era caro, complicado, etc. Hoy en d\u00eda hemos participado en muchos proyectos Passivhaus, desde viviendas unifamiliares hasta hoteles, en obra nueva y rehabilitaci\u00f3n\u2026pensamos que <\/span><b>es la mejor manera de proyectar un edificio de consumo casi nulo:<\/b><span style=\"font-weight: 400;\"> por su rigor, por su atenci\u00f3n al detalle y por el \u00e9nfasis en el comportamiento real del edificio, validada- o no- a trav\u00e9s de la monitorizaci\u00f3n. <\/span><\/p>\n<p><span style=\"font-weight: 400;\">Si hablamos de<\/span><b> una vivienda de unos 100m2, estamos hablando de una construcci\u00f3n que se puede calentar con un secador de pelo,<\/b><span style=\"font-weight: 400;\"> por el alto nivel de eficiencia energ\u00e9tica que tiene. Vemos que la demanda para este tipo de edificios experimenta un crecimiento exponencial, gracias en parte a la labor de difusi\u00f3n de toda la comunidad Passivhaus en Espa\u00f1a y sobre todo la Asociaci\u00f3n PEP. <\/span><\/p>\n<p><span style=\"font-weight: 400;\">Hoy en d\u00eda <\/span><b>hay m\u00e1s de 40 administraciones que apoyan el est\u00e1ndar Passivhaus,<\/b><span style=\"font-weight: 400;\"> con entidades p\u00fablicas en Navarra, el Pa\u00eds Vasco y Arag\u00f3n que ya incorporan el est\u00e1ndar Passivhaus en los pliegos de condiciones de sus licitaciones. Seg\u00fan la presidenta de PEP, <\/span><b>hemos pasado de 722m2 de superficie certificada en el 2008 a aproximadamente 80.000m2 <\/b><span style=\"font-weight: 400;\">de edificios Passivhaus en el 2018, con 230.000 en proceso de construcci\u00f3n. Desafortunadamente en Catalu\u00f1a estamos quedando un poco atr\u00e1s, pero seguramente esto cambiar\u00e1 en los pr\u00f3ximos a\u00f1os.<\/span><\/p>\n<p><!--HubSpot Call-to-Action Code --><span id=\"hs-cta-wrapper-741ead31-284a-4e28-b18b-722dc832236c\" class=\"hs-cta-wrapper\"><span id=\"hs-cta-741ead31-284a-4e28-b18b-722dc832236c\" class=\"hs-cta-node hs-cta-741ead31-284a-4e28-b18b-722dc832236c\"><!-- [if lte IE 8]>\n\n\n\n\n<div id=\"hs-cta-ie-element\"><\/div>\n\n\n\n\n<![endif]--><a href=\"https:\/\/cta-redirect.hubspot.com\/cta\/redirect\/437281\/741ead31-284a-4e28-b18b-722dc832236c\"><img decoding=\"async\" id=\"hs-cta-img-741ead31-284a-4e28-b18b-722dc832236c\" class=\"hs-cta-img\" style=\"border-width: 0px;\" src=\"https:\/\/no-cache.hubspot.com\/cta\/default\/437281\/741ead31-284a-4e28-b18b-722dc832236c.png\" alt=\"C\u00f3mo Ser un Mejor Gestor Energ\u00e9tico o Facility Manager Gu\u00eda Grauita\" \/><\/a><\/span><\/span><!-- end HubSpot Call-to-Action Code --><\/p>\n<h2><b>DEXMA:\u00a0<\/b><span style=\"font-weight: 400;\">Una duda muy habitual que nos preguntan bastante: <\/span><b>\u00bfse llevan a cabo proyectos Passivhaus en edificios comerciales o industriales?<\/b><\/h2>\n<p><b><span style=\"font-weight: 400;\"><em><strong>Oliver<\/strong><\/em>: S\u00ed, Passivhaus <\/span>aplica a cualquier tipo de edificio en cualquier clima,<span style=\"font-weight: 400;\"> cada uno presentando retos distintos. En Espa\u00f1a tenemos <\/span>oficinas, bibliotecas, hoteles, un centro de congresos y edificios de equipamientos<span style=\"font-weight: 400;\"> certificados Passivhaus. Fuera de Espa\u00f1a hay s<\/span>upermercados, f\u00e1bricas, hospitales, museos, templos, y farmacias<span style=\"font-weight: 400;\"> construidos y certificados bajo el est\u00e1ndar, de obra nueva y existentes. <\/span><\/b><\/p>\n<p><b><span style=\"font-weight: 400;\">Passivhaus no necesita tecnolog\u00edas especiales y\/o materiales extra\u00f1os, solo necesita un poco de inteligencia y ganas de hacer las cosas bien. Est\u00e1 claro que el sector residencial es su lugar de nacimiento, pero lo interesante ha sido su adaptaci\u00f3n a una gran variedad de tipolog\u00edas de edificios alrededor del mundo. <\/span><\/b><\/p>\n<h2><b>DEXMA: <\/b><span style=\"font-weight: 400;\">\u00bfQu\u00e9 dimensi\u00f3n tiene el mercado Passivhaus en Espa\u00f1a? \u00bfC\u00f3mo crees que <strong>v<\/strong><\/span><b>a a evolucionar en los pr\u00f3ximos 5 a\u00f1os?<\/b><\/h2>\n<p><em><strong>Oliver<\/strong><\/em>:\u00a0<span style=\"font-weight: 400;\">Viendo la evoluci\u00f3n de los \u00faltimos dos a\u00f1os, tendr\u00e1 una evoluci\u00f3n importante en los pr\u00f3ximos 5 a\u00f1os. Poco a poco<\/span><b> los compradores empiezan a demandar edificios de bajo consumo<\/b><span style=\"font-weight: 400;\">; la administraci\u00f3n se implica cada vez m\u00e1s; y los promotores ven una oportunidad de negocio, en donde se pueden diferenciar en un sector en donde rige la rentabilidad a corto plazo y una calidad de ejecuci\u00f3n muchas veces cuestionable.<\/span><\/p>\n<p><span style=\"font-weight: 400;\"> \u00bfComprar\u00e1s un coche de un fabricante que ha intentado ahorrar todo lo que pueda en el airbag para maximizar sus beneficios? <\/span><\/p>\n<p><span style=\"font-weight: 400;\">M\u00e1s all\u00e1 de la demanda, <\/span><b>se impondr\u00e1 este tipo de construcci\u00f3n, ya que, a partir del a\u00f1o 2020, la Uni\u00f3n Europea exigir\u00eda que todos los edificios de nueva construcci\u00f3n sean de consumo casi nulo.<\/b><span style=\"font-weight: 400;\"> Creo que lo m\u00e1s interesante ser\u00e1 la aplicaci\u00f3n del est\u00e1ndar Passivhaus a la rehabilitaci\u00f3n: lo que se llama <\/span><b>\u201cEnerPHit\u201d.<\/b><\/p>\n<p><span style=\"font-weight: 400;\">Tenemos un parque enorme de edificios existentes, que se construyeron cuando apenas exist\u00eda una reglamentaci\u00f3n t\u00e9rmica, por lo que <\/span><b>millones de personas viven, trabajan y estudian en edificios sin aislamiento t\u00e9rmico,<\/b><span style=\"font-weight: 400;\"> con una mala calidad del aire interior y en unas condiciones francamente lamentables.<\/span><b> EnerPHit ofrece una metodolog\u00eda bien definida para acometer estas rehabilitaciones,<\/b><span style=\"font-weight: 400;\"> con directrices claras para evitar patolog\u00edas, que podr\u00e1 ser fuente de una gran cantidad de problemas.<\/span><span style=\"font-weight: 400;\"><br \/>\n<\/span><\/p>\n<h2><b>DEXMA: <\/b><span style=\"font-weight: 400;\">\u00bfNos puedes hablar de alg\u00fan proyecto Passivhaus que ya hay\u00e1is realizado? Res\u00famenos un poco por qu\u00e9 el cliente se decant\u00f3 por este est\u00e1ndar, y cu\u00e1les fueron los resultados. <\/span><\/h2>\n<p><em><strong>Oliver<\/strong><\/em>:\u00a0<span style=\"font-weight: 400;\">Os cuento del primer proyecto que hicimos &#8211; un proyecto peque\u00f1o pero ilustrativo. Los clientes son una pareja joven con 2 hijas, que viv\u00edan en <\/span><b>una casa de piedra muy bonita y muy fr\u00eda <\/b><span style=\"font-weight: 400;\">en el Moian\u00e8s. Gastaban unos<\/span><b> 3.000 \u20ac anuales en calefacci\u00f3n y agua caliente sanitaria. <\/b><span style=\"font-weight: 400;\">Quer\u00edan hacerse una casa pasiva de bio-construcci\u00f3n, con materiales renovables y no-t\u00f3xicos. Se hizo el proyecto en 4 meses. El sistema constructivo (prefabricado de entramada de madera con aislamientos naturales), se hizo en taller durante 2 meses. La estructura e impermeabilizaci\u00f3n de la casa se hizo en 4 d\u00edas, y la casa se entreg\u00f3 6 meses despu\u00e9s. <\/span><b>Monitorizamos la vivienda con el <a href=\"http:\/\/www.dexma.com\/es\/que-es-la-plataforma-dexma\/\" target=\"_blank\" rel=\"noopener noreferrer\">sistema DEXMA<\/a>, <\/b><span style=\"font-weight: 400;\">para tener datos sobre los consumos de energ\u00eda y condiciones interiores.<\/span><\/p>\n<p><span style=\"font-weight: 400;\">Vimos que <\/span><b>la casa gastaba 52 \u20ac al a\u00f1o en calefacci\u00f3n, 200 \u20ac\/a en ACS, 54\u20ac\/a por la ventilaci\u00f3n mec\u00e1nica de doble flujo con recuperaci\u00f3n de calor y 346\u20ac\/a en electricidad para equipos, <\/b><span style=\"font-weight: 400;\">iluminaci\u00f3n etc. Es decir, <\/span><b>\u00a1652\u20ac al a\u00f1o para todo!<\/b><span style=\"font-weight: 400;\"> (se pueden ver estos resultados en la Tabla y Gr\u00e1fica a continuaci\u00f3n). <\/span><\/p>\n<p><span style=\"font-weight: 400;\">Todo eso para <\/span><b>una casa de 95m2 de superficie \u00fatil,<\/b><span style=\"font-weight: 400;\"> 140m2 de superficie construida, con un coste de construcci\u00f3n de 1.185\u20ac\/m2 construido. <\/span><\/p>\n<p><a href=\"http:\/\/www.dexma.com\/wp-content\/uploads\/2018\/07\/Screen-Shot-2018-07-23-at-17.02.44.png\"><img loading=\"lazy\" decoding=\"async\" class=\"alignnone wp-image-10553\" src=\"http:\/\/www.dexma.com\/wp-content\/uploads\/2018\/07\/Screen-Shot-2018-07-23-at-17.02.44.png\" alt=\"\" width=\"618\" height=\"386\" \/><\/a><\/p>\n<p>&nbsp;<\/p>\n<p><a href=\"http:\/\/www.dexma.com\/wp-content\/uploads\/2018\/07\/Screen-Shot-2018-07-23-at-17.02.57.png\"><img loading=\"lazy\" decoding=\"async\" class=\"alignnone wp-image-10557\" src=\"http:\/\/www.dexma.com\/wp-content\/uploads\/2018\/07\/Screen-Shot-2018-07-23-at-17.02.57.png\" alt=\"\" width=\"630\" height=\"423\" \/><\/a><\/p>\n<p><span style=\"font-weight: 400;\">Adem\u00e1s,<\/span><b> la casa se mantiene bien fresca en verano, sin necesidad de aire acondicionado. <\/b><span style=\"font-weight: 400;\">Esto se puede ver en la siguiente gr\u00e1fica, que muestra la temperatura exterior e interior (Planta Primera) durante la ola de calor de julio del 2015.\u00a0<\/span><\/p>\n<p><a href=\"http:\/\/www.dexma.com\/wp-content\/uploads\/2018\/07\/Screen-Shot-2018-07-23-at-17.03.16.png\"><img loading=\"lazy\" decoding=\"async\" class=\"alignnone wp-image-10561\" src=\"http:\/\/www.dexma.com\/wp-content\/uploads\/2018\/07\/Screen-Shot-2018-07-23-at-17.03.16.png\" alt=\"\" width=\"626\" height=\"382\" \/><\/a><\/p>\n<h2><b>DEXMA: <\/b><span style=\"font-weight: 400;\">A nivel tecnol\u00f3gico, <\/span><b>\u00bfpor qu\u00e9 recomendar\u00edas utilizar software <\/b><span style=\"font-weight: 400;\">de gesti\u00f3n energ\u00e9tica en proyectos Passivhaus? <\/span><\/h2>\n<p><span style=\"font-weight: 400;\">Porque no se puede mejorar lo que no se mide. <\/span><\/p>\n<p><span style=\"font-weight: 400;\">Un software de gesti\u00f3n energ\u00e9tica permite <\/span><b>tener datos en tiempo real del comportamiento de un edificio<\/b><span style=\"font-weight: 400;\"> y sus instalaciones, para valorar su funcionamiento, corregir si hace falta, optimizar los sistemas y llevar a cabo un mantenimiento preventivo. Si no sabemos c\u00f3mo se est\u00e1n comportando nuestros edificios seguiremos cometiendo los mismos errores del pasado. <\/span><\/p>\n<p><span style=\"font-weight: 400;\">M\u00e1s que nada,<\/span><b> es esencial que el mismo usuario o gestor tenga informaci\u00f3n <\/b><span style=\"font-weight: 400;\">sobre su casa, su oficina, su escuela, para que sepa &#8211; emp\u00edricamente &#8211; en qu\u00e9 condiciones ambientales est\u00e1 viviendo.<\/span><b> Tal vez as\u00ed la gente ser\u00e1 m\u00e1s exigente\u00a0<\/b><span style=\"font-weight: 400;\">&#8211; el menos es lo que vemos cuando tenga acceso a este tipo de informaci\u00f3n.<\/span><\/p>\n<h2><b>DEXMA: <\/b><span style=\"font-weight: 400;\">Algo que siempre preocupa es c\u00f3mo convencer al cliente de la inversi\u00f3n, y c\u00f3mo demostrarle el retorno de la misma. En Progetic,<\/span><b> \u00bfc\u00f3mo demostr\u00e1is a vuestros clientes el ROI <\/b><span style=\"font-weight: 400;\">en proyectos Passivhaus?<\/span><\/h2>\n<p><span style=\"font-weight: 400;\">\u00bfCu\u00e1l es el retorno de la inversi\u00f3n del airbag en tu coche? Intentamos demostrar que <\/span><b>el 5%-10% de \u201csobrecoste\u201d en la inversi\u00f3n inicial se amortiza dentro de unos 10 a\u00f1os gracias a los ahorros. <\/b><span style=\"font-weight: 400;\">Hablamos de <\/span><b>la calidad constructiva y el confort <\/b><span style=\"font-weight: 400;\">que tendr\u00e1n en un edificio as\u00ed, con importantes beneficios para la salud y menos gastos de mantenimiento. En Alemania, construir Passivhaus cuesta lo mismo que hacerlo mal. Pronto llegaremos a este punto aqu\u00ed, as\u00ed que la discusi\u00f3n sobre el retorno de la inversi\u00f3n se simplificar\u00e1 mucho. <\/span><\/p>\n<h2><b>DEXMA: \u00bfQu\u00e9 herramientas de DEXMA<\/b><span style=\"font-weight: 400;\"> son de mayor ayuda en vuestros proyectos Passivhaus? <\/span><\/h2>\n<p><span style=\"font-weight: 400;\">La posibilidad de <\/span><b>hacer comparativas de datos entre periodos de manera r\u00e1pido y \u00e1gil; el entorno gr\u00e1fico, que es muy amigable y gusta a los clientes; <\/b><span style=\"font-weight: 400;\">la facilidad de descargar datos a Excel para su an\u00e1lisis posterior; el servicio t\u00e9cnico y disponibilidad para encontrar soluciones singulares que a veces nos piden nuestros clientes; la estabilidad del sistema y<\/span><b> posibilidad de integrar gran variedad de contadores y equipos. <\/b><\/p>\n<p>\u00a1Gracias Oliver! Hoy nosotros y los lectores han aprendido mucho m\u00e1s sobre los edificios Passivhaus y sus beneficios.<\/p>\n<p>Si tienes en mente alg\u00fan proyecto con est\u00e1ndar Passivhaus y quieres contactar con nuestro Partner <a href=\"http:\/\/www.progetic.com\/es\/\"><strong>Progetic<\/strong><\/a>, puedes hacerlo <a href=\"http:\/\/www.progetic.com\/es\/\">aqu\u00ed<\/a>.<\/p>\n<p>Y si te gustar\u00eda probar el mismo software con el que Oliver Style de Progetic trabaja en la actualidad, ya puedes hacerlo en un solo clic:<br \/>\n<!--HubSpot Call-to-Action Code --><span id=\"hs-cta-wrapper-1feafc97-2893-4d19-9f75-f93040c8d565\" class=\"hs-cta-wrapper\"><span id=\"hs-cta-1feafc97-2893-4d19-9f75-f93040c8d565\" class=\"hs-cta-node hs-cta-1feafc97-2893-4d19-9f75-f93040c8d565\"><!-- [if lte IE 8]>\n\n\n\n\n<div id=\"hs-cta-ie-element\"><\/div>\n\n\n\n\n<![endif]--><a href=\"https:\/\/cta-redirect.hubspot.com\/cta\/redirect\/437281\/1feafc97-2893-4d19-9f75-f93040c8d565\" target=\"_blank\" rel=\"noopener noreferrer\"><img decoding=\"async\" id=\"hs-cta-img-1feafc97-2893-4d19-9f75-f93040c8d565\" class=\"hs-cta-img\" style=\"border-width: 0px;\" src=\"https:\/\/no-cache.hubspot.com\/cta\/default\/437281\/1feafc97-2893-4d19-9f75-f93040c8d565.png\" alt=\"DEXCell Energy Management y Passivhaus\" \/><\/a><\/span><\/span><!-- end HubSpot Call-to-Action Code --><\/p>\n<\/div>\n","protected":false},"excerpt":{"rendered":"<p>Para aquellos que busc\u00e1is informaci\u00f3n sobre edificios passivhaus, qu\u00e9 son, c\u00f3mo certificarlos, etc, esta entrevista a Oliver Style, consultor Passivhaus en Progetic, te va a interesar. Con ella descubrir\u00e1s la importancia de los est\u00e1ndares Passivhaus, c\u00f3mo es el mercado Passivhaus actualmente, c\u00f3mo aplicar este est\u00e1ndar en edificios comerciales e industriales,\u00a0y mucho m\u00e1s. \u00a1Disfruta de la [&hellip;]<\/p>\n","protected":false},"author":39,"featured_media":34,"comment_status":"","ping_status":"open","sticky":false,"template":"","format":"standard","meta":{"_acf_changed":false,"footnotes":""},"categories":[36],"tags":[],"class_list":["post-37751","post","type-post","status-publish","format-standard","has-post-thumbnail","hentry","category-blog","generate-columns","tablet-grid-50","mobile-grid-100","grid-parent","grid-50","no-featured-image-padding"],"acf":[],"yoast_head":"<!-- This site is optimized with the Yoast SEO Premium plugin v26.0 (Yoast SEO v27.5) - https:\/\/yoast.com\/product\/yoast-seo-premium-wordpress\/ -->\n<title>C\u00f3mo demostrar el ROI en Edificios Passivhaus, con Oliver Style [ENTREVISTA] - Spacewell | A Nemetschek Company<\/title>\n<meta name=\"robots\" content=\"index, follow, max-snippet:-1, max-image-preview:large, max-video-preview:-1\" \/>\n<link rel=\"canonical\" href=\"https:\/\/spacewell.com\/es\/recursos\/blog\/demostrar-roi-edificios-passivhaus-entrevista\/\" \/>\n<meta property=\"og:locale\" content=\"es_ES\" \/>\n<meta property=\"og:type\" content=\"article\" \/>\n<meta property=\"og:title\" content=\"C\u00f3mo demostrar el ROI en Edificios Passivhaus, con Oliver Style [ENTREVISTA]\" \/>\n<meta property=\"og:description\" content=\"Para aquellos que busc\u00e1is informaci\u00f3n sobre edificios passivhaus, qu\u00e9 son, c\u00f3mo certificarlos, etc, esta entrevista a Oliver Style, consultor Passivhaus en Progetic, te va a interesar. Con ella descubrir\u00e1s la importancia de los est\u00e1ndares Passivhaus, c\u00f3mo es el mercado Passivhaus actualmente, c\u00f3mo aplicar este est\u00e1ndar en edificios comerciales e industriales,\u00a0y mucho m\u00e1s. \u00a1Disfruta de la [&hellip;]\" \/>\n<meta property=\"og:url\" content=\"https:\/\/spacewell.com\/es\/recursos\/blog\/demostrar-roi-edificios-passivhaus-entrevista\/\" \/>\n<meta property=\"og:site_name\" content=\"Spacewell | A Nemetschek Company\" \/>\n<meta property=\"article:publisher\" content=\"https:\/\/www.facebook.com\/SpacewellHQ\" \/>\n<meta property=\"article:published_time\" content=\"2018-07-24T06:50:25+00:00\" \/>\n<meta property=\"og:image\" content=\"https:\/\/spacewell.com\/wp-content\/uploads\/2023\/05\/cropped-spacewell-avatar-512x512-1.png\" \/>\n\t<meta property=\"og:image:width\" content=\"512\" \/>\n\t<meta property=\"og:image:height\" content=\"512\" \/>\n\t<meta property=\"og:image:type\" content=\"image\/png\" \/>\n<meta name=\"author\" content=\"GR DEV\" \/>\n<meta name=\"twitter:card\" content=\"summary_large_image\" \/>\n<meta name=\"twitter:creator\" content=\"@Spacewell_HQ\" \/>\n<meta name=\"twitter:site\" content=\"@Spacewell_HQ\" \/>\n<meta name=\"twitter:label1\" content=\"Escrito por\" \/>\n\t<meta name=\"twitter:data1\" content=\"GR DEV\" \/>\n\t<meta name=\"twitter:label2\" content=\"Tiempo de lectura\" \/>\n\t<meta name=\"twitter:data2\" content=\"9 minutos\" \/>\n<script type=\"application\/ld+json\" class=\"yoast-schema-graph\">{\"@context\":\"https:\\\/\\\/schema.org\",\"@graph\":[{\"@type\":\"Article\",\"@id\":\"https:\\\/\\\/spacewell.com\\\/es\\\/recursos\\\/blog\\\/demostrar-roi-edificios-passivhaus-entrevista\\\/#article\",\"isPartOf\":{\"@id\":\"https:\\\/\\\/spacewell.com\\\/es\\\/recursos\\\/blog\\\/demostrar-roi-edificios-passivhaus-entrevista\\\/\"},\"author\":{\"name\":\"GR DEV\",\"@id\":\"https:\\\/\\\/spacewell.com\\\/es\\\/#\\\/schema\\\/person\\\/3ab9f25a5170063123a203b278975eb8\"},\"headline\":\"C\u00f3mo demostrar el ROI en Edificios Passivhaus, con Oliver Style [ENTREVISTA]\",\"datePublished\":\"2018-07-24T06:50:25+00:00\",\"mainEntityOfPage\":{\"@id\":\"https:\\\/\\\/spacewell.com\\\/es\\\/recursos\\\/blog\\\/demostrar-roi-edificios-passivhaus-entrevista\\\/\"},\"wordCount\":1751,\"publisher\":{\"@id\":\"https:\\\/\\\/spacewell.com\\\/es\\\/#organization\"},\"image\":{\"@id\":\"https:\\\/\\\/spacewell.com\\\/es\\\/recursos\\\/blog\\\/demostrar-roi-edificios-passivhaus-entrevista\\\/#primaryimage\"},\"thumbnailUrl\":\"https:\\\/\\\/spacewell.com\\\/wp-content\\\/uploads\\\/2023\\\/05\\\/cropped-spacewell-avatar-512x512-1.png\",\"articleSection\":[\"Blog\"],\"inLanguage\":\"es\"},{\"@type\":\"WebPage\",\"@id\":\"https:\\\/\\\/spacewell.com\\\/es\\\/recursos\\\/blog\\\/demostrar-roi-edificios-passivhaus-entrevista\\\/\",\"url\":\"https:\\\/\\\/spacewell.com\\\/es\\\/recursos\\\/blog\\\/demostrar-roi-edificios-passivhaus-entrevista\\\/\",\"name\":\"C\u00f3mo demostrar el ROI en Edificios Passivhaus, con Oliver Style [ENTREVISTA] - Spacewell | A Nemetschek Company\",\"isPartOf\":{\"@id\":\"https:\\\/\\\/spacewell.com\\\/es\\\/#website\"},\"primaryImageOfPage\":{\"@id\":\"https:\\\/\\\/spacewell.com\\\/es\\\/recursos\\\/blog\\\/demostrar-roi-edificios-passivhaus-entrevista\\\/#primaryimage\"},\"image\":{\"@id\":\"https:\\\/\\\/spacewell.com\\\/es\\\/recursos\\\/blog\\\/demostrar-roi-edificios-passivhaus-entrevista\\\/#primaryimage\"},\"thumbnailUrl\":\"https:\\\/\\\/spacewell.com\\\/wp-content\\\/uploads\\\/2023\\\/05\\\/cropped-spacewell-avatar-512x512-1.png\",\"datePublished\":\"2018-07-24T06:50:25+00:00\",\"breadcrumb\":{\"@id\":\"https:\\\/\\\/spacewell.com\\\/es\\\/recursos\\\/blog\\\/demostrar-roi-edificios-passivhaus-entrevista\\\/#breadcrumb\"},\"inLanguage\":\"es\",\"potentialAction\":[{\"@type\":\"ReadAction\",\"target\":[\"https:\\\/\\\/spacewell.com\\\/es\\\/recursos\\\/blog\\\/demostrar-roi-edificios-passivhaus-entrevista\\\/\"]}]},{\"@type\":\"ImageObject\",\"inLanguage\":\"es\",\"@id\":\"https:\\\/\\\/spacewell.com\\\/es\\\/recursos\\\/blog\\\/demostrar-roi-edificios-passivhaus-entrevista\\\/#primaryimage\",\"url\":\"https:\\\/\\\/spacewell.com\\\/wp-content\\\/uploads\\\/2023\\\/05\\\/cropped-spacewell-avatar-512x512-1.png\",\"contentUrl\":\"https:\\\/\\\/spacewell.com\\\/wp-content\\\/uploads\\\/2023\\\/05\\\/cropped-spacewell-avatar-512x512-1.png\",\"width\":512,\"height\":512},{\"@type\":\"BreadcrumbList\",\"@id\":\"https:\\\/\\\/spacewell.com\\\/es\\\/recursos\\\/blog\\\/demostrar-roi-edificios-passivhaus-entrevista\\\/#breadcrumb\",\"itemListElement\":[{\"@type\":\"ListItem\",\"position\":1,\"name\":\"Home\",\"item\":\"https:\\\/\\\/spacewell.com\\\/es\\\/\"},{\"@type\":\"ListItem\",\"position\":2,\"name\":\"C\u00f3mo demostrar el ROI en Edificios Passivhaus, con Oliver Style [ENTREVISTA]\"}]},{\"@type\":\"WebSite\",\"@id\":\"https:\\\/\\\/spacewell.com\\\/es\\\/#website\",\"url\":\"https:\\\/\\\/spacewell.com\\\/es\\\/\",\"name\":\"Spacewell | A Nemetschek Company\",\"description\":\"Make buildings work for people\",\"publisher\":{\"@id\":\"https:\\\/\\\/spacewell.com\\\/es\\\/#organization\"},\"potentialAction\":[{\"@type\":\"SearchAction\",\"target\":{\"@type\":\"EntryPoint\",\"urlTemplate\":\"https:\\\/\\\/spacewell.com\\\/es\\\/?s={search_term_string}\"},\"query-input\":{\"@type\":\"PropertyValueSpecification\",\"valueRequired\":true,\"valueName\":\"search_term_string\"}}],\"inLanguage\":\"es\"},{\"@type\":\"Organization\",\"@id\":\"https:\\\/\\\/spacewell.com\\\/es\\\/#organization\",\"name\":\"Spacewell | A Nemetschek Company\",\"url\":\"https:\\\/\\\/spacewell.com\\\/es\\\/\",\"logo\":{\"@type\":\"ImageObject\",\"inLanguage\":\"es\",\"@id\":\"https:\\\/\\\/spacewell.com\\\/es\\\/#\\\/schema\\\/logo\\\/image\\\/\",\"url\":\"https:\\\/\\\/spacewell.com\\\/wp-content\\\/uploads\\\/2023\\\/05\\\/spacewell-logo-500x88-1.webp\",\"contentUrl\":\"https:\\\/\\\/spacewell.com\\\/wp-content\\\/uploads\\\/2023\\\/05\\\/spacewell-logo-500x88-1.webp\",\"width\":500,\"height\":88,\"caption\":\"Spacewell | A Nemetschek Company\"},\"image\":{\"@id\":\"https:\\\/\\\/spacewell.com\\\/es\\\/#\\\/schema\\\/logo\\\/image\\\/\"},\"sameAs\":[\"https:\\\/\\\/www.facebook.com\\\/SpacewellHQ\",\"https:\\\/\\\/x.com\\\/Spacewell_HQ\"]},{\"@type\":\"Person\",\"@id\":\"https:\\\/\\\/spacewell.com\\\/es\\\/#\\\/schema\\\/person\\\/3ab9f25a5170063123a203b278975eb8\",\"name\":\"GR DEV\",\"image\":{\"@type\":\"ImageObject\",\"inLanguage\":\"es\",\"@id\":\"https:\\\/\\\/secure.gravatar.com\\\/avatar\\\/9c441388245d3fac0379458f7558a0cf897d50b2cbbc2f90fe4bc9396e01c79d?s=96&d=mm&r=g\",\"url\":\"https:\\\/\\\/secure.gravatar.com\\\/avatar\\\/9c441388245d3fac0379458f7558a0cf897d50b2cbbc2f90fe4bc9396e01c79d?s=96&d=mm&r=g\",\"contentUrl\":\"https:\\\/\\\/secure.gravatar.com\\\/avatar\\\/9c441388245d3fac0379458f7558a0cf897d50b2cbbc2f90fe4bc9396e01c79d?s=96&d=mm&r=g\",\"caption\":\"GR DEV\"},\"url\":\"https:\\\/\\\/spacewell.com\\\/es\\\/author\\\/gr-dev\\\/\"}]}<\/script>\n<!-- \/ Yoast SEO Premium plugin. -->","yoast_head_json":{"title":"C\u00f3mo demostrar el ROI en Edificios Passivhaus, con Oliver Style [ENTREVISTA] - Spacewell | A Nemetschek Company","robots":{"index":"index","follow":"follow","max-snippet":"max-snippet:-1","max-image-preview":"max-image-preview:large","max-video-preview":"max-video-preview:-1"},"canonical":"https:\/\/spacewell.com\/es\/recursos\/blog\/demostrar-roi-edificios-passivhaus-entrevista\/","og_locale":"es_ES","og_type":"article","og_title":"C\u00f3mo demostrar el ROI en Edificios Passivhaus, con Oliver Style [ENTREVISTA]","og_description":"Para aquellos que busc\u00e1is informaci\u00f3n sobre edificios passivhaus, qu\u00e9 son, c\u00f3mo certificarlos, etc, esta entrevista a Oliver Style, consultor Passivhaus en Progetic, te va a interesar. Con ella descubrir\u00e1s la importancia de los est\u00e1ndares Passivhaus, c\u00f3mo es el mercado Passivhaus actualmente, c\u00f3mo aplicar este est\u00e1ndar en edificios comerciales e industriales,\u00a0y mucho m\u00e1s. \u00a1Disfruta de la [&hellip;]","og_url":"https:\/\/spacewell.com\/es\/recursos\/blog\/demostrar-roi-edificios-passivhaus-entrevista\/","og_site_name":"Spacewell | A Nemetschek Company","article_publisher":"https:\/\/www.facebook.com\/SpacewellHQ","article_published_time":"2018-07-24T06:50:25+00:00","og_image":[{"width":512,"height":512,"url":"https:\/\/spacewell.com\/wp-content\/uploads\/2023\/05\/cropped-spacewell-avatar-512x512-1.png","type":"image\/png"}],"author":"GR DEV","twitter_card":"summary_large_image","twitter_creator":"@Spacewell_HQ","twitter_site":"@Spacewell_HQ","twitter_misc":{"Escrito por":"GR DEV","Tiempo de lectura":"9 minutos"},"schema":{"@context":"https:\/\/schema.org","@graph":[{"@type":"Article","@id":"https:\/\/spacewell.com\/es\/recursos\/blog\/demostrar-roi-edificios-passivhaus-entrevista\/#article","isPartOf":{"@id":"https:\/\/spacewell.com\/es\/recursos\/blog\/demostrar-roi-edificios-passivhaus-entrevista\/"},"author":{"name":"GR DEV","@id":"https:\/\/spacewell.com\/es\/#\/schema\/person\/3ab9f25a5170063123a203b278975eb8"},"headline":"C\u00f3mo demostrar el ROI en Edificios Passivhaus, con Oliver Style [ENTREVISTA]","datePublished":"2018-07-24T06:50:25+00:00","mainEntityOfPage":{"@id":"https:\/\/spacewell.com\/es\/recursos\/blog\/demostrar-roi-edificios-passivhaus-entrevista\/"},"wordCount":1751,"publisher":{"@id":"https:\/\/spacewell.com\/es\/#organization"},"image":{"@id":"https:\/\/spacewell.com\/es\/recursos\/blog\/demostrar-roi-edificios-passivhaus-entrevista\/#primaryimage"},"thumbnailUrl":"https:\/\/spacewell.com\/wp-content\/uploads\/2023\/05\/cropped-spacewell-avatar-512x512-1.png","articleSection":["Blog"],"inLanguage":"es"},{"@type":"WebPage","@id":"https:\/\/spacewell.com\/es\/recursos\/blog\/demostrar-roi-edificios-passivhaus-entrevista\/","url":"https:\/\/spacewell.com\/es\/recursos\/blog\/demostrar-roi-edificios-passivhaus-entrevista\/","name":"C\u00f3mo demostrar el ROI en Edificios Passivhaus, con Oliver Style [ENTREVISTA] - Spacewell | A Nemetschek Company","isPartOf":{"@id":"https:\/\/spacewell.com\/es\/#website"},"primaryImageOfPage":{"@id":"https:\/\/spacewell.com\/es\/recursos\/blog\/demostrar-roi-edificios-passivhaus-entrevista\/#primaryimage"},"image":{"@id":"https:\/\/spacewell.com\/es\/recursos\/blog\/demostrar-roi-edificios-passivhaus-entrevista\/#primaryimage"},"thumbnailUrl":"https:\/\/spacewell.com\/wp-content\/uploads\/2023\/05\/cropped-spacewell-avatar-512x512-1.png","datePublished":"2018-07-24T06:50:25+00:00","breadcrumb":{"@id":"https:\/\/spacewell.com\/es\/recursos\/blog\/demostrar-roi-edificios-passivhaus-entrevista\/#breadcrumb"},"inLanguage":"es","potentialAction":[{"@type":"ReadAction","target":["https:\/\/spacewell.com\/es\/recursos\/blog\/demostrar-roi-edificios-passivhaus-entrevista\/"]}]},{"@type":"ImageObject","inLanguage":"es","@id":"https:\/\/spacewell.com\/es\/recursos\/blog\/demostrar-roi-edificios-passivhaus-entrevista\/#primaryimage","url":"https:\/\/spacewell.com\/wp-content\/uploads\/2023\/05\/cropped-spacewell-avatar-512x512-1.png","contentUrl":"https:\/\/spacewell.com\/wp-content\/uploads\/2023\/05\/cropped-spacewell-avatar-512x512-1.png","width":512,"height":512},{"@type":"BreadcrumbList","@id":"https:\/\/spacewell.com\/es\/recursos\/blog\/demostrar-roi-edificios-passivhaus-entrevista\/#breadcrumb","itemListElement":[{"@type":"ListItem","position":1,"name":"Home","item":"https:\/\/spacewell.com\/es\/"},{"@type":"ListItem","position":2,"name":"C\u00f3mo demostrar el ROI en Edificios Passivhaus, con Oliver Style [ENTREVISTA]"}]},{"@type":"WebSite","@id":"https:\/\/spacewell.com\/es\/#website","url":"https:\/\/spacewell.com\/es\/","name":"Spacewell | A Nemetschek Company","description":"Make buildings work for people","publisher":{"@id":"https:\/\/spacewell.com\/es\/#organization"},"potentialAction":[{"@type":"SearchAction","target":{"@type":"EntryPoint","urlTemplate":"https:\/\/spacewell.com\/es\/?s={search_term_string}"},"query-input":{"@type":"PropertyValueSpecification","valueRequired":true,"valueName":"search_term_string"}}],"inLanguage":"es"},{"@type":"Organization","@id":"https:\/\/spacewell.com\/es\/#organization","name":"Spacewell | A Nemetschek Company","url":"https:\/\/spacewell.com\/es\/","logo":{"@type":"ImageObject","inLanguage":"es","@id":"https:\/\/spacewell.com\/es\/#\/schema\/logo\/image\/","url":"https:\/\/spacewell.com\/wp-content\/uploads\/2023\/05\/spacewell-logo-500x88-1.webp","contentUrl":"https:\/\/spacewell.com\/wp-content\/uploads\/2023\/05\/spacewell-logo-500x88-1.webp","width":500,"height":88,"caption":"Spacewell | A Nemetschek Company"},"image":{"@id":"https:\/\/spacewell.com\/es\/#\/schema\/logo\/image\/"},"sameAs":["https:\/\/www.facebook.com\/SpacewellHQ","https:\/\/x.com\/Spacewell_HQ"]},{"@type":"Person","@id":"https:\/\/spacewell.com\/es\/#\/schema\/person\/3ab9f25a5170063123a203b278975eb8","name":"GR DEV","image":{"@type":"ImageObject","inLanguage":"es","@id":"https:\/\/secure.gravatar.com\/avatar\/9c441388245d3fac0379458f7558a0cf897d50b2cbbc2f90fe4bc9396e01c79d?s=96&d=mm&r=g","url":"https:\/\/secure.gravatar.com\/avatar\/9c441388245d3fac0379458f7558a0cf897d50b2cbbc2f90fe4bc9396e01c79d?s=96&d=mm&r=g","contentUrl":"https:\/\/secure.gravatar.com\/avatar\/9c441388245d3fac0379458f7558a0cf897d50b2cbbc2f90fe4bc9396e01c79d?s=96&d=mm&r=g","caption":"GR DEV"},"url":"https:\/\/spacewell.com\/es\/author\/gr-dev\/"}]}},"_links":{"self":[{"href":"https:\/\/spacewell.com\/es\/wp-json\/wp\/v2\/posts\/37751","targetHints":{"allow":["GET"]}}],"collection":[{"href":"https:\/\/spacewell.com\/es\/wp-json\/wp\/v2\/posts"}],"about":[{"href":"https:\/\/spacewell.com\/es\/wp-json\/wp\/v2\/types\/post"}],"author":[{"embeddable":true,"href":"https:\/\/spacewell.com\/es\/wp-json\/wp\/v2\/users\/39"}],"replies":[{"embeddable":true,"href":"https:\/\/spacewell.com\/es\/wp-json\/wp\/v2\/comments?post=37751"}],"version-history":[{"count":0,"href":"https:\/\/spacewell.com\/es\/wp-json\/wp\/v2\/posts\/37751\/revisions"}],"wp:featuredmedia":[{"embeddable":true,"href":"https:\/\/spacewell.com\/es\/wp-json\/wp\/v2\/media\/34"}],"wp:attachment":[{"href":"https:\/\/spacewell.com\/es\/wp-json\/wp\/v2\/media?parent=37751"}],"wp:term":[{"taxonomy":"category","embeddable":true,"href":"https:\/\/spacewell.com\/es\/wp-json\/wp\/v2\/categories?post=37751"},{"taxonomy":"post_tag","embeddable":true,"href":"https:\/\/spacewell.com\/es\/wp-json\/wp\/v2\/tags?post=37751"}],"curies":[{"name":"wp","href":"https:\/\/api.w.org\/{rel}","templated":true}]}}