


{"id":37324,"date":"2023-01-13T16:08:37","date_gmt":"2023-01-13T15:08:37","guid":{"rendered":"https:\/\/spacewell.com\/sin-categorizar\/el-estado-de-la-gestion-energetica-en-2022-informe\/"},"modified":"2023-01-13T16:08:37","modified_gmt":"2023-01-13T15:08:37","slug":"el-estado-de-la-gestion-energetica-en-2022-informe","status":"publish","type":"post","link":"https:\/\/spacewell.com\/es\/recursos\/blog\/el-estado-de-la-gestion-energetica-en-2022-informe\/","title":{"rendered":"El Estado de la Gesti\u00f3n Energ\u00e9tica en 2022 [Informe]"},"content":{"rendered":"<div class=\"gb-container gb-container-d807e79e gb-container-5731d80c\">\n<p><span style=\"font-weight: 400;\">En diciembre de 2022 lanzamos nuestra encuesta sobre el Estado de la Gesti\u00f3n Energ\u00e9tica. Un acontecimiento anual que ofrece a los profesionales la oportunidad de compartir sus experiencias y nos ayuda a comprender las tendencias del sector.<\/span><\/p>\n<p><span style=\"font-weight: 400;\">Esta encuesta incluye respuestas de empresas directamente relacionadas con la energ\u00eda, como empresas de Servicios Energ\u00e9ticos (ESE), comercializadoras y proveedores de hardware. Pero tambi\u00e9n con la visi\u00f3n de las empresas de otros sectores (cliente final) como banca, sector inmobiliario, administraci\u00f3n p\u00fablica, etc para considerar sus propios retos en relaci\u00f3n con la energ\u00eda como usuarios.\u00a0<\/span><\/p>\n<p><span style=\"font-weight: 400;\">Una vez cerrada la encuesta y repasadas las m\u00e1s de 250 respuestas, <\/span><b>compartimos el informe de resultados<\/b><span style=\"font-weight: 400;\"> para que puedas ver en unas p\u00e1ginas los principales retos, avances tecnol\u00f3gicos y panorama general. Te presentamos un <\/span><b>informe sintetizado<\/b><span style=\"font-weight: 400;\">, con las ideas principales, comparaci\u00f3n con el a\u00f1o anterior y porcentajes para ilustrar los resultados.<\/span><\/p>\n<p><!--more--><\/p>\n<p><!--HubSpot Call-to-Action Code --><span id=\"hs-cta-wrapper-38debe18-124a-400e-980d-0f7cd7a444b9\" class=\"hs-cta-wrapper\"><span id=\"hs-cta-38debe18-124a-400e-980d-0f7cd7a444b9\" class=\"hs-cta-node hs-cta-38debe18-124a-400e-980d-0f7cd7a444b9\"><!-- [if lte IE 8]>\n\n\n\n\n<div id=\"hs-cta-ie-element\"><\/div>\n\n\n\n\n<![endif]--><a href=\"https:\/\/cta-redirect.hubspot.com\/cta\/redirect\/437281\/38debe18-124a-400e-980d-0f7cd7a444b9\"><img decoding=\"async\" id=\"hs-cta-img-38debe18-124a-400e-980d-0f7cd7a444b9\" class=\"hs-cta-img\" style=\"border-width: 0px;\" src=\"https:\/\/no-cache.hubspot.com\/cta\/default\/437281\/38debe18-124a-400e-980d-0f7cd7a444b9.png\" alt=\"New call-to-action\" \/><\/a><\/span><script charset=\"utf-8\" src=\"https:\/\/js.hscta.net\/cta\/current.js\"><\/script><script type=\"text\/javascript\"> hbspt.cta.load(437281, '38debe18-124a-400e-980d-0f7cd7a444b9', {\"useNewLoader\":\"true\",\"region\":\"na1\"}); <\/script><\/span><!-- end HubSpot Call-to-Action Code --><\/p>\n<p><span style=\"font-weight: 400;\">En este art\u00edculo te ofrecemos una visi\u00f3n general y peque\u00f1a introducci\u00f3n sobre la situaci\u00f3n energ\u00e9tica actual. Para saber m\u00e1s sobre los retos, prioridades y tendencias de la gesti\u00f3n energ\u00e9tica en 2022, te animamos a descargar el informe completo sobre el Estado de la Gesti\u00f3n Energ\u00e9tica 2022.<\/span><\/p>\n<h2><span style=\"font-weight: 400; color: #003f6b;\">Los Costes Energ\u00e9ticos<\/span><\/h2>\n<p><span style=\"font-weight: 400;\">No pod\u00eda ser de otra manera, los altos costes energ\u00e9ticos han sido uno de los principales desaf\u00edos de 2022, y lo seguir\u00e1n siendo durante 2023. A\u00fan con la \u201cexcepci\u00f3n Ib\u00e9rica\u201d aprobada para Espa\u00f1a y Portugal, y el crecimiento de las energ\u00edas renovables, los altos precios de la energ\u00eda siguen siendo un factor esencial. \u00bfSignifica esto que solo queremos ahorrar energ\u00eda para ahorrar dinero? \u00bfNo por sostenibilidad? Es posible. Pero visto desde el aspecto positivo, sea cual sea la motivaci\u00f3n, el resultado es que las organizaciones quieren consumir menos y mejor.<\/span><\/p>\n<p><span style=\"font-weight: 400;\">Los <\/span><b>costes energ\u00e9ticos del cliente final<\/b><span style=\"font-weight: 400;\">, en base a las respuestas de esta encuesta, superan los 100.000\u20ac para el 70% de participantes. Para casi el 25% de ellos, este coste ha crecido m\u00e1s del 20% en el \u00faltimo a\u00f1o.<\/span><\/p>\n<p><span style=\"font-weight: 400;\">Y si esto te sorprende hay m\u00e1s&#8230; Para el 42%, esos costes energ\u00e9ticos anuales superan el mill\u00f3n de euros. Mucho, mucho dinero. Parte de ese consumo es necesario para llevar a cabo la actividad diaria, sin duda. Pero con tal consumo, existe mucho margen de ahorro&#8230;<\/span><\/p>\n<p><span style=\"font-weight: 400;\"><img loading=\"lazy\" decoding=\"async\" class=\"aligncenter wp-image-47967 size-full\" style=\"color: var(--bs-body-color); font-family: var(--bs-body-font-family); font-size: var(--bs-body-font-size); font-weight: var(--bs-body-font-weight); text-align: var(--bs-body-text-align);\" src=\"https:\/\/www.dexma.com\/wp-content\/uploads\/2023\/01\/ES-Energy-Survey-Report-Infographics-Cost-increased-EC-Q11c.png\" alt=\"Aumento de los costes energ\u00e9ticos 2022\" width=\"629\" height=\"354\" srcset=\"https:\/\/www.dexma.com\/wp-content\/uploads\/2023\/01\/ES-Energy-Survey-Report-Infographics-Cost-increased-EC-Q11c.png 629w, https:\/\/www.dexma.com\/wp-content\/uploads\/2023\/01\/ES-Energy-Survey-Report-Infographics-Cost-increased-EC-Q11c-300x169.png 300w\" sizes=\"auto, (max-width: 629px) 100vw, 629px\" \/><\/span><\/p>\n<p><span style=\"font-weight: 400;\">Para las Empresas de Servicios Energ\u00e9ticos, este aumento de precios ha supuesto en gran medida un <\/span><b>aumento de oportunidades comerciales<\/b><span style=\"font-weight: 400;\">. El 58% de ESEs que han participado en esta encuesta aseguran que este \u00faltimo a\u00f1o han aumentado el n\u00famero de proyectos debido a la subida de precios y la crisis energ\u00e9tica de 2022.\u00a0<\/span><\/p>\n<h2><span style=\"font-weight: 400; color: #003f6b;\">\u00bfD\u00f3nde Consumen m\u00e1s Energ\u00eda las Organizaciones?<\/span><\/h2>\n<p><span style=\"font-weight: 400;\">Este a\u00f1o hemos vuelto a preguntar d\u00f3nde se consume m\u00e1s energ\u00eda, y la respuesta sigue en la misma l\u00ednea que en a\u00f1os anteriores. <\/span><b>Los sistemas de aire acondicionado y calefacci\u00f3n es donde las organizaciones gastan m\u00e1s energ\u00eda y dinero<\/b><span style=\"font-weight: 400;\">. El 61% de respuestas as\u00ed lo indican. Seguidas de los equipos industriales y el equipamiento de oficina (ordenadores, monitores, impresoras, etc).<\/span><\/p>\n<p><span style=\"font-weight: 400;\"><img loading=\"lazy\" decoding=\"async\" class=\"aligncenter wp-image-47956 size-full\" style=\"color: var(--bs-body-color); font-family: var(--bs-body-font-family); font-size: var(--bs-body-font-size); font-weight: var(--bs-body-font-weight); text-align: var(--bs-body-text-align);\" src=\"https:\/\/www.dexma.com\/wp-content\/uploads\/2023\/01\/ES-Energy-Survey-Report-Infographics-Consumption.png\" alt=\"Principales fuentes de consumo energ\u00e9tico\" width=\"629\" height=\"354\" srcset=\"https:\/\/www.dexma.com\/wp-content\/uploads\/2023\/01\/ES-Energy-Survey-Report-Infographics-Consumption.png 629w, https:\/\/www.dexma.com\/wp-content\/uploads\/2023\/01\/ES-Energy-Survey-Report-Infographics-Consumption-300x169.png 300w\" sizes=\"auto, (max-width: 629px) 100vw, 629px\" \/><\/span><\/p>\n<p><span style=\"font-weight: 400;\"><span style=\"background-color: var(--bs-body-bg); color: var(--bs-body-color); font-family: var(--bs-body-font-family); font-size: var(--bs-body-font-size); text-align: var(--bs-body-text-align);\">La iluminaci\u00f3n, que en otras ediciones se situaba en el segundo o tercer puesto de mayor consumo energ\u00e9tico, ya no ha sido se\u00f1alada por ninguno de nuestros participantes. Sus medidas de ahorro energ\u00e9tico, cambio a iluminaci\u00f3n led, sensores de movimiento para apagar luces, y la concienciaci\u00f3n de los usuarios\u2026 Hacen que la luz se tenga m\u00e1s controlada, apagando cuando no hacen falta. A\u00fan quedan cosas por mejorar, pero por suerte, atr\u00e1s quedan los escaparates excesivamente iluminados, o las oficinas que no apagaban las luces en todo el d\u00eda\u2026<\/span><\/span><\/p>\n<h2><span style=\"font-weight: 400; color: #003f6b;\">Los Planes de Ahorro Energ\u00e9tico de las Empresas<\/span><\/h2>\n<p><span style=\"font-weight: 400;\">No es novedad que la energ\u00eda ya no es algo que la sociedad pueda pasar por alto. Tanto por sus altos costes, como por su impacto ambiental y la sostenibilidad, el ahorro energ\u00e9tico y los objetivos de reducci\u00f3n de emisiones. El 65% de participantes confirman que sus organizaciones disponen de planes de ahorro energ\u00e9tico en 2022. Y el 27% no cuenta con un plan pero est\u00e1 en sus planes para 2023.<\/span><\/p>\n<p style=\"text-align: center;\"><img loading=\"lazy\" decoding=\"async\" class=\"aligncenter wp-image-47961 size-full\" style=\"color: var(--bs-body-color); font-family: var(--bs-body-font-family); font-size: var(--bs-body-font-size); font-weight: var(--bs-body-font-weight); text-align: var(--bs-body-text-align);\" src=\"https:\/\/www.dexma.com\/wp-content\/uploads\/2023\/01\/ES-Energy-Survey-Report-Infographics-Energy-plan-for-EC-Q11e.png\" alt=\"Plan de ahorro energ\u00e9tico en las organziaciones\" width=\"629\" height=\"354\" srcset=\"https:\/\/www.dexma.com\/wp-content\/uploads\/2023\/01\/ES-Energy-Survey-Report-Infographics-Energy-plan-for-EC-Q11e.png 629w, https:\/\/www.dexma.com\/wp-content\/uploads\/2023\/01\/ES-Energy-Survey-Report-Infographics-Energy-plan-for-EC-Q11e-300x169.png 300w\" sizes=\"auto, (max-width: 629px) 100vw, 629px\" \/><\/p>\n<p><span style=\"font-weight: 400;\"><span style=\"background-color: var(--bs-body-bg); color: var(--bs-body-color); font-family: var(--bs-body-font-family); font-size: var(--bs-body-font-size); text-align: var(--bs-body-text-align);\">De ese 65% que ya tiene un plan de eficiencia energ\u00e9tica, m\u00e1s de la mitad considera que es efectivo y est\u00e1 funcionando. Esto muestra una mejora en comparaci\u00f3n a la encuesta de 2021. El a\u00f1o anterior, solo el 29% consideraba que su estrategia de eficiencia energ\u00e9tica era efectiva y \u00fatil.<\/span><\/span><\/p>\n<p>Hasta aqu\u00ed la breve presentaci\u00f3n de nuestro informe. Te invitamos a descargarlo para poder consultar todos los datos y poder comparar con otros profesionales para este a\u00f1o 2023.<\/p>\n<p><!--HubSpot Call-to-Action Code --><span id=\"hs-cta-wrapper-599076e3-7832-4c81-bf05-3b06a3d62ea0\" class=\"hs-cta-wrapper\"><span id=\"hs-cta-599076e3-7832-4c81-bf05-3b06a3d62ea0\" class=\"hs-cta-node hs-cta-599076e3-7832-4c81-bf05-3b06a3d62ea0\"><!-- [if lte IE 8]>\n\n\n\n\n<div id=\"hs-cta-ie-element\"><\/div>\n\n\n\n\n<![endif]--><a href=\"https:\/\/cta-redirect.hubspot.com\/cta\/redirect\/437281\/599076e3-7832-4c81-bf05-3b06a3d62ea0\"><img decoding=\"async\" id=\"hs-cta-img-599076e3-7832-4c81-bf05-3b06a3d62ea0\" class=\"hs-cta-img\" style=\"border-width: 0px;\" src=\"https:\/\/no-cache.hubspot.com\/cta\/default\/437281\/599076e3-7832-4c81-bf05-3b06a3d62ea0.png\" alt=\"Informe - Encuesta 2022 sobre el Estado de la Gesti\u00f3n Energ\u00e9tica\" \/><\/a><\/span><script charset=\"utf-8\" src=\"https:\/\/js.hscta.net\/cta\/current.js\"><\/script><script type=\"text\/javascript\"> hbspt.cta.load(437281, '599076e3-7832-4c81-bf05-3b06a3d62ea0', {\"useNewLoader\":\"true\",\"region\":\"na1\"}); <\/script><\/span><!-- end HubSpot Call-to-Action Code --><\/p>\n<\/div>\n","protected":false},"excerpt":{"rendered":"<p>En diciembre de 2022 lanzamos nuestra encuesta sobre el Estado de la Gesti\u00f3n Energ\u00e9tica. Un acontecimiento anual que ofrece a los profesionales la oportunidad de compartir sus experiencias y nos ayuda a comprender las tendencias del sector. Esta encuesta incluye respuestas de empresas directamente relacionadas con la energ\u00eda, como empresas de Servicios Energ\u00e9ticos (ESE), comercializadoras [&hellip;]<\/p>\n","protected":false},"author":39,"featured_media":35623,"comment_status":"","ping_status":"open","sticky":false,"template":"","format":"standard","meta":{"_acf_changed":false,"footnotes":""},"categories":[36],"tags":[],"class_list":["post-37324","post","type-post","status-publish","format-standard","has-post-thumbnail","hentry","category-blog","generate-columns","tablet-grid-50","mobile-grid-100","grid-parent","grid-50","no-featured-image-padding"],"acf":[],"yoast_head":"<!-- This site is optimized with the Yoast SEO Premium plugin v26.0 (Yoast SEO v27.5) - https:\/\/yoast.com\/product\/yoast-seo-premium-wordpress\/ -->\n<title>El Estado de la Gesti\u00f3n Energ\u00e9tica en 2022 [Informe] - Spacewell | A Nemetschek Company<\/title>\n<meta name=\"robots\" content=\"index, follow, max-snippet:-1, max-image-preview:large, max-video-preview:-1\" \/>\n<link rel=\"canonical\" href=\"https:\/\/spacewell.com\/es\/recursos\/blog\/el-estado-de-la-gestion-energetica-en-2022-informe\/\" \/>\n<meta property=\"og:locale\" content=\"es_ES\" \/>\n<meta property=\"og:type\" content=\"article\" \/>\n<meta property=\"og:title\" content=\"El Estado de la Gesti\u00f3n Energ\u00e9tica en 2022 [Informe]\" \/>\n<meta property=\"og:description\" content=\"En diciembre de 2022 lanzamos nuestra encuesta sobre el Estado de la Gesti\u00f3n Energ\u00e9tica. Un acontecimiento anual que ofrece a los profesionales la oportunidad de compartir sus experiencias y nos ayuda a comprender las tendencias del sector. Esta encuesta incluye respuestas de empresas directamente relacionadas con la energ\u00eda, como empresas de Servicios Energ\u00e9ticos (ESE), comercializadoras [&hellip;]\" \/>\n<meta property=\"og:url\" content=\"https:\/\/spacewell.com\/es\/recursos\/blog\/el-estado-de-la-gestion-energetica-en-2022-informe\/\" \/>\n<meta property=\"og:site_name\" content=\"Spacewell | A Nemetschek Company\" \/>\n<meta property=\"article:publisher\" content=\"https:\/\/www.facebook.com\/SpacewellHQ\" \/>\n<meta property=\"article:published_time\" content=\"2023-01-13T15:08:37+00:00\" \/>\n<meta property=\"og:image\" content=\"https:\/\/spacewell.com\/wp-content\/uploads\/2023\/01\/Survey-report-2022-Feature-image-blog.png\" \/>\n\t<meta property=\"og:image:width\" content=\"560\" \/>\n\t<meta property=\"og:image:height\" content=\"315\" \/>\n\t<meta property=\"og:image:type\" content=\"image\/png\" \/>\n<meta name=\"author\" content=\"GR DEV\" \/>\n<meta name=\"twitter:card\" content=\"summary_large_image\" \/>\n<meta name=\"twitter:creator\" content=\"@Spacewell_HQ\" \/>\n<meta name=\"twitter:site\" content=\"@Spacewell_HQ\" \/>\n<meta name=\"twitter:label1\" content=\"Escrito por\" \/>\n\t<meta name=\"twitter:data1\" content=\"GR DEV\" \/>\n\t<meta name=\"twitter:label2\" content=\"Tiempo de lectura\" \/>\n\t<meta name=\"twitter:data2\" content=\"4 minutos\" \/>\n<script type=\"application\/ld+json\" class=\"yoast-schema-graph\">{\"@context\":\"https:\\\/\\\/schema.org\",\"@graph\":[{\"@type\":\"Article\",\"@id\":\"https:\\\/\\\/spacewell.com\\\/es\\\/recursos\\\/blog\\\/el-estado-de-la-gestion-energetica-en-2022-informe\\\/#article\",\"isPartOf\":{\"@id\":\"https:\\\/\\\/spacewell.com\\\/es\\\/recursos\\\/blog\\\/el-estado-de-la-gestion-energetica-en-2022-informe\\\/\"},\"author\":{\"name\":\"GR DEV\",\"@id\":\"https:\\\/\\\/spacewell.com\\\/es\\\/#\\\/schema\\\/person\\\/3ab9f25a5170063123a203b278975eb8\"},\"headline\":\"El Estado de la Gesti\u00f3n Energ\u00e9tica en 2022 [Informe]\",\"datePublished\":\"2023-01-13T15:08:37+00:00\",\"mainEntityOfPage\":{\"@id\":\"https:\\\/\\\/spacewell.com\\\/es\\\/recursos\\\/blog\\\/el-estado-de-la-gestion-energetica-en-2022-informe\\\/\"},\"wordCount\":802,\"publisher\":{\"@id\":\"https:\\\/\\\/spacewell.com\\\/es\\\/#organization\"},\"image\":{\"@id\":\"https:\\\/\\\/spacewell.com\\\/es\\\/recursos\\\/blog\\\/el-estado-de-la-gestion-energetica-en-2022-informe\\\/#primaryimage\"},\"thumbnailUrl\":\"https:\\\/\\\/spacewell.com\\\/wp-content\\\/uploads\\\/2023\\\/01\\\/Survey-report-2022-Feature-image-blog.png\",\"articleSection\":[\"Blog\"],\"inLanguage\":\"es\"},{\"@type\":\"WebPage\",\"@id\":\"https:\\\/\\\/spacewell.com\\\/es\\\/recursos\\\/blog\\\/el-estado-de-la-gestion-energetica-en-2022-informe\\\/\",\"url\":\"https:\\\/\\\/spacewell.com\\\/es\\\/recursos\\\/blog\\\/el-estado-de-la-gestion-energetica-en-2022-informe\\\/\",\"name\":\"El Estado de la Gesti\u00f3n Energ\u00e9tica en 2022 [Informe] - Spacewell | A Nemetschek Company\",\"isPartOf\":{\"@id\":\"https:\\\/\\\/spacewell.com\\\/es\\\/#website\"},\"primaryImageOfPage\":{\"@id\":\"https:\\\/\\\/spacewell.com\\\/es\\\/recursos\\\/blog\\\/el-estado-de-la-gestion-energetica-en-2022-informe\\\/#primaryimage\"},\"image\":{\"@id\":\"https:\\\/\\\/spacewell.com\\\/es\\\/recursos\\\/blog\\\/el-estado-de-la-gestion-energetica-en-2022-informe\\\/#primaryimage\"},\"thumbnailUrl\":\"https:\\\/\\\/spacewell.com\\\/wp-content\\\/uploads\\\/2023\\\/01\\\/Survey-report-2022-Feature-image-blog.png\",\"datePublished\":\"2023-01-13T15:08:37+00:00\",\"breadcrumb\":{\"@id\":\"https:\\\/\\\/spacewell.com\\\/es\\\/recursos\\\/blog\\\/el-estado-de-la-gestion-energetica-en-2022-informe\\\/#breadcrumb\"},\"inLanguage\":\"es\",\"potentialAction\":[{\"@type\":\"ReadAction\",\"target\":[\"https:\\\/\\\/spacewell.com\\\/es\\\/recursos\\\/blog\\\/el-estado-de-la-gestion-energetica-en-2022-informe\\\/\"]}]},{\"@type\":\"ImageObject\",\"inLanguage\":\"es\",\"@id\":\"https:\\\/\\\/spacewell.com\\\/es\\\/recursos\\\/blog\\\/el-estado-de-la-gestion-energetica-en-2022-informe\\\/#primaryimage\",\"url\":\"https:\\\/\\\/spacewell.com\\\/wp-content\\\/uploads\\\/2023\\\/01\\\/Survey-report-2022-Feature-image-blog.png\",\"contentUrl\":\"https:\\\/\\\/spacewell.com\\\/wp-content\\\/uploads\\\/2023\\\/01\\\/Survey-report-2022-Feature-image-blog.png\",\"width\":560,\"height\":315},{\"@type\":\"BreadcrumbList\",\"@id\":\"https:\\\/\\\/spacewell.com\\\/es\\\/recursos\\\/blog\\\/el-estado-de-la-gestion-energetica-en-2022-informe\\\/#breadcrumb\",\"itemListElement\":[{\"@type\":\"ListItem\",\"position\":1,\"name\":\"Home\",\"item\":\"https:\\\/\\\/spacewell.com\\\/es\\\/\"},{\"@type\":\"ListItem\",\"position\":2,\"name\":\"El Estado de la Gesti\u00f3n Energ\u00e9tica en 2022 [Informe]\"}]},{\"@type\":\"WebSite\",\"@id\":\"https:\\\/\\\/spacewell.com\\\/es\\\/#website\",\"url\":\"https:\\\/\\\/spacewell.com\\\/es\\\/\",\"name\":\"Spacewell | A Nemetschek Company\",\"description\":\"Make buildings work for people\",\"publisher\":{\"@id\":\"https:\\\/\\\/spacewell.com\\\/es\\\/#organization\"},\"potentialAction\":[{\"@type\":\"SearchAction\",\"target\":{\"@type\":\"EntryPoint\",\"urlTemplate\":\"https:\\\/\\\/spacewell.com\\\/es\\\/?s={search_term_string}\"},\"query-input\":{\"@type\":\"PropertyValueSpecification\",\"valueRequired\":true,\"valueName\":\"search_term_string\"}}],\"inLanguage\":\"es\"},{\"@type\":\"Organization\",\"@id\":\"https:\\\/\\\/spacewell.com\\\/es\\\/#organization\",\"name\":\"Spacewell | A Nemetschek Company\",\"url\":\"https:\\\/\\\/spacewell.com\\\/es\\\/\",\"logo\":{\"@type\":\"ImageObject\",\"inLanguage\":\"es\",\"@id\":\"https:\\\/\\\/spacewell.com\\\/es\\\/#\\\/schema\\\/logo\\\/image\\\/\",\"url\":\"https:\\\/\\\/spacewell.com\\\/wp-content\\\/uploads\\\/2023\\\/05\\\/spacewell-logo-500x88-1.webp\",\"contentUrl\":\"https:\\\/\\\/spacewell.com\\\/wp-content\\\/uploads\\\/2023\\\/05\\\/spacewell-logo-500x88-1.webp\",\"width\":500,\"height\":88,\"caption\":\"Spacewell | A Nemetschek Company\"},\"image\":{\"@id\":\"https:\\\/\\\/spacewell.com\\\/es\\\/#\\\/schema\\\/logo\\\/image\\\/\"},\"sameAs\":[\"https:\\\/\\\/www.facebook.com\\\/SpacewellHQ\",\"https:\\\/\\\/x.com\\\/Spacewell_HQ\"]},{\"@type\":\"Person\",\"@id\":\"https:\\\/\\\/spacewell.com\\\/es\\\/#\\\/schema\\\/person\\\/3ab9f25a5170063123a203b278975eb8\",\"name\":\"GR DEV\",\"image\":{\"@type\":\"ImageObject\",\"inLanguage\":\"es\",\"@id\":\"https:\\\/\\\/secure.gravatar.com\\\/avatar\\\/9c441388245d3fac0379458f7558a0cf897d50b2cbbc2f90fe4bc9396e01c79d?s=96&d=mm&r=g\",\"url\":\"https:\\\/\\\/secure.gravatar.com\\\/avatar\\\/9c441388245d3fac0379458f7558a0cf897d50b2cbbc2f90fe4bc9396e01c79d?s=96&d=mm&r=g\",\"contentUrl\":\"https:\\\/\\\/secure.gravatar.com\\\/avatar\\\/9c441388245d3fac0379458f7558a0cf897d50b2cbbc2f90fe4bc9396e01c79d?s=96&d=mm&r=g\",\"caption\":\"GR DEV\"},\"url\":\"https:\\\/\\\/spacewell.com\\\/es\\\/author\\\/gr-dev\\\/\"}]}<\/script>\n<!-- \/ Yoast SEO Premium plugin. -->","yoast_head_json":{"title":"El Estado de la Gesti\u00f3n Energ\u00e9tica en 2022 [Informe] - Spacewell | A Nemetschek Company","robots":{"index":"index","follow":"follow","max-snippet":"max-snippet:-1","max-image-preview":"max-image-preview:large","max-video-preview":"max-video-preview:-1"},"canonical":"https:\/\/spacewell.com\/es\/recursos\/blog\/el-estado-de-la-gestion-energetica-en-2022-informe\/","og_locale":"es_ES","og_type":"article","og_title":"El Estado de la Gesti\u00f3n Energ\u00e9tica en 2022 [Informe]","og_description":"En diciembre de 2022 lanzamos nuestra encuesta sobre el Estado de la Gesti\u00f3n Energ\u00e9tica. Un acontecimiento anual que ofrece a los profesionales la oportunidad de compartir sus experiencias y nos ayuda a comprender las tendencias del sector. Esta encuesta incluye respuestas de empresas directamente relacionadas con la energ\u00eda, como empresas de Servicios Energ\u00e9ticos (ESE), comercializadoras [&hellip;]","og_url":"https:\/\/spacewell.com\/es\/recursos\/blog\/el-estado-de-la-gestion-energetica-en-2022-informe\/","og_site_name":"Spacewell | A Nemetschek Company","article_publisher":"https:\/\/www.facebook.com\/SpacewellHQ","article_published_time":"2023-01-13T15:08:37+00:00","og_image":[{"width":560,"height":315,"url":"https:\/\/spacewell.com\/wp-content\/uploads\/2023\/01\/Survey-report-2022-Feature-image-blog.png","type":"image\/png"}],"author":"GR DEV","twitter_card":"summary_large_image","twitter_creator":"@Spacewell_HQ","twitter_site":"@Spacewell_HQ","twitter_misc":{"Escrito por":"GR DEV","Tiempo de lectura":"4 minutos"},"schema":{"@context":"https:\/\/schema.org","@graph":[{"@type":"Article","@id":"https:\/\/spacewell.com\/es\/recursos\/blog\/el-estado-de-la-gestion-energetica-en-2022-informe\/#article","isPartOf":{"@id":"https:\/\/spacewell.com\/es\/recursos\/blog\/el-estado-de-la-gestion-energetica-en-2022-informe\/"},"author":{"name":"GR DEV","@id":"https:\/\/spacewell.com\/es\/#\/schema\/person\/3ab9f25a5170063123a203b278975eb8"},"headline":"El Estado de la Gesti\u00f3n Energ\u00e9tica en 2022 [Informe]","datePublished":"2023-01-13T15:08:37+00:00","mainEntityOfPage":{"@id":"https:\/\/spacewell.com\/es\/recursos\/blog\/el-estado-de-la-gestion-energetica-en-2022-informe\/"},"wordCount":802,"publisher":{"@id":"https:\/\/spacewell.com\/es\/#organization"},"image":{"@id":"https:\/\/spacewell.com\/es\/recursos\/blog\/el-estado-de-la-gestion-energetica-en-2022-informe\/#primaryimage"},"thumbnailUrl":"https:\/\/spacewell.com\/wp-content\/uploads\/2023\/01\/Survey-report-2022-Feature-image-blog.png","articleSection":["Blog"],"inLanguage":"es"},{"@type":"WebPage","@id":"https:\/\/spacewell.com\/es\/recursos\/blog\/el-estado-de-la-gestion-energetica-en-2022-informe\/","url":"https:\/\/spacewell.com\/es\/recursos\/blog\/el-estado-de-la-gestion-energetica-en-2022-informe\/","name":"El Estado de la Gesti\u00f3n Energ\u00e9tica en 2022 [Informe] - Spacewell | A Nemetschek Company","isPartOf":{"@id":"https:\/\/spacewell.com\/es\/#website"},"primaryImageOfPage":{"@id":"https:\/\/spacewell.com\/es\/recursos\/blog\/el-estado-de-la-gestion-energetica-en-2022-informe\/#primaryimage"},"image":{"@id":"https:\/\/spacewell.com\/es\/recursos\/blog\/el-estado-de-la-gestion-energetica-en-2022-informe\/#primaryimage"},"thumbnailUrl":"https:\/\/spacewell.com\/wp-content\/uploads\/2023\/01\/Survey-report-2022-Feature-image-blog.png","datePublished":"2023-01-13T15:08:37+00:00","breadcrumb":{"@id":"https:\/\/spacewell.com\/es\/recursos\/blog\/el-estado-de-la-gestion-energetica-en-2022-informe\/#breadcrumb"},"inLanguage":"es","potentialAction":[{"@type":"ReadAction","target":["https:\/\/spacewell.com\/es\/recursos\/blog\/el-estado-de-la-gestion-energetica-en-2022-informe\/"]}]},{"@type":"ImageObject","inLanguage":"es","@id":"https:\/\/spacewell.com\/es\/recursos\/blog\/el-estado-de-la-gestion-energetica-en-2022-informe\/#primaryimage","url":"https:\/\/spacewell.com\/wp-content\/uploads\/2023\/01\/Survey-report-2022-Feature-image-blog.png","contentUrl":"https:\/\/spacewell.com\/wp-content\/uploads\/2023\/01\/Survey-report-2022-Feature-image-blog.png","width":560,"height":315},{"@type":"BreadcrumbList","@id":"https:\/\/spacewell.com\/es\/recursos\/blog\/el-estado-de-la-gestion-energetica-en-2022-informe\/#breadcrumb","itemListElement":[{"@type":"ListItem","position":1,"name":"Home","item":"https:\/\/spacewell.com\/es\/"},{"@type":"ListItem","position":2,"name":"El Estado de la Gesti\u00f3n Energ\u00e9tica en 2022 [Informe]"}]},{"@type":"WebSite","@id":"https:\/\/spacewell.com\/es\/#website","url":"https:\/\/spacewell.com\/es\/","name":"Spacewell | A Nemetschek Company","description":"Make buildings work for people","publisher":{"@id":"https:\/\/spacewell.com\/es\/#organization"},"potentialAction":[{"@type":"SearchAction","target":{"@type":"EntryPoint","urlTemplate":"https:\/\/spacewell.com\/es\/?s={search_term_string}"},"query-input":{"@type":"PropertyValueSpecification","valueRequired":true,"valueName":"search_term_string"}}],"inLanguage":"es"},{"@type":"Organization","@id":"https:\/\/spacewell.com\/es\/#organization","name":"Spacewell | A Nemetschek Company","url":"https:\/\/spacewell.com\/es\/","logo":{"@type":"ImageObject","inLanguage":"es","@id":"https:\/\/spacewell.com\/es\/#\/schema\/logo\/image\/","url":"https:\/\/spacewell.com\/wp-content\/uploads\/2023\/05\/spacewell-logo-500x88-1.webp","contentUrl":"https:\/\/spacewell.com\/wp-content\/uploads\/2023\/05\/spacewell-logo-500x88-1.webp","width":500,"height":88,"caption":"Spacewell | A Nemetschek Company"},"image":{"@id":"https:\/\/spacewell.com\/es\/#\/schema\/logo\/image\/"},"sameAs":["https:\/\/www.facebook.com\/SpacewellHQ","https:\/\/x.com\/Spacewell_HQ"]},{"@type":"Person","@id":"https:\/\/spacewell.com\/es\/#\/schema\/person\/3ab9f25a5170063123a203b278975eb8","name":"GR DEV","image":{"@type":"ImageObject","inLanguage":"es","@id":"https:\/\/secure.gravatar.com\/avatar\/9c441388245d3fac0379458f7558a0cf897d50b2cbbc2f90fe4bc9396e01c79d?s=96&d=mm&r=g","url":"https:\/\/secure.gravatar.com\/avatar\/9c441388245d3fac0379458f7558a0cf897d50b2cbbc2f90fe4bc9396e01c79d?s=96&d=mm&r=g","contentUrl":"https:\/\/secure.gravatar.com\/avatar\/9c441388245d3fac0379458f7558a0cf897d50b2cbbc2f90fe4bc9396e01c79d?s=96&d=mm&r=g","caption":"GR DEV"},"url":"https:\/\/spacewell.com\/es\/author\/gr-dev\/"}]}},"_links":{"self":[{"href":"https:\/\/spacewell.com\/es\/wp-json\/wp\/v2\/posts\/37324","targetHints":{"allow":["GET"]}}],"collection":[{"href":"https:\/\/spacewell.com\/es\/wp-json\/wp\/v2\/posts"}],"about":[{"href":"https:\/\/spacewell.com\/es\/wp-json\/wp\/v2\/types\/post"}],"author":[{"embeddable":true,"href":"https:\/\/spacewell.com\/es\/wp-json\/wp\/v2\/users\/39"}],"replies":[{"embeddable":true,"href":"https:\/\/spacewell.com\/es\/wp-json\/wp\/v2\/comments?post=37324"}],"version-history":[{"count":0,"href":"https:\/\/spacewell.com\/es\/wp-json\/wp\/v2\/posts\/37324\/revisions"}],"wp:featuredmedia":[{"embeddable":true,"href":"https:\/\/spacewell.com\/es\/wp-json\/wp\/v2\/media\/35623"}],"wp:attachment":[{"href":"https:\/\/spacewell.com\/es\/wp-json\/wp\/v2\/media?parent=37324"}],"wp:term":[{"taxonomy":"category","embeddable":true,"href":"https:\/\/spacewell.com\/es\/wp-json\/wp\/v2\/categories?post=37324"},{"taxonomy":"post_tag","embeddable":true,"href":"https:\/\/spacewell.com\/es\/wp-json\/wp\/v2\/tags?post=37324"}],"curies":[{"name":"wp","href":"https:\/\/api.w.org\/{rel}","templated":true}]}}