


{"id":34816,"date":"2023-03-21T11:17:46","date_gmt":"2023-03-21T10:17:46","guid":{"rendered":"https:\/\/spacewell.com\/sin-categorizar\/xavi-novella-es-nombrado-nuevo-director-general-de-spacewell-energy\/"},"modified":"2025-06-24T14:07:02","modified_gmt":"2025-06-24T12:07:02","slug":"xavi-novella-es-nombrado-nuevo-director-general-de-spacewell-energy","status":"publish","type":"post","link":"https:\/\/spacewell.com\/es\/recursos\/blog\/xavi-novella-es-nombrado-nuevo-director-general-de-spacewell-energy\/","title":{"rendered":"Xavi Novella es nombrado Nuevo Director General de Spacewell Energy"},"content":{"rendered":"<div class=\"gb-container gb-container-d807e79e gb-container-5731d80c\">\n<p><b>Barcelona, 21 de marzo de 2023 &#8211;<\/b><span style=\"font-weight: 400;\"> Dexma, compa\u00f1\u00eda proveedora de soluciones de gesti\u00f3n de la energ\u00eda para edificios, retail e industria, ha nombrado a <\/span><b>Xavi Novella<\/b><span style=\"font-weight: 400;\"> como nuevo Director General. Tras ocupar el cargo de Director de Operaciones y \u00c9xito del Cliente en <\/span><b>Dexma<\/b><span style=\"font-weight: 400;\"> desde 2015, desde su nueva posici\u00f3n Novella coordinar\u00e1 la actividad de la compa\u00f1\u00eda con el objetivo de consolidar su posicionamiento como hub global de la eficiencia energ\u00e9tica.\u00a0<\/span><\/p>\n<p><span style=\"font-weight: 400;\">Gracias a sus amplios conocimientos del sector energ\u00e9tico, y su experiencia en ventas y gesti\u00f3n, el directivo se encargar\u00e1 de liderar una nueva etapa en <\/span><b>Dexma<\/b><span style=\"font-weight: 400;\"> en un momento de pleno crecimiento y en transici\u00f3n para convertirse en Spacewell Energy. La compa\u00f1\u00eda cerr\u00f3 el a\u00f1o 2022 con una facturaci\u00f3n de 4,3 millones de euros, una cifra que supone un incremento del 20% con relaci\u00f3n al ejercicio anterior.\u00a0 Dexma, que desde 2020 forma parte de la firma tecnol\u00f3gica <\/span><b>Spacewell<\/b><span style=\"font-weight: 400;\"> (integrada en la multinacional Nemetschek), ha logrado convertirse, desde Barcelona, en el hub de energ\u00eda del grupo. Adem\u00e1s, en un contexto global marcado por el aumento de los precios de la energ\u00eda, la compa\u00f1\u00eda espa\u00f1ola contin\u00faa ampliando su cartera de clientes, tanto nacionales como internacionales, y actualmente ofrece sus soluciones a m\u00e1s de 10.000 empresas de 35 pa\u00edses distintos.<\/span><\/p>\n<p><span style=\"font-weight: 400;\">Graduado en Ingenier\u00eda de Telecomunicaciones e Ingenier\u00eda Electr\u00f3nica por la Universitat Ramon Llull, con un MBA por Esade y un postgrado en Digital Marketing por ESIC, Xavi Novella tambi\u00e9n afronta esta nueva etapa con la ambici\u00f3n de consolidar la estrategia internacional de la compa\u00f1\u00eda, y explorar nuevas oportunidades de expansi\u00f3n hacia nuevos mercados, como Estados Unidos. Durante su trayectoria profesional, el directivo ha ocupado cargos de alta responsabilidad en compa\u00f1\u00edas como Heliocor Iberia o iWall In Shop, asumiendo la direcci\u00f3n general de ambas compa\u00f1\u00edas.\u00a0<\/span><\/p>\n<p><span style=\"font-weight: 400;\">En palabras de <\/span><b>Xavi Novella<\/b><span style=\"font-weight: 400;\">: \u201cEstoy muy ilusionado de comenzar esta nueva etapa en la compa\u00f1\u00eda y, al mismo tiempo, muy agradecido a todos los compa\u00f1eros que lo han hecho posible. Desde esta nueva posici\u00f3n, continuar\u00e9 trabajando para afianzar la visi\u00f3n de Dexma, ayudando a que compa\u00f1\u00edas de todo el mundo, en todo tipo de sectores, puedan reimaginar su relaci\u00f3n con su consumo energ\u00e9tico y, de este modo, contribuir a un futuro m\u00e1s sostenible y eficiente\u201d.<\/span><\/p>\n<h3><span style=\"color: #003b6f;\">Sobre<\/span><span style=\"color: #003b6f;\"> Dexma<\/span><\/h3>\n<p><span style=\"font-weight: 400;\">Dexma proporciona inteligencia energ\u00e9tica basada en datos. Su soluci\u00f3n SaaS permite a los gestores de instalaciones y propiedades, a los proveedores de servicios energ\u00e9ticos y a los consultores informar sobre los consumos energ\u00e9ticos, analizar los patrones de uso as\u00ed como las ineficiencias, y detectar anomal\u00edas en tiempo real. Ayuda a las empresas a optimizar la eficiencia energ\u00e9tica de sus edificios y a reducir las emisiones de carbono.<\/span><\/p>\n<p><span style=\"font-weight: 400;\">Las soluciones automatizadas de gesti\u00f3n de datos energ\u00e9ticos son fundamentales para minimizar la huella ecol\u00f3gica de las organizaciones y las carteras de edificios. Con el uso de la inteligencia artificial, los datos generados por estas herramientas permiten predecir el comportamiento de los edificios, lo que permite reducir los costes energ\u00e9ticos, hacer un seguimiento del uso de los recursos naturales y mejorar el parque inmobiliario.<\/span><\/p>\n<h3><span style=\"color: #003b6f;\">Sobre<\/span><span style=\"color: #003b6f;\"> Spacewell<\/span><\/h3>\n<p><span style=\"font-weight: 400;\"><a href=\"https:\/\/spacewell.com\/\" target=\"_blank\" rel=\"noopener\">Spacewell<\/a> forma parte del Grupo Nemetschek, que cotiza en bolsa y es pionero en la transformaci\u00f3n digital del sector AEC\/O. Como uno de los principales grupos empresariales a nivel mundial, Nemetschek cubre todo el ciclo de vida de los proyectos de construcci\u00f3n e infraestructuras y gu\u00eda a sus clientes hacia el futuro de la digitalizaci\u00f3n.\u00a0<\/span><\/p>\n<p><span style=\"font-weight: 400;\">Las soluciones de software y tecnolog\u00eda de Spacewell se centran en la fase de uso de los edificios (Manage &amp; Operate). Apoyan a los gestores inmobiliarios, energ\u00e9ticos, del lugar de trabajo y de las instalaciones para mejorar el rendimiento y la sostenibilidad de sus carteras de edificios, la productividad y el bienestar de las personas que los utilizan y la calidad de los servicios que se les prestan.<\/span><\/p>\n<p><span style=\"font-weight: 400;\">Spacewell es reconocida tanto por la amplitud como por la utilidad de sus soluciones en un mercado inmobiliario cada vez m\u00e1s orientado a los ocupantes. La plataforma de gesti\u00f3n energ\u00e9tica Dexma by Spacewell aprovecha la IA para optimizar el rendimiento energ\u00e9tico de forma proactiva y continua.<\/span><\/p>\n<h3><span style=\"color: #003b6f;\">Sobre Nemetschek<\/span><\/h3>\n<p><span style=\"font-weight: 400;\">El <a href=\"https:\/\/www.nemetschek.com\/en\" target=\"_blank\" rel=\"noopener\">Grupo Nemetschek<\/a> es pionero en la transformaci\u00f3n digital en las industrias de la construcci\u00f3n y el entretenimiento. Con sus soluciones de software inteligentes, cubre todo el ciclo de vida de los proyectos de construcci\u00f3n e infraestructuras, gu\u00eda a sus clientes hacia el futuro de la digitalizaci\u00f3n y les permite dar forma al mundo. Como uno de los principales grupos empresariales del mundo en este sector, el Grupo Nemetschek aumenta la calidad del proceso de construcci\u00f3n y mejora el flujo de trabajo digital para todos los implicados. Los clientes pueden dise\u00f1ar, construir y gestionar edificios de forma m\u00e1s eficiente, sostenible y con ahorro de recursos. <\/span><\/p>\n<p><span style=\"font-weight: 400;\">La atenci\u00f3n se centra en el uso de est\u00e1ndares abiertos (OPEN BIM). La cartera tambi\u00e9n incluye soluciones digitales para la visualizaci\u00f3n, el modelado 3D y la animaci\u00f3n. Las soluciones innovadoras de las marcas ALLPLAN, Bluebeam, Crem Solutions, dRofus, FRILO, Graphisoft, Maxon, Nevaris, RISA, SCIA, Solibri, Spacewell y Vectorworks en los cuatro segmentos orientados al cliente son utilizadas por aproximadamente 6,5 millones de usuarios en todo el mundo. Fundado por el profesor Georg Nemetschek en 1963, el Grupo Nemetschek cuenta hoy con unos 3.400 expertos en todo el mundo.\u00a0<\/span><\/p>\n<p><span style=\"font-weight: 400;\">La empresa, que cotiza en bolsa desde 1999 y en el MDAX y el TecDAX, obtuvo unos ingresos de 681,5 millones de euros y un EBITDA de 222,0 millones de euros en 2021.<\/span><\/p>\n<p>&nbsp;<\/p>\n<p><strong><span style=\"color: #009698;\">Para m\u00e1s informaci\u00f3n:<\/span><\/strong><br \/>\n<strong>Elodie Guillard<\/strong><br \/>\nMarketing Director<br \/>\neguillard@dexma.com<\/p>\n<\/div>\n","protected":false},"excerpt":{"rendered":"<p>Barcelona, 21 de marzo de 2023 &#8211; Dexma, compa\u00f1\u00eda proveedora de soluciones de gesti\u00f3n de la energ\u00eda para edificios, retail e industria, ha nombrado a Xavi Novella como nuevo Director General. Tras ocupar el cargo de Director de Operaciones y \u00c9xito del Cliente en Dexma desde 2015, desde su nueva posici\u00f3n Novella coordinar\u00e1 la actividad [&hellip;]<\/p>\n","protected":false},"author":39,"featured_media":34817,"comment_status":"closed","ping_status":"open","sticky":false,"template":"","format":"standard","meta":{"_acf_changed":false,"footnotes":""},"categories":[36,85],"tags":[],"class_list":["post-34816","post","type-post","status-publish","format-standard","has-post-thumbnail","hentry","category-blog","category-noticias","generate-columns","tablet-grid-50","mobile-grid-100","grid-parent","grid-50","no-featured-image-padding"],"acf":[],"yoast_head":"<!-- This site is optimized with the Yoast SEO Premium plugin v26.0 (Yoast SEO v27.4) - https:\/\/yoast.com\/product\/yoast-seo-premium-wordpress\/ -->\n<title>Xavi Novella es nombrado Nuevo Director General de Spacewell Energy - Spacewell | A Nemetschek Company<\/title>\n<meta name=\"robots\" content=\"index, follow, max-snippet:-1, max-image-preview:large, max-video-preview:-1\" \/>\n<link rel=\"canonical\" href=\"https:\/\/spacewell.com\/es\/recursos\/blog\/xavi-novella-es-nombrado-nuevo-director-general-de-spacewell-energy\/\" \/>\n<meta property=\"og:locale\" content=\"es_ES\" \/>\n<meta property=\"og:type\" content=\"article\" \/>\n<meta property=\"og:title\" content=\"Xavi Novella es nombrado Nuevo Director General de Spacewell Energy\" \/>\n<meta property=\"og:description\" content=\"Barcelona, 21 de marzo de 2023 &#8211; Dexma, compa\u00f1\u00eda proveedora de soluciones de gesti\u00f3n de la energ\u00eda para edificios, retail e industria, ha nombrado a Xavi Novella como nuevo Director General. Tras ocupar el cargo de Director de Operaciones y \u00c9xito del Cliente en Dexma desde 2015, desde su nueva posici\u00f3n Novella coordinar\u00e1 la actividad [&hellip;]\" \/>\n<meta property=\"og:url\" content=\"https:\/\/spacewell.com\/es\/recursos\/blog\/xavi-novella-es-nombrado-nuevo-director-general-de-spacewell-energy\/\" \/>\n<meta property=\"og:site_name\" content=\"Spacewell | A Nemetschek Company\" \/>\n<meta property=\"article:publisher\" content=\"https:\/\/www.facebook.com\/SpacewellHQ\" \/>\n<meta property=\"article:published_time\" content=\"2023-03-21T10:17:46+00:00\" \/>\n<meta property=\"article:modified_time\" content=\"2025-06-24T12:07:02+00:00\" \/>\n<meta property=\"og:image\" content=\"https:\/\/spacewell.com\/wp-content\/uploads\/2023\/03\/ES-Dexma-Appoints-Xavi-Novella-as-new-senior-vicepresident-1.png\" \/>\n\t<meta property=\"og:image:width\" content=\"560\" \/>\n\t<meta property=\"og:image:height\" content=\"315\" \/>\n\t<meta property=\"og:image:type\" content=\"image\/png\" \/>\n<meta name=\"author\" content=\"GR DEV\" \/>\n<meta name=\"twitter:card\" content=\"summary_large_image\" \/>\n<meta name=\"twitter:creator\" content=\"@Spacewell_HQ\" \/>\n<meta name=\"twitter:site\" content=\"@Spacewell_HQ\" \/>\n<meta name=\"twitter:label1\" content=\"Escrito por\" \/>\n\t<meta name=\"twitter:data1\" content=\"GR DEV\" \/>\n\t<meta name=\"twitter:label2\" content=\"Tiempo de lectura\" \/>\n\t<meta name=\"twitter:data2\" content=\"5 minutos\" \/>\n<script type=\"application\/ld+json\" class=\"yoast-schema-graph\">{\"@context\":\"https:\\\/\\\/schema.org\",\"@graph\":[{\"@type\":\"Article\",\"@id\":\"https:\\\/\\\/spacewell.com\\\/es\\\/recursos\\\/blog\\\/xavi-novella-es-nombrado-nuevo-director-general-de-spacewell-energy\\\/#article\",\"isPartOf\":{\"@id\":\"https:\\\/\\\/spacewell.com\\\/es\\\/recursos\\\/blog\\\/xavi-novella-es-nombrado-nuevo-director-general-de-spacewell-energy\\\/\"},\"author\":{\"name\":\"GR DEV\",\"@id\":\"https:\\\/\\\/spacewell.com\\\/es\\\/#\\\/schema\\\/person\\\/3ab9f25a5170063123a203b278975eb8\"},\"headline\":\"Xavi Novella es nombrado Nuevo Director General de Spacewell Energy\",\"datePublished\":\"2023-03-21T10:17:46+00:00\",\"dateModified\":\"2025-06-24T12:07:02+00:00\",\"mainEntityOfPage\":{\"@id\":\"https:\\\/\\\/spacewell.com\\\/es\\\/recursos\\\/blog\\\/xavi-novella-es-nombrado-nuevo-director-general-de-spacewell-energy\\\/\"},\"wordCount\":981,\"publisher\":{\"@id\":\"https:\\\/\\\/spacewell.com\\\/es\\\/#organization\"},\"image\":{\"@id\":\"https:\\\/\\\/spacewell.com\\\/es\\\/recursos\\\/blog\\\/xavi-novella-es-nombrado-nuevo-director-general-de-spacewell-energy\\\/#primaryimage\"},\"thumbnailUrl\":\"https:\\\/\\\/spacewell.com\\\/wp-content\\\/uploads\\\/2023\\\/03\\\/ES-Dexma-Appoints-Xavi-Novella-as-new-senior-vicepresident-1.png\",\"articleSection\":[\"Blog\",\"Noticias\"],\"inLanguage\":\"es\"},{\"@type\":\"WebPage\",\"@id\":\"https:\\\/\\\/spacewell.com\\\/es\\\/recursos\\\/blog\\\/xavi-novella-es-nombrado-nuevo-director-general-de-spacewell-energy\\\/\",\"url\":\"https:\\\/\\\/spacewell.com\\\/es\\\/recursos\\\/blog\\\/xavi-novella-es-nombrado-nuevo-director-general-de-spacewell-energy\\\/\",\"name\":\"Xavi Novella es nombrado Nuevo Director General de Spacewell Energy - Spacewell | A Nemetschek Company\",\"isPartOf\":{\"@id\":\"https:\\\/\\\/spacewell.com\\\/es\\\/#website\"},\"primaryImageOfPage\":{\"@id\":\"https:\\\/\\\/spacewell.com\\\/es\\\/recursos\\\/blog\\\/xavi-novella-es-nombrado-nuevo-director-general-de-spacewell-energy\\\/#primaryimage\"},\"image\":{\"@id\":\"https:\\\/\\\/spacewell.com\\\/es\\\/recursos\\\/blog\\\/xavi-novella-es-nombrado-nuevo-director-general-de-spacewell-energy\\\/#primaryimage\"},\"thumbnailUrl\":\"https:\\\/\\\/spacewell.com\\\/wp-content\\\/uploads\\\/2023\\\/03\\\/ES-Dexma-Appoints-Xavi-Novella-as-new-senior-vicepresident-1.png\",\"datePublished\":\"2023-03-21T10:17:46+00:00\",\"dateModified\":\"2025-06-24T12:07:02+00:00\",\"breadcrumb\":{\"@id\":\"https:\\\/\\\/spacewell.com\\\/es\\\/recursos\\\/blog\\\/xavi-novella-es-nombrado-nuevo-director-general-de-spacewell-energy\\\/#breadcrumb\"},\"inLanguage\":\"es\",\"potentialAction\":[{\"@type\":\"ReadAction\",\"target\":[\"https:\\\/\\\/spacewell.com\\\/es\\\/recursos\\\/blog\\\/xavi-novella-es-nombrado-nuevo-director-general-de-spacewell-energy\\\/\"]}]},{\"@type\":\"ImageObject\",\"inLanguage\":\"es\",\"@id\":\"https:\\\/\\\/spacewell.com\\\/es\\\/recursos\\\/blog\\\/xavi-novella-es-nombrado-nuevo-director-general-de-spacewell-energy\\\/#primaryimage\",\"url\":\"https:\\\/\\\/spacewell.com\\\/wp-content\\\/uploads\\\/2023\\\/03\\\/ES-Dexma-Appoints-Xavi-Novella-as-new-senior-vicepresident-1.png\",\"contentUrl\":\"https:\\\/\\\/spacewell.com\\\/wp-content\\\/uploads\\\/2023\\\/03\\\/ES-Dexma-Appoints-Xavi-Novella-as-new-senior-vicepresident-1.png\",\"width\":560,\"height\":315},{\"@type\":\"BreadcrumbList\",\"@id\":\"https:\\\/\\\/spacewell.com\\\/es\\\/recursos\\\/blog\\\/xavi-novella-es-nombrado-nuevo-director-general-de-spacewell-energy\\\/#breadcrumb\",\"itemListElement\":[{\"@type\":\"ListItem\",\"position\":1,\"name\":\"Home\",\"item\":\"https:\\\/\\\/spacewell.com\\\/es\\\/\"},{\"@type\":\"ListItem\",\"position\":2,\"name\":\"Xavi Novella es nombrado Nuevo Director General de Spacewell Energy\"}]},{\"@type\":\"WebSite\",\"@id\":\"https:\\\/\\\/spacewell.com\\\/es\\\/#website\",\"url\":\"https:\\\/\\\/spacewell.com\\\/es\\\/\",\"name\":\"Spacewell | A Nemetschek Company\",\"description\":\"Make buildings work for people\",\"publisher\":{\"@id\":\"https:\\\/\\\/spacewell.com\\\/es\\\/#organization\"},\"potentialAction\":[{\"@type\":\"SearchAction\",\"target\":{\"@type\":\"EntryPoint\",\"urlTemplate\":\"https:\\\/\\\/spacewell.com\\\/es\\\/?s={search_term_string}\"},\"query-input\":{\"@type\":\"PropertyValueSpecification\",\"valueRequired\":true,\"valueName\":\"search_term_string\"}}],\"inLanguage\":\"es\"},{\"@type\":\"Organization\",\"@id\":\"https:\\\/\\\/spacewell.com\\\/es\\\/#organization\",\"name\":\"Spacewell | A Nemetschek Company\",\"url\":\"https:\\\/\\\/spacewell.com\\\/es\\\/\",\"logo\":{\"@type\":\"ImageObject\",\"inLanguage\":\"es\",\"@id\":\"https:\\\/\\\/spacewell.com\\\/es\\\/#\\\/schema\\\/logo\\\/image\\\/\",\"url\":\"https:\\\/\\\/spacewell.com\\\/wp-content\\\/uploads\\\/2023\\\/05\\\/spacewell-logo-500x88-1.webp\",\"contentUrl\":\"https:\\\/\\\/spacewell.com\\\/wp-content\\\/uploads\\\/2023\\\/05\\\/spacewell-logo-500x88-1.webp\",\"width\":500,\"height\":88,\"caption\":\"Spacewell | A Nemetschek Company\"},\"image\":{\"@id\":\"https:\\\/\\\/spacewell.com\\\/es\\\/#\\\/schema\\\/logo\\\/image\\\/\"},\"sameAs\":[\"https:\\\/\\\/www.facebook.com\\\/SpacewellHQ\",\"https:\\\/\\\/x.com\\\/Spacewell_HQ\"]},{\"@type\":\"Person\",\"@id\":\"https:\\\/\\\/spacewell.com\\\/es\\\/#\\\/schema\\\/person\\\/3ab9f25a5170063123a203b278975eb8\",\"name\":\"GR DEV\",\"image\":{\"@type\":\"ImageObject\",\"inLanguage\":\"es\",\"@id\":\"https:\\\/\\\/secure.gravatar.com\\\/avatar\\\/9c441388245d3fac0379458f7558a0cf897d50b2cbbc2f90fe4bc9396e01c79d?s=96&d=mm&r=g\",\"url\":\"https:\\\/\\\/secure.gravatar.com\\\/avatar\\\/9c441388245d3fac0379458f7558a0cf897d50b2cbbc2f90fe4bc9396e01c79d?s=96&d=mm&r=g\",\"contentUrl\":\"https:\\\/\\\/secure.gravatar.com\\\/avatar\\\/9c441388245d3fac0379458f7558a0cf897d50b2cbbc2f90fe4bc9396e01c79d?s=96&d=mm&r=g\",\"caption\":\"GR DEV\"},\"url\":\"https:\\\/\\\/spacewell.com\\\/es\\\/author\\\/gr-dev\\\/\"}]}<\/script>\n<!-- \/ Yoast SEO Premium plugin. -->","yoast_head_json":{"title":"Xavi Novella es nombrado Nuevo Director General de Spacewell Energy - Spacewell | A Nemetschek Company","robots":{"index":"index","follow":"follow","max-snippet":"max-snippet:-1","max-image-preview":"max-image-preview:large","max-video-preview":"max-video-preview:-1"},"canonical":"https:\/\/spacewell.com\/es\/recursos\/blog\/xavi-novella-es-nombrado-nuevo-director-general-de-spacewell-energy\/","og_locale":"es_ES","og_type":"article","og_title":"Xavi Novella es nombrado Nuevo Director General de Spacewell Energy","og_description":"Barcelona, 21 de marzo de 2023 &#8211; Dexma, compa\u00f1\u00eda proveedora de soluciones de gesti\u00f3n de la energ\u00eda para edificios, retail e industria, ha nombrado a Xavi Novella como nuevo Director General. Tras ocupar el cargo de Director de Operaciones y \u00c9xito del Cliente en Dexma desde 2015, desde su nueva posici\u00f3n Novella coordinar\u00e1 la actividad [&hellip;]","og_url":"https:\/\/spacewell.com\/es\/recursos\/blog\/xavi-novella-es-nombrado-nuevo-director-general-de-spacewell-energy\/","og_site_name":"Spacewell | A Nemetschek Company","article_publisher":"https:\/\/www.facebook.com\/SpacewellHQ","article_published_time":"2023-03-21T10:17:46+00:00","article_modified_time":"2025-06-24T12:07:02+00:00","og_image":[{"width":560,"height":315,"url":"https:\/\/spacewell.com\/wp-content\/uploads\/2023\/03\/ES-Dexma-Appoints-Xavi-Novella-as-new-senior-vicepresident-1.png","type":"image\/png"}],"author":"GR DEV","twitter_card":"summary_large_image","twitter_creator":"@Spacewell_HQ","twitter_site":"@Spacewell_HQ","twitter_misc":{"Escrito por":"GR DEV","Tiempo de lectura":"5 minutos"},"schema":{"@context":"https:\/\/schema.org","@graph":[{"@type":"Article","@id":"https:\/\/spacewell.com\/es\/recursos\/blog\/xavi-novella-es-nombrado-nuevo-director-general-de-spacewell-energy\/#article","isPartOf":{"@id":"https:\/\/spacewell.com\/es\/recursos\/blog\/xavi-novella-es-nombrado-nuevo-director-general-de-spacewell-energy\/"},"author":{"name":"GR DEV","@id":"https:\/\/spacewell.com\/es\/#\/schema\/person\/3ab9f25a5170063123a203b278975eb8"},"headline":"Xavi Novella es nombrado Nuevo Director General de Spacewell Energy","datePublished":"2023-03-21T10:17:46+00:00","dateModified":"2025-06-24T12:07:02+00:00","mainEntityOfPage":{"@id":"https:\/\/spacewell.com\/es\/recursos\/blog\/xavi-novella-es-nombrado-nuevo-director-general-de-spacewell-energy\/"},"wordCount":981,"publisher":{"@id":"https:\/\/spacewell.com\/es\/#organization"},"image":{"@id":"https:\/\/spacewell.com\/es\/recursos\/blog\/xavi-novella-es-nombrado-nuevo-director-general-de-spacewell-energy\/#primaryimage"},"thumbnailUrl":"https:\/\/spacewell.com\/wp-content\/uploads\/2023\/03\/ES-Dexma-Appoints-Xavi-Novella-as-new-senior-vicepresident-1.png","articleSection":["Blog","Noticias"],"inLanguage":"es"},{"@type":"WebPage","@id":"https:\/\/spacewell.com\/es\/recursos\/blog\/xavi-novella-es-nombrado-nuevo-director-general-de-spacewell-energy\/","url":"https:\/\/spacewell.com\/es\/recursos\/blog\/xavi-novella-es-nombrado-nuevo-director-general-de-spacewell-energy\/","name":"Xavi Novella es nombrado Nuevo Director General de Spacewell Energy - Spacewell | A Nemetschek Company","isPartOf":{"@id":"https:\/\/spacewell.com\/es\/#website"},"primaryImageOfPage":{"@id":"https:\/\/spacewell.com\/es\/recursos\/blog\/xavi-novella-es-nombrado-nuevo-director-general-de-spacewell-energy\/#primaryimage"},"image":{"@id":"https:\/\/spacewell.com\/es\/recursos\/blog\/xavi-novella-es-nombrado-nuevo-director-general-de-spacewell-energy\/#primaryimage"},"thumbnailUrl":"https:\/\/spacewell.com\/wp-content\/uploads\/2023\/03\/ES-Dexma-Appoints-Xavi-Novella-as-new-senior-vicepresident-1.png","datePublished":"2023-03-21T10:17:46+00:00","dateModified":"2025-06-24T12:07:02+00:00","breadcrumb":{"@id":"https:\/\/spacewell.com\/es\/recursos\/blog\/xavi-novella-es-nombrado-nuevo-director-general-de-spacewell-energy\/#breadcrumb"},"inLanguage":"es","potentialAction":[{"@type":"ReadAction","target":["https:\/\/spacewell.com\/es\/recursos\/blog\/xavi-novella-es-nombrado-nuevo-director-general-de-spacewell-energy\/"]}]},{"@type":"ImageObject","inLanguage":"es","@id":"https:\/\/spacewell.com\/es\/recursos\/blog\/xavi-novella-es-nombrado-nuevo-director-general-de-spacewell-energy\/#primaryimage","url":"https:\/\/spacewell.com\/wp-content\/uploads\/2023\/03\/ES-Dexma-Appoints-Xavi-Novella-as-new-senior-vicepresident-1.png","contentUrl":"https:\/\/spacewell.com\/wp-content\/uploads\/2023\/03\/ES-Dexma-Appoints-Xavi-Novella-as-new-senior-vicepresident-1.png","width":560,"height":315},{"@type":"BreadcrumbList","@id":"https:\/\/spacewell.com\/es\/recursos\/blog\/xavi-novella-es-nombrado-nuevo-director-general-de-spacewell-energy\/#breadcrumb","itemListElement":[{"@type":"ListItem","position":1,"name":"Home","item":"https:\/\/spacewell.com\/es\/"},{"@type":"ListItem","position":2,"name":"Xavi Novella es nombrado Nuevo Director General de Spacewell Energy"}]},{"@type":"WebSite","@id":"https:\/\/spacewell.com\/es\/#website","url":"https:\/\/spacewell.com\/es\/","name":"Spacewell | A Nemetschek Company","description":"Make buildings work for people","publisher":{"@id":"https:\/\/spacewell.com\/es\/#organization"},"potentialAction":[{"@type":"SearchAction","target":{"@type":"EntryPoint","urlTemplate":"https:\/\/spacewell.com\/es\/?s={search_term_string}"},"query-input":{"@type":"PropertyValueSpecification","valueRequired":true,"valueName":"search_term_string"}}],"inLanguage":"es"},{"@type":"Organization","@id":"https:\/\/spacewell.com\/es\/#organization","name":"Spacewell | A Nemetschek Company","url":"https:\/\/spacewell.com\/es\/","logo":{"@type":"ImageObject","inLanguage":"es","@id":"https:\/\/spacewell.com\/es\/#\/schema\/logo\/image\/","url":"https:\/\/spacewell.com\/wp-content\/uploads\/2023\/05\/spacewell-logo-500x88-1.webp","contentUrl":"https:\/\/spacewell.com\/wp-content\/uploads\/2023\/05\/spacewell-logo-500x88-1.webp","width":500,"height":88,"caption":"Spacewell | A Nemetschek Company"},"image":{"@id":"https:\/\/spacewell.com\/es\/#\/schema\/logo\/image\/"},"sameAs":["https:\/\/www.facebook.com\/SpacewellHQ","https:\/\/x.com\/Spacewell_HQ"]},{"@type":"Person","@id":"https:\/\/spacewell.com\/es\/#\/schema\/person\/3ab9f25a5170063123a203b278975eb8","name":"GR DEV","image":{"@type":"ImageObject","inLanguage":"es","@id":"https:\/\/secure.gravatar.com\/avatar\/9c441388245d3fac0379458f7558a0cf897d50b2cbbc2f90fe4bc9396e01c79d?s=96&d=mm&r=g","url":"https:\/\/secure.gravatar.com\/avatar\/9c441388245d3fac0379458f7558a0cf897d50b2cbbc2f90fe4bc9396e01c79d?s=96&d=mm&r=g","contentUrl":"https:\/\/secure.gravatar.com\/avatar\/9c441388245d3fac0379458f7558a0cf897d50b2cbbc2f90fe4bc9396e01c79d?s=96&d=mm&r=g","caption":"GR DEV"},"url":"https:\/\/spacewell.com\/es\/author\/gr-dev\/"}]}},"_links":{"self":[{"href":"https:\/\/spacewell.com\/es\/wp-json\/wp\/v2\/posts\/34816","targetHints":{"allow":["GET"]}}],"collection":[{"href":"https:\/\/spacewell.com\/es\/wp-json\/wp\/v2\/posts"}],"about":[{"href":"https:\/\/spacewell.com\/es\/wp-json\/wp\/v2\/types\/post"}],"author":[{"embeddable":true,"href":"https:\/\/spacewell.com\/es\/wp-json\/wp\/v2\/users\/39"}],"replies":[{"embeddable":true,"href":"https:\/\/spacewell.com\/es\/wp-json\/wp\/v2\/comments?post=34816"}],"version-history":[{"count":11,"href":"https:\/\/spacewell.com\/es\/wp-json\/wp\/v2\/posts\/34816\/revisions"}],"predecessor-version":[{"id":34880,"href":"https:\/\/spacewell.com\/es\/wp-json\/wp\/v2\/posts\/34816\/revisions\/34880"}],"wp:featuredmedia":[{"embeddable":true,"href":"https:\/\/spacewell.com\/es\/wp-json\/wp\/v2\/media\/34817"}],"wp:attachment":[{"href":"https:\/\/spacewell.com\/es\/wp-json\/wp\/v2\/media?parent=34816"}],"wp:term":[{"taxonomy":"category","embeddable":true,"href":"https:\/\/spacewell.com\/es\/wp-json\/wp\/v2\/categories?post=34816"},{"taxonomy":"post_tag","embeddable":true,"href":"https:\/\/spacewell.com\/es\/wp-json\/wp\/v2\/tags?post=34816"}],"curies":[{"name":"wp","href":"https:\/\/api.w.org\/{rel}","templated":true}]}}