


{"id":20541,"date":"2023-09-04T10:39:00","date_gmt":"2023-09-04T08:39:00","guid":{"rendered":"https:\/\/spacewell.com\/sin-categorizar\/el-gobierno-central-neerlandes-pone-en-marcha-un-proyecto-piloto-sobre-gestion-del-lugar-de-trabajo-en-toda-la-administracion\/"},"modified":"2023-10-02T13:23:45","modified_gmt":"2023-10-02T11:23:45","slug":"el-gobierno-central-neerlandes-pone-en-marcha-un-proyecto-piloto-sobre-gestion-del-lugar-de-trabajo-en-toda-la-administracion","status":"publish","type":"post","link":"https:\/\/spacewell.com\/es\/empresa\/noticias\/el-gobierno-central-neerlandes-pone-en-marcha-un-proyecto-piloto-sobre-gestion-del-lugar-de-trabajo-en-toda-la-administracion\/","title":{"rendered":"El Gobierno central neerland\u00e9s pone en marcha un proyecto piloto sobre gesti\u00f3n del lugar de trabajo en toda la Administraci\u00f3n"},"content":{"rendered":"<div class=\"gb-container gb-container-922dfe1a gb-container-5731d80c\">\n\n<ul class=\"wp-block-list\">\n<li>Encuentre y reserve f\u00e1cil y r\u00e1pidamente espacios de trabajo (compartidos) en oficinas de todo el pa\u00eds.<\/li>\n\n\n\n<li>El sistema de gesti\u00f3n del espacio de trabajo (WMS) proporciona informaci\u00f3n an\u00f3nima basada en datos para adaptar mejor el entorno de trabajo a su utilizaci\u00f3n y para contribuir al trabajo h\u00edbrido, la captaci\u00f3n de talentos, la sostenibilidad y el uso responsable del espacio.<\/li>\n<\/ul>\n\n\n\n<p><strong>El Gobierno central quiere que, de aqu\u00ed a 2027, todos los funcionarios puedan trabajar en la ubicaci\u00f3n que m\u00e1s les convenga. El trabajo h\u00edbrido es la norma y el sistema de gesti\u00f3n del espacio de trabajo permite este proceso. Tras una licitaci\u00f3n \u00fanica en Europa con jornadas de di\u00e1logo con proveedores y pruebas de usuario con empleados de la Administraci\u00f3n, el Gobierno central ha elegido Spacewell como socio para la implantaci\u00f3n de un sistema de gesti\u00f3n del espacio de trabajo (WMS).   <\/strong><\/p>\n\n\n\n<p>Andr\u00e9 Weimar, director de Pol\u00edtica de Contrataci\u00f3n P\u00fablica, Instalaciones y Vivienda, Ministerio del Interior y Relaciones con el Reino:<em> \u00abEl trabajo h\u00edbrido ha cambiado realmente el uso de las oficinas gubernamentales. Creemos que es importante que nuestro personal conozca mucho mejor la disponibilidad actual de lugares de trabajo y salas de reuniones y que pueda hacer reservas, lo que nos permite a todos utilizar mejor y m\u00e1s f\u00e1cilmente las oficinas. El WMS tambi\u00e9n ofrece la posibilidad de encontrar y reservar espacios de trabajo m\u00e1s cerca de sus domicilios y colaborar m\u00e1s c\u00f3modamente en distintas partes del pa\u00eds, superando los l\u00edmites organizativos, tanto dentro como fuera del gobierno y conjuntamente con la sociedad. Adem\u00e1s, los conocimientos del WMS ayudan a empezar a utilizar nuestras oficinas de forma m\u00e1s eficiente.\u00bb<\/em><\/p>\n\n<\/div>\n\n<div class=\"gb-container gb-container-8dca9b2a\">\n<div class=\"gb-grid-wrapper gb-grid-wrapper-350cf05a\">\n<div class=\"gb-grid-column gb-grid-column-03dddeb8\"><div class=\"gb-container gb-container-03dddeb8\">\n\n<figure class=\"gb-block-image gb-block-image-81eaf57f\"><img loading=\"lazy\" decoding=\"async\" width=\"1024\" height=\"683\" class=\"gb-image gb-image-81eaf57f gb-image-b19acb23\" src=\"https:\/\/spacewell.com\/wp-content\/uploads\/2023\/09\/wms-signing-1024x683.png\" alt=\"Gente viendo la presentaci\u00f3n\" srcset=\"https:\/\/spacewell.com\/wp-content\/uploads\/2023\/09\/wms-signing-1024x683.png 1024w, https:\/\/spacewell.com\/wp-content\/uploads\/2023\/09\/wms-signing-500x333.png 500w, https:\/\/spacewell.com\/wp-content\/uploads\/2023\/09\/wms-signing-768x512.png 768w, https:\/\/spacewell.com\/wp-content\/uploads\/2023\/09\/wms-signing.png 1200w\" sizes=\"auto, (max-width: 1024px) 100vw, 1024px\" \/><\/figure>\n\n<\/div><\/div>\n\n<div class=\"gb-grid-column gb-grid-column-87ffe6e9\"><div class=\"gb-container gb-container-87ffe6e9\">\n\n<figure class=\"gb-block-image gb-block-image-313f9d71\"><img loading=\"lazy\" decoding=\"async\" width=\"1024\" height=\"683\" class=\"gb-image gb-image-313f9d71 gb-image-b19acb23\" src=\"https:\/\/spacewell.com\/wp-content\/uploads\/2023\/10\/wms-signing-speaker-1024x683.png\" alt=\"orador en la firma del WMS\" srcset=\"https:\/\/spacewell.com\/wp-content\/uploads\/2023\/10\/wms-signing-speaker-1024x683.png 1024w, https:\/\/spacewell.com\/wp-content\/uploads\/2023\/10\/wms-signing-speaker-500x333.png 500w, https:\/\/spacewell.com\/wp-content\/uploads\/2023\/10\/wms-signing-speaker-768x512.png 768w, https:\/\/spacewell.com\/wp-content\/uploads\/2023\/10\/wms-signing-speaker.png 1200w\" sizes=\"auto, (max-width: 1024px) 100vw, 1024px\" \/><\/figure>\n\n<\/div><\/div>\n<\/div>\n<\/div>\n\n<div class=\"gb-container gb-container-5c5cf66e gb-container-5731d80c\">\n\n<h2 class=\"gb-headline gb-headline-6e56dcba gb-headline-text\">Flexibilidad y seguridad<\/h2>\n\n\n\n<p>Con el WMS, los empleados pueden ver con antelaci\u00f3n y en tiempo real en planos de planta digitales d\u00f3nde hay espacios de trabajo disponibles en un edificio, incluidas las instalaciones de cada lugar.<\/p>\n\n\n\n<p>Martijn Cov\u00e9, del Ministerio del Interior y Relaciones con el Reino: <em>\u00abEl WMS ofrece a los empleados p\u00fablicos comodidad, flexibilidad y seguridad. Todos pueden usar una misma aplicaci\u00f3n para reservar un espacio de trabajo en las oficinas gubernamentales de todo el pa\u00eds. Eso significa, por ejemplo, que un d\u00eda se puede trabajar o reunirse en equipo en \u00c1msterdam y otro d\u00eda en Utrecht o Leiden, lo que resulte m\u00e1s conveniente en t\u00e9rminos de tiempo de desplazamiento, composici\u00f3n del equipo o actividades.\u00bb<\/em><\/p>\n\n\n\n<h2 class=\"gb-headline gb-headline-d80c60e9 gb-headline-text\">Informaci\u00f3n valiosa<\/h2>\n\n\n\n<p>Carina van den Heuvel, directora de Grandes Cuentas de Spacewell: <em>\u00abEn Spacewell, estamos entusiasmados con este proyecto y con la forma en que surgi\u00f3 la colaboraci\u00f3n, incluidas las pruebas de usuario durante la fase de selecci\u00f3n para que los empleados del gobierno tuvieran voz en la elecci\u00f3n del WMS, lo que no puede sino beneficiar su adopci\u00f3n. Con los datos de las reservas y los sensores, podemos ajustar con mayor precisi\u00f3n el entorno de trabajo seg\u00fan los deseos y necesidades de los empleados. Estamos muy contentos de contribuir a ello con nuestra <a href=\"https:\/\/spacewell.com\/es\/soluciones\/soluciones-para-el-espacio-de-trabajo\/\">soluci\u00f3n Workplace<\/a>.\u00bb   <\/em><\/p>\n\n\n\n<h2 class=\"gb-headline gb-headline-12199903 gb-headline-text\">Privacidad garantizada<\/h2>\n\n\n\n<p>Tanto para el Gobierno central como para el socio seleccionado, Spacewell, la privacidad es esencial. Para medir la ocupaci\u00f3n real, los sensores detectan si hay \u00abalgo\u00bb o \u00abnada\u00bb en un espacio, sin c\u00e1maras. Los datos procedentes de las reservas, la ocupaci\u00f3n y los sensores est\u00e1n anonimizados y no permiten identificar a las personas.   <\/p>\n\n\n\n<h2 class=\"gb-headline gb-headline-78c6657f gb-headline-text\">Pruebas piloto en oficinas gubernamentales<\/h2>\n\n\n\n<p>El contrato, de 20 a\u00f1os de duraci\u00f3n, comenzar\u00e1 en oto\u00f1o de 2023 con una prueba piloto en 8 oficinas gubernamentales en Den Bosch, Eindhoven, Utrecht, \u00c1msterdam, La Haya y Leiden. Se instalar\u00e1n 14.500 sensores de movimiento en ocho oficinas gubernamentales desde oto\u00f1o de 2023 hasta mediados de 2024. La inversi\u00f3n para la fase piloto es de 1,5 millones de euros. En funci\u00f3n de la informaci\u00f3n y la experiencia adquiridas en el proyecto piloto, a finales de 2024 se decidir\u00e1 si se implanta el sistema Workplace Management en m\u00e1s oficinas de la Administraci\u00f3n.   <\/p>\n\n\n\n<h2 class=\"gb-headline gb-headline-971b47e7 gb-headline-text\">Acerca del Ministerio de Interior y Relaciones con el Reino de los Pa\u00edses Bajos<\/h2>\n\n\n\n<p>El Ministerio de Interior y Relaciones del Reino de los Pa\u00edses Bajos es responsable, entre otras cosas, de la vivienda de las oficinas gubernamentales, las buenas pr\u00e1cticas de empleo y la tendencia al trabajo h\u00edbrido. Para m\u00e1s informaci\u00f3n sobre la visi\u00f3n gubernamental del trabajo h\u00edbrido, visite <a href=\"http:\/\/www.watwerktvooronsrijk.nl\/\">www.watwerktvooronsrijk.nl<\/a> (en neerland\u00e9s). <\/p>\n\n<\/div>","protected":false},"excerpt":{"rendered":"<p>El Gobierno central quiere que, de aqu\u00ed a 2027, todos los funcionarios puedan trabajar en la ubicaci\u00f3n que m\u00e1s les convenga. El trabajo h\u00edbrido es la norma y el sistema de gesti\u00f3n del espacio de trabajo permite este proceso. Tras una licitaci\u00f3n \u00fanica en Europa con jornadas de di\u00e1logo con proveedores y pruebas de usuario &#8230; <a title=\"El Gobierno central neerland\u00e9s pone en marcha un proyecto piloto sobre gesti\u00f3n del lugar de trabajo en toda la Administraci\u00f3n\" class=\"read-more\" href=\"https:\/\/spacewell.com\/es\/empresa\/noticias\/el-gobierno-central-neerlandes-pone-en-marcha-un-proyecto-piloto-sobre-gestion-del-lugar-de-trabajo-en-toda-la-administracion\/\" aria-label=\"Leer m\u00e1s sobre El Gobierno central neerland\u00e9s pone en marcha un proyecto piloto sobre gesti\u00f3n del lugar de trabajo en toda la Administraci\u00f3n\">Leer m\u00e1s<\/a><\/p>\n","protected":false},"author":29,"featured_media":20492,"comment_status":"closed","ping_status":"open","sticky":false,"template":"","format":"standard","meta":{"_acf_changed":false,"footnotes":""},"categories":[85],"tags":[],"class_list":["post-20541","post","type-post","status-publish","format-standard","has-post-thumbnail","hentry","category-noticias","generate-columns","tablet-grid-50","mobile-grid-100","grid-parent","grid-50","no-featured-image-padding"],"acf":[],"yoast_head":"<!-- This site is optimized with the Yoast SEO Premium plugin v26.0 (Yoast SEO v27.5) - https:\/\/yoast.com\/product\/yoast-seo-premium-wordpress\/ -->\n<title>Gesti\u00f3n del lugar de trabajo | El Gobierno central neerland\u00e9s &amp; Spacewell<\/title>\n<meta name=\"description\" content=\"El Gobierno central ha elegido Spacewell como socio para la implantaci\u00f3n de un sistema de gesti\u00f3n del espacio de trabajo.\" \/>\n<meta name=\"robots\" content=\"index, follow, max-snippet:-1, max-image-preview:large, max-video-preview:-1\" \/>\n<link rel=\"canonical\" href=\"https:\/\/spacewell.com\/es\/empresa\/noticias\/el-gobierno-central-neerlandes-pone-en-marcha-un-proyecto-piloto-sobre-gestion-del-lugar-de-trabajo-en-toda-la-administracion\/\" \/>\n<meta property=\"og:locale\" content=\"es_ES\" \/>\n<meta property=\"og:type\" content=\"article\" \/>\n<meta property=\"og:title\" content=\"El Gobierno central neerland\u00e9s pone en marcha un proyecto piloto sobre gesti\u00f3n del lugar de trabajo en toda la Administraci\u00f3n\" \/>\n<meta property=\"og:description\" content=\"El Gobierno central ha elegido Spacewell como socio para la implantaci\u00f3n de un sistema de gesti\u00f3n del espacio de trabajo.\" \/>\n<meta property=\"og:url\" content=\"https:\/\/spacewell.com\/es\/empresa\/noticias\/el-gobierno-central-neerlandes-pone-en-marcha-un-proyecto-piloto-sobre-gestion-del-lugar-de-trabajo-en-toda-la-administracion\/\" \/>\n<meta property=\"og:site_name\" content=\"Spacewell | A Nemetschek Company\" \/>\n<meta property=\"article:publisher\" content=\"https:\/\/www.facebook.com\/SpacewellHQ\" \/>\n<meta property=\"article:published_time\" content=\"2023-09-04T08:39:00+00:00\" \/>\n<meta property=\"article:modified_time\" content=\"2023-10-02T11:23:45+00:00\" \/>\n<meta property=\"og:image\" content=\"https:\/\/spacewell.com\/wp-content\/uploads\/2023\/10\/andre-weimar-and-wouter-hartemink-shaking-hands-1200x630-1.png\" \/>\n\t<meta property=\"og:image:width\" content=\"1200\" \/>\n\t<meta property=\"og:image:height\" content=\"630\" \/>\n\t<meta property=\"og:image:type\" content=\"image\/png\" \/>\n<meta name=\"author\" content=\"Marketing Team\" \/>\n<meta name=\"twitter:card\" content=\"summary_large_image\" \/>\n<meta name=\"twitter:creator\" content=\"@Spacewell_HQ\" \/>\n<meta name=\"twitter:site\" content=\"@Spacewell_HQ\" \/>\n<meta name=\"twitter:label1\" content=\"Escrito por\" \/>\n\t<meta name=\"twitter:data1\" content=\"Marketing Team\" \/>\n\t<meta name=\"twitter:label2\" content=\"Tiempo de lectura\" \/>\n\t<meta name=\"twitter:data2\" content=\"4 minutos\" \/>\n<script type=\"application\/ld+json\" class=\"yoast-schema-graph\">{\"@context\":\"https:\\\/\\\/schema.org\",\"@graph\":[{\"@type\":\"Article\",\"@id\":\"https:\\\/\\\/spacewell.com\\\/es\\\/empresa\\\/noticias\\\/el-gobierno-central-neerlandes-pone-en-marcha-un-proyecto-piloto-sobre-gestion-del-lugar-de-trabajo-en-toda-la-administracion\\\/#article\",\"isPartOf\":{\"@id\":\"https:\\\/\\\/spacewell.com\\\/es\\\/empresa\\\/noticias\\\/el-gobierno-central-neerlandes-pone-en-marcha-un-proyecto-piloto-sobre-gestion-del-lugar-de-trabajo-en-toda-la-administracion\\\/\"},\"author\":{\"name\":\"Marketing Team\",\"@id\":\"https:\\\/\\\/spacewell.com\\\/es\\\/#\\\/schema\\\/person\\\/56fc87cc20a52c431f3831f2c17e946a\"},\"headline\":\"El Gobierno central neerland\u00e9s pone en marcha un proyecto piloto sobre gesti\u00f3n del lugar de trabajo en toda la Administraci\u00f3n\",\"datePublished\":\"2023-09-04T08:39:00+00:00\",\"dateModified\":\"2023-10-02T11:23:45+00:00\",\"mainEntityOfPage\":{\"@id\":\"https:\\\/\\\/spacewell.com\\\/es\\\/empresa\\\/noticias\\\/el-gobierno-central-neerlandes-pone-en-marcha-un-proyecto-piloto-sobre-gestion-del-lugar-de-trabajo-en-toda-la-administracion\\\/\"},\"wordCount\":785,\"publisher\":{\"@id\":\"https:\\\/\\\/spacewell.com\\\/es\\\/#organization\"},\"image\":{\"@id\":\"https:\\\/\\\/spacewell.com\\\/es\\\/empresa\\\/noticias\\\/el-gobierno-central-neerlandes-pone-en-marcha-un-proyecto-piloto-sobre-gestion-del-lugar-de-trabajo-en-toda-la-administracion\\\/#primaryimage\"},\"thumbnailUrl\":\"https:\\\/\\\/spacewell.com\\\/wp-content\\\/uploads\\\/2023\\\/10\\\/andre-weimar-and-wouter-hartemink-shaking-hands-1200x630-1.png\",\"articleSection\":[\"Noticias\"],\"inLanguage\":\"es\"},{\"@type\":\"WebPage\",\"@id\":\"https:\\\/\\\/spacewell.com\\\/es\\\/empresa\\\/noticias\\\/el-gobierno-central-neerlandes-pone-en-marcha-un-proyecto-piloto-sobre-gestion-del-lugar-de-trabajo-en-toda-la-administracion\\\/\",\"url\":\"https:\\\/\\\/spacewell.com\\\/es\\\/empresa\\\/noticias\\\/el-gobierno-central-neerlandes-pone-en-marcha-un-proyecto-piloto-sobre-gestion-del-lugar-de-trabajo-en-toda-la-administracion\\\/\",\"name\":\"Gesti\u00f3n del lugar de trabajo | El Gobierno central neerland\u00e9s & Spacewell\",\"isPartOf\":{\"@id\":\"https:\\\/\\\/spacewell.com\\\/es\\\/#website\"},\"primaryImageOfPage\":{\"@id\":\"https:\\\/\\\/spacewell.com\\\/es\\\/empresa\\\/noticias\\\/el-gobierno-central-neerlandes-pone-en-marcha-un-proyecto-piloto-sobre-gestion-del-lugar-de-trabajo-en-toda-la-administracion\\\/#primaryimage\"},\"image\":{\"@id\":\"https:\\\/\\\/spacewell.com\\\/es\\\/empresa\\\/noticias\\\/el-gobierno-central-neerlandes-pone-en-marcha-un-proyecto-piloto-sobre-gestion-del-lugar-de-trabajo-en-toda-la-administracion\\\/#primaryimage\"},\"thumbnailUrl\":\"https:\\\/\\\/spacewell.com\\\/wp-content\\\/uploads\\\/2023\\\/10\\\/andre-weimar-and-wouter-hartemink-shaking-hands-1200x630-1.png\",\"datePublished\":\"2023-09-04T08:39:00+00:00\",\"dateModified\":\"2023-10-02T11:23:45+00:00\",\"description\":\"El Gobierno central ha elegido Spacewell como socio para la implantaci\u00f3n de un sistema de gesti\u00f3n del espacio de trabajo.\",\"breadcrumb\":{\"@id\":\"https:\\\/\\\/spacewell.com\\\/es\\\/empresa\\\/noticias\\\/el-gobierno-central-neerlandes-pone-en-marcha-un-proyecto-piloto-sobre-gestion-del-lugar-de-trabajo-en-toda-la-administracion\\\/#breadcrumb\"},\"inLanguage\":\"es\",\"potentialAction\":[{\"@type\":\"ReadAction\",\"target\":[\"https:\\\/\\\/spacewell.com\\\/es\\\/empresa\\\/noticias\\\/el-gobierno-central-neerlandes-pone-en-marcha-un-proyecto-piloto-sobre-gestion-del-lugar-de-trabajo-en-toda-la-administracion\\\/\"]}]},{\"@type\":\"ImageObject\",\"inLanguage\":\"es\",\"@id\":\"https:\\\/\\\/spacewell.com\\\/es\\\/empresa\\\/noticias\\\/el-gobierno-central-neerlandes-pone-en-marcha-un-proyecto-piloto-sobre-gestion-del-lugar-de-trabajo-en-toda-la-administracion\\\/#primaryimage\",\"url\":\"https:\\\/\\\/spacewell.com\\\/wp-content\\\/uploads\\\/2023\\\/10\\\/andre-weimar-and-wouter-hartemink-shaking-hands-1200x630-1.png\",\"contentUrl\":\"https:\\\/\\\/spacewell.com\\\/wp-content\\\/uploads\\\/2023\\\/10\\\/andre-weimar-and-wouter-hartemink-shaking-hands-1200x630-1.png\",\"width\":1200,\"height\":630,\"caption\":\"Andr\u00e9 Weimar y Wouter Hartemink se dan la mano\"},{\"@type\":\"BreadcrumbList\",\"@id\":\"https:\\\/\\\/spacewell.com\\\/es\\\/empresa\\\/noticias\\\/el-gobierno-central-neerlandes-pone-en-marcha-un-proyecto-piloto-sobre-gestion-del-lugar-de-trabajo-en-toda-la-administracion\\\/#breadcrumb\",\"itemListElement\":[{\"@type\":\"ListItem\",\"position\":1,\"name\":\"Home\",\"item\":\"https:\\\/\\\/spacewell.com\\\/es\\\/\"},{\"@type\":\"ListItem\",\"position\":2,\"name\":\"El Gobierno central neerland\u00e9s pone en marcha un proyecto piloto sobre gesti\u00f3n del lugar de trabajo en toda la Administraci\u00f3n\"}]},{\"@type\":\"WebSite\",\"@id\":\"https:\\\/\\\/spacewell.com\\\/es\\\/#website\",\"url\":\"https:\\\/\\\/spacewell.com\\\/es\\\/\",\"name\":\"Spacewell | A Nemetschek Company\",\"description\":\"Make buildings work for people\",\"publisher\":{\"@id\":\"https:\\\/\\\/spacewell.com\\\/es\\\/#organization\"},\"potentialAction\":[{\"@type\":\"SearchAction\",\"target\":{\"@type\":\"EntryPoint\",\"urlTemplate\":\"https:\\\/\\\/spacewell.com\\\/es\\\/?s={search_term_string}\"},\"query-input\":{\"@type\":\"PropertyValueSpecification\",\"valueRequired\":true,\"valueName\":\"search_term_string\"}}],\"inLanguage\":\"es\"},{\"@type\":\"Organization\",\"@id\":\"https:\\\/\\\/spacewell.com\\\/es\\\/#organization\",\"name\":\"Spacewell | A Nemetschek Company\",\"url\":\"https:\\\/\\\/spacewell.com\\\/es\\\/\",\"logo\":{\"@type\":\"ImageObject\",\"inLanguage\":\"es\",\"@id\":\"https:\\\/\\\/spacewell.com\\\/es\\\/#\\\/schema\\\/logo\\\/image\\\/\",\"url\":\"https:\\\/\\\/spacewell.com\\\/wp-content\\\/uploads\\\/2023\\\/05\\\/spacewell-logo-500x88-1.webp\",\"contentUrl\":\"https:\\\/\\\/spacewell.com\\\/wp-content\\\/uploads\\\/2023\\\/05\\\/spacewell-logo-500x88-1.webp\",\"width\":500,\"height\":88,\"caption\":\"Spacewell | A Nemetschek Company\"},\"image\":{\"@id\":\"https:\\\/\\\/spacewell.com\\\/es\\\/#\\\/schema\\\/logo\\\/image\\\/\"},\"sameAs\":[\"https:\\\/\\\/www.facebook.com\\\/SpacewellHQ\",\"https:\\\/\\\/x.com\\\/Spacewell_HQ\"]},{\"@type\":\"Person\",\"@id\":\"https:\\\/\\\/spacewell.com\\\/es\\\/#\\\/schema\\\/person\\\/56fc87cc20a52c431f3831f2c17e946a\",\"name\":\"Marketing Team\",\"image\":{\"@type\":\"ImageObject\",\"inLanguage\":\"es\",\"@id\":\"https:\\\/\\\/secure.gravatar.com\\\/avatar\\\/33dd4b194f6044b53d8410d1a677b226d86f23969442e70903a2b3bd700aac4d?s=96&d=mm&r=g\",\"url\":\"https:\\\/\\\/secure.gravatar.com\\\/avatar\\\/33dd4b194f6044b53d8410d1a677b226d86f23969442e70903a2b3bd700aac4d?s=96&d=mm&r=g\",\"contentUrl\":\"https:\\\/\\\/secure.gravatar.com\\\/avatar\\\/33dd4b194f6044b53d8410d1a677b226d86f23969442e70903a2b3bd700aac4d?s=96&d=mm&r=g\",\"caption\":\"Marketing Team\"},\"url\":\"https:\\\/\\\/spacewell.com\\\/es\\\/author\\\/marketing-team\\\/\"}]}<\/script>\n<!-- \/ Yoast SEO Premium plugin. -->","yoast_head_json":{"title":"Gesti\u00f3n del lugar de trabajo | El Gobierno central neerland\u00e9s & Spacewell","description":"El Gobierno central ha elegido Spacewell como socio para la implantaci\u00f3n de un sistema de gesti\u00f3n del espacio de trabajo.","robots":{"index":"index","follow":"follow","max-snippet":"max-snippet:-1","max-image-preview":"max-image-preview:large","max-video-preview":"max-video-preview:-1"},"canonical":"https:\/\/spacewell.com\/es\/empresa\/noticias\/el-gobierno-central-neerlandes-pone-en-marcha-un-proyecto-piloto-sobre-gestion-del-lugar-de-trabajo-en-toda-la-administracion\/","og_locale":"es_ES","og_type":"article","og_title":"El Gobierno central neerland\u00e9s pone en marcha un proyecto piloto sobre gesti\u00f3n del lugar de trabajo en toda la Administraci\u00f3n","og_description":"El Gobierno central ha elegido Spacewell como socio para la implantaci\u00f3n de un sistema de gesti\u00f3n del espacio de trabajo.","og_url":"https:\/\/spacewell.com\/es\/empresa\/noticias\/el-gobierno-central-neerlandes-pone-en-marcha-un-proyecto-piloto-sobre-gestion-del-lugar-de-trabajo-en-toda-la-administracion\/","og_site_name":"Spacewell | A Nemetschek Company","article_publisher":"https:\/\/www.facebook.com\/SpacewellHQ","article_published_time":"2023-09-04T08:39:00+00:00","article_modified_time":"2023-10-02T11:23:45+00:00","og_image":[{"width":1200,"height":630,"url":"https:\/\/spacewell.com\/wp-content\/uploads\/2023\/10\/andre-weimar-and-wouter-hartemink-shaking-hands-1200x630-1.png","type":"image\/png"}],"author":"Marketing Team","twitter_card":"summary_large_image","twitter_creator":"@Spacewell_HQ","twitter_site":"@Spacewell_HQ","twitter_misc":{"Escrito por":"Marketing Team","Tiempo de lectura":"4 minutos"},"schema":{"@context":"https:\/\/schema.org","@graph":[{"@type":"Article","@id":"https:\/\/spacewell.com\/es\/empresa\/noticias\/el-gobierno-central-neerlandes-pone-en-marcha-un-proyecto-piloto-sobre-gestion-del-lugar-de-trabajo-en-toda-la-administracion\/#article","isPartOf":{"@id":"https:\/\/spacewell.com\/es\/empresa\/noticias\/el-gobierno-central-neerlandes-pone-en-marcha-un-proyecto-piloto-sobre-gestion-del-lugar-de-trabajo-en-toda-la-administracion\/"},"author":{"name":"Marketing Team","@id":"https:\/\/spacewell.com\/es\/#\/schema\/person\/56fc87cc20a52c431f3831f2c17e946a"},"headline":"El Gobierno central neerland\u00e9s pone en marcha un proyecto piloto sobre gesti\u00f3n del lugar de trabajo en toda la Administraci\u00f3n","datePublished":"2023-09-04T08:39:00+00:00","dateModified":"2023-10-02T11:23:45+00:00","mainEntityOfPage":{"@id":"https:\/\/spacewell.com\/es\/empresa\/noticias\/el-gobierno-central-neerlandes-pone-en-marcha-un-proyecto-piloto-sobre-gestion-del-lugar-de-trabajo-en-toda-la-administracion\/"},"wordCount":785,"publisher":{"@id":"https:\/\/spacewell.com\/es\/#organization"},"image":{"@id":"https:\/\/spacewell.com\/es\/empresa\/noticias\/el-gobierno-central-neerlandes-pone-en-marcha-un-proyecto-piloto-sobre-gestion-del-lugar-de-trabajo-en-toda-la-administracion\/#primaryimage"},"thumbnailUrl":"https:\/\/spacewell.com\/wp-content\/uploads\/2023\/10\/andre-weimar-and-wouter-hartemink-shaking-hands-1200x630-1.png","articleSection":["Noticias"],"inLanguage":"es"},{"@type":"WebPage","@id":"https:\/\/spacewell.com\/es\/empresa\/noticias\/el-gobierno-central-neerlandes-pone-en-marcha-un-proyecto-piloto-sobre-gestion-del-lugar-de-trabajo-en-toda-la-administracion\/","url":"https:\/\/spacewell.com\/es\/empresa\/noticias\/el-gobierno-central-neerlandes-pone-en-marcha-un-proyecto-piloto-sobre-gestion-del-lugar-de-trabajo-en-toda-la-administracion\/","name":"Gesti\u00f3n del lugar de trabajo | El Gobierno central neerland\u00e9s & Spacewell","isPartOf":{"@id":"https:\/\/spacewell.com\/es\/#website"},"primaryImageOfPage":{"@id":"https:\/\/spacewell.com\/es\/empresa\/noticias\/el-gobierno-central-neerlandes-pone-en-marcha-un-proyecto-piloto-sobre-gestion-del-lugar-de-trabajo-en-toda-la-administracion\/#primaryimage"},"image":{"@id":"https:\/\/spacewell.com\/es\/empresa\/noticias\/el-gobierno-central-neerlandes-pone-en-marcha-un-proyecto-piloto-sobre-gestion-del-lugar-de-trabajo-en-toda-la-administracion\/#primaryimage"},"thumbnailUrl":"https:\/\/spacewell.com\/wp-content\/uploads\/2023\/10\/andre-weimar-and-wouter-hartemink-shaking-hands-1200x630-1.png","datePublished":"2023-09-04T08:39:00+00:00","dateModified":"2023-10-02T11:23:45+00:00","description":"El Gobierno central ha elegido Spacewell como socio para la implantaci\u00f3n de un sistema de gesti\u00f3n del espacio de trabajo.","breadcrumb":{"@id":"https:\/\/spacewell.com\/es\/empresa\/noticias\/el-gobierno-central-neerlandes-pone-en-marcha-un-proyecto-piloto-sobre-gestion-del-lugar-de-trabajo-en-toda-la-administracion\/#breadcrumb"},"inLanguage":"es","potentialAction":[{"@type":"ReadAction","target":["https:\/\/spacewell.com\/es\/empresa\/noticias\/el-gobierno-central-neerlandes-pone-en-marcha-un-proyecto-piloto-sobre-gestion-del-lugar-de-trabajo-en-toda-la-administracion\/"]}]},{"@type":"ImageObject","inLanguage":"es","@id":"https:\/\/spacewell.com\/es\/empresa\/noticias\/el-gobierno-central-neerlandes-pone-en-marcha-un-proyecto-piloto-sobre-gestion-del-lugar-de-trabajo-en-toda-la-administracion\/#primaryimage","url":"https:\/\/spacewell.com\/wp-content\/uploads\/2023\/10\/andre-weimar-and-wouter-hartemink-shaking-hands-1200x630-1.png","contentUrl":"https:\/\/spacewell.com\/wp-content\/uploads\/2023\/10\/andre-weimar-and-wouter-hartemink-shaking-hands-1200x630-1.png","width":1200,"height":630,"caption":"Andr\u00e9 Weimar y Wouter Hartemink se dan la mano"},{"@type":"BreadcrumbList","@id":"https:\/\/spacewell.com\/es\/empresa\/noticias\/el-gobierno-central-neerlandes-pone-en-marcha-un-proyecto-piloto-sobre-gestion-del-lugar-de-trabajo-en-toda-la-administracion\/#breadcrumb","itemListElement":[{"@type":"ListItem","position":1,"name":"Home","item":"https:\/\/spacewell.com\/es\/"},{"@type":"ListItem","position":2,"name":"El Gobierno central neerland\u00e9s pone en marcha un proyecto piloto sobre gesti\u00f3n del lugar de trabajo en toda la Administraci\u00f3n"}]},{"@type":"WebSite","@id":"https:\/\/spacewell.com\/es\/#website","url":"https:\/\/spacewell.com\/es\/","name":"Spacewell | A Nemetschek Company","description":"Make buildings work for people","publisher":{"@id":"https:\/\/spacewell.com\/es\/#organization"},"potentialAction":[{"@type":"SearchAction","target":{"@type":"EntryPoint","urlTemplate":"https:\/\/spacewell.com\/es\/?s={search_term_string}"},"query-input":{"@type":"PropertyValueSpecification","valueRequired":true,"valueName":"search_term_string"}}],"inLanguage":"es"},{"@type":"Organization","@id":"https:\/\/spacewell.com\/es\/#organization","name":"Spacewell | A Nemetschek Company","url":"https:\/\/spacewell.com\/es\/","logo":{"@type":"ImageObject","inLanguage":"es","@id":"https:\/\/spacewell.com\/es\/#\/schema\/logo\/image\/","url":"https:\/\/spacewell.com\/wp-content\/uploads\/2023\/05\/spacewell-logo-500x88-1.webp","contentUrl":"https:\/\/spacewell.com\/wp-content\/uploads\/2023\/05\/spacewell-logo-500x88-1.webp","width":500,"height":88,"caption":"Spacewell | A Nemetschek Company"},"image":{"@id":"https:\/\/spacewell.com\/es\/#\/schema\/logo\/image\/"},"sameAs":["https:\/\/www.facebook.com\/SpacewellHQ","https:\/\/x.com\/Spacewell_HQ"]},{"@type":"Person","@id":"https:\/\/spacewell.com\/es\/#\/schema\/person\/56fc87cc20a52c431f3831f2c17e946a","name":"Marketing Team","image":{"@type":"ImageObject","inLanguage":"es","@id":"https:\/\/secure.gravatar.com\/avatar\/33dd4b194f6044b53d8410d1a677b226d86f23969442e70903a2b3bd700aac4d?s=96&d=mm&r=g","url":"https:\/\/secure.gravatar.com\/avatar\/33dd4b194f6044b53d8410d1a677b226d86f23969442e70903a2b3bd700aac4d?s=96&d=mm&r=g","contentUrl":"https:\/\/secure.gravatar.com\/avatar\/33dd4b194f6044b53d8410d1a677b226d86f23969442e70903a2b3bd700aac4d?s=96&d=mm&r=g","caption":"Marketing Team"},"url":"https:\/\/spacewell.com\/es\/author\/marketing-team\/"}]}},"_links":{"self":[{"href":"https:\/\/spacewell.com\/es\/wp-json\/wp\/v2\/posts\/20541","targetHints":{"allow":["GET"]}}],"collection":[{"href":"https:\/\/spacewell.com\/es\/wp-json\/wp\/v2\/posts"}],"about":[{"href":"https:\/\/spacewell.com\/es\/wp-json\/wp\/v2\/types\/post"}],"author":[{"embeddable":true,"href":"https:\/\/spacewell.com\/es\/wp-json\/wp\/v2\/users\/29"}],"replies":[{"embeddable":true,"href":"https:\/\/spacewell.com\/es\/wp-json\/wp\/v2\/comments?post=20541"}],"version-history":[{"count":0,"href":"https:\/\/spacewell.com\/es\/wp-json\/wp\/v2\/posts\/20541\/revisions"}],"wp:featuredmedia":[{"embeddable":true,"href":"https:\/\/spacewell.com\/es\/wp-json\/wp\/v2\/media\/20492"}],"wp:attachment":[{"href":"https:\/\/spacewell.com\/es\/wp-json\/wp\/v2\/media?parent=20541"}],"wp:term":[{"taxonomy":"category","embeddable":true,"href":"https:\/\/spacewell.com\/es\/wp-json\/wp\/v2\/categories?post=20541"},{"taxonomy":"post_tag","embeddable":true,"href":"https:\/\/spacewell.com\/es\/wp-json\/wp\/v2\/tags?post=20541"}],"curies":[{"name":"wp","href":"https:\/\/api.w.org\/{rel}","templated":true}]}}