


{"id":10311,"date":"2022-06-13T10:30:00","date_gmt":"2022-06-13T08:30:00","guid":{"rendered":"https:\/\/spacewell.com\/unkategorisiert\/spacewell-eroeffnet-neues-hybridbuero-in-arnheim-niederlande\/"},"modified":"2026-03-03T12:07:00","modified_gmt":"2026-03-03T11:07:00","slug":"spacewell-eroeffnet-neues-hybridbuero-in-arnheim-niederlande","status":"publish","type":"post","link":"https:\/\/spacewell.com\/de\/unternehmen\/neuigkeiten\/spacewell-eroeffnet-neues-hybridbuero-in-arnheim-niederlande\/","title":{"rendered":"Spacewell er\u00f6ffnet neues Hybridb\u00fcro in Arnheim, Niederlande"},"content":{"rendered":"<div class=\"gb-container gb-container-1afc61fa gb-container-5731d80c\">\n\n<p><strong>Heteren\/Arnhem<\/strong>\u00a0\u2013 As Spacewell continues its growth path, it is moving its Dutch offices on June 20 to a prime location in Arnhem. The teams responsible for Spacewell Workplace (formerly <a href=\"https:\/\/spacewell.com\/axxerion\" type=\"link\" id=\"https:\/\/spacewell.com\/axxerion\" target=\"_blank\" rel=\"noreferrer noopener\">Axxerion<\/a>) and the maintenance planning software O-Prognose will then share one inspiring working environment.<\/p>\n\n\n\n<h2 class=\"gb-headline gb-headline-abfdcbc9 gb-headline-text\">L\u00f6sungen, die den Menschen in den Mittelpunkt stellen<\/h2>\n\n\n\n<p>Spacewell unterst\u00fctzt Organisationen jeder Gr\u00f6\u00dfe dabei, ihre Geb\u00e4ude menschenzentrierter, ges\u00fcnder und nachhaltiger zu gestalten. Spacewell entwickelt und liefert Cloud-Software und digitale Technologie zur Unterst\u00fctzung von Mitarbeitern im Hybridb\u00fcro. Manager k\u00f6nnen Echtzeitdaten zu B\u00fcrobelegung, Raumnutzung, Luftqualit\u00e4t, Anlagenleistung und mehr nutzen. Diese Daten \u2013 kombiniert mit intelligenten Arbeitsabl\u00e4ufen \u2013 erm\u00f6glichen es ihnen, den Geb\u00e4udebetrieb und das Arbeitsumfeld zu verbessern.<\/p>\n\n\n\n<p>Naturally, Spacewell\u2019s innovative\u00a0<a href=\"https:\/\/spacewell.com\/solutions\/workplace-solutions\/\">Workplace software solutions<\/a>\u00a0will also be integrated into Spacewell\u2019s new work environment in Arnhem and visitors will be able to learn about them on site.<\/p>\n\n\n\n<p>Neue Adresse Spacewell Niederlande ab 20. Juni: Groningensingel 1 (1. Stock, Fl\u00fcgel B), 6835 EA Arnheim.<\/p>\n\n<\/div>","protected":false},"excerpt":{"rendered":"<p>Heteren\/Arnhem\u00a0\u2013 As Spacewell continues its growth path, it is moving its Dutch offices on June 20 to a prime location in Arnhem. The teams responsible for Spacewell Workplace (formerly Axxerion) and the maintenance planning software O-Prognose will then share one inspiring working environment. L\u00f6sungen, die den Menschen in den Mittelpunkt stellen Spacewell unterst\u00fctzt Organisationen jeder &#8230; <a title=\"Spacewell er\u00f6ffnet neues Hybridb\u00fcro in Arnheim, Niederlande\" class=\"read-more\" href=\"https:\/\/spacewell.com\/de\/unternehmen\/neuigkeiten\/spacewell-eroeffnet-neues-hybridbuero-in-arnheim-niederlande\/\" aria-label=\"Mehr Informationen \u00fcber Spacewell er\u00f6ffnet neues Hybridb\u00fcro in Arnheim, Niederlande\">Weiterlesen &#8230;<\/a><\/p>\n","protected":false},"author":29,"featured_media":6341,"comment_status":"closed","ping_status":"open","sticky":false,"template":"","format":"standard","meta":{"_acf_changed":false,"footnotes":""},"categories":[84],"tags":[],"class_list":["post-10311","post","type-post","status-publish","format-standard","has-post-thumbnail","hentry","category-neuigkeiten","generate-columns","tablet-grid-50","mobile-grid-100","grid-parent","grid-50","no-featured-image-padding"],"acf":[],"yoast_head":"<!-- This site is optimized with the Yoast SEO Premium plugin v26.0 (Yoast SEO v27.4) - https:\/\/yoast.com\/product\/yoast-seo-premium-wordpress\/ -->\n<title>Spacewell er\u00f6ffnet neues Hybridb\u00fcro in Arnheim, Niederlande<\/title>\n<meta name=\"description\" content=\"Spacewell verlegt seine niederl\u00e4ndischen B\u00fcros ab dem 20. Juni nach Rijnpoort Arnheim: Groningensingel 1 (1. Stock, Fl\u00fcgel B), 6835 EA Arnheim.\" \/>\n<meta name=\"robots\" content=\"index, follow, max-snippet:-1, max-image-preview:large, max-video-preview:-1\" \/>\n<link rel=\"canonical\" href=\"https:\/\/spacewell.com\/de\/unternehmen\/neuigkeiten\/spacewell-eroeffnet-neues-hybridbuero-in-arnheim-niederlande\/\" \/>\n<meta property=\"og:locale\" content=\"de_DE\" \/>\n<meta property=\"og:type\" content=\"article\" \/>\n<meta property=\"og:title\" content=\"Spacewell er\u00f6ffnet neues Hybridb\u00fcro in Arnheim, Niederlande\" \/>\n<meta property=\"og:description\" content=\"Spacewell verlegt seine niederl\u00e4ndischen B\u00fcros ab dem 20. Juni nach Rijnpoort Arnheim: Groningensingel 1 (1. Stock, Fl\u00fcgel B), 6835 EA Arnheim.\" \/>\n<meta property=\"og:url\" content=\"https:\/\/spacewell.com\/de\/unternehmen\/neuigkeiten\/spacewell-eroeffnet-neues-hybridbuero-in-arnheim-niederlande\/\" \/>\n<meta property=\"og:site_name\" content=\"Spacewell | A Nemetschek Company\" \/>\n<meta property=\"article:publisher\" content=\"https:\/\/www.facebook.com\/SpacewellHQ\" \/>\n<meta property=\"article:published_time\" content=\"2022-06-13T08:30:00+00:00\" \/>\n<meta property=\"article:modified_time\" content=\"2026-03-03T11:07:00+00:00\" \/>\n<meta property=\"og:image\" content=\"https:\/\/spacewell.com\/wp-content\/uploads\/2023\/07\/spacewell-harnhem.jpg\" \/>\n\t<meta property=\"og:image:width\" content=\"910\" \/>\n\t<meta property=\"og:image:height\" content=\"523\" \/>\n\t<meta property=\"og:image:type\" content=\"image\/jpeg\" \/>\n<meta name=\"author\" content=\"Marketing Team\" \/>\n<meta name=\"twitter:card\" content=\"summary_large_image\" \/>\n<meta name=\"twitter:creator\" content=\"@Spacewell_HQ\" \/>\n<meta name=\"twitter:site\" content=\"@Spacewell_HQ\" \/>\n<meta name=\"twitter:label1\" content=\"Verfasst von\" \/>\n\t<meta name=\"twitter:data1\" content=\"Marketing Team\" \/>\n\t<meta name=\"twitter:label2\" content=\"Gesch\u00e4tzte Lesezeit\" \/>\n\t<meta name=\"twitter:data2\" content=\"1\u00a0Minute\" \/>\n<script type=\"application\/ld+json\" class=\"yoast-schema-graph\">{\"@context\":\"https:\\\/\\\/schema.org\",\"@graph\":[{\"@type\":\"Article\",\"@id\":\"https:\\\/\\\/spacewell.com\\\/de\\\/unternehmen\\\/neuigkeiten\\\/spacewell-eroeffnet-neues-hybridbuero-in-arnheim-niederlande\\\/#article\",\"isPartOf\":{\"@id\":\"https:\\\/\\\/spacewell.com\\\/de\\\/unternehmen\\\/neuigkeiten\\\/spacewell-eroeffnet-neues-hybridbuero-in-arnheim-niederlande\\\/\"},\"author\":{\"name\":\"Marketing Team\",\"@id\":\"https:\\\/\\\/spacewell.com\\\/de\\\/#\\\/schema\\\/person\\\/56fc87cc20a52c431f3831f2c17e946a\"},\"headline\":\"Spacewell er\u00f6ffnet neues Hybridb\u00fcro in Arnheim, Niederlande\",\"datePublished\":\"2022-06-13T08:30:00+00:00\",\"dateModified\":\"2026-03-03T11:07:00+00:00\",\"mainEntityOfPage\":{\"@id\":\"https:\\\/\\\/spacewell.com\\\/de\\\/unternehmen\\\/neuigkeiten\\\/spacewell-eroeffnet-neues-hybridbuero-in-arnheim-niederlande\\\/\"},\"wordCount\":171,\"publisher\":{\"@id\":\"https:\\\/\\\/spacewell.com\\\/de\\\/#organization\"},\"image\":{\"@id\":\"https:\\\/\\\/spacewell.com\\\/de\\\/unternehmen\\\/neuigkeiten\\\/spacewell-eroeffnet-neues-hybridbuero-in-arnheim-niederlande\\\/#primaryimage\"},\"thumbnailUrl\":\"https:\\\/\\\/spacewell.com\\\/wp-content\\\/uploads\\\/2023\\\/07\\\/spacewell-harnhem.jpg\",\"articleSection\":[\"Neuigkeiten\"],\"inLanguage\":\"de\"},{\"@type\":\"WebPage\",\"@id\":\"https:\\\/\\\/spacewell.com\\\/de\\\/unternehmen\\\/neuigkeiten\\\/spacewell-eroeffnet-neues-hybridbuero-in-arnheim-niederlande\\\/\",\"url\":\"https:\\\/\\\/spacewell.com\\\/de\\\/unternehmen\\\/neuigkeiten\\\/spacewell-eroeffnet-neues-hybridbuero-in-arnheim-niederlande\\\/\",\"name\":\"Spacewell er\u00f6ffnet neues Hybridb\u00fcro in Arnheim, Niederlande\",\"isPartOf\":{\"@id\":\"https:\\\/\\\/spacewell.com\\\/de\\\/#website\"},\"primaryImageOfPage\":{\"@id\":\"https:\\\/\\\/spacewell.com\\\/de\\\/unternehmen\\\/neuigkeiten\\\/spacewell-eroeffnet-neues-hybridbuero-in-arnheim-niederlande\\\/#primaryimage\"},\"image\":{\"@id\":\"https:\\\/\\\/spacewell.com\\\/de\\\/unternehmen\\\/neuigkeiten\\\/spacewell-eroeffnet-neues-hybridbuero-in-arnheim-niederlande\\\/#primaryimage\"},\"thumbnailUrl\":\"https:\\\/\\\/spacewell.com\\\/wp-content\\\/uploads\\\/2023\\\/07\\\/spacewell-harnhem.jpg\",\"datePublished\":\"2022-06-13T08:30:00+00:00\",\"dateModified\":\"2026-03-03T11:07:00+00:00\",\"description\":\"Spacewell verlegt seine niederl\u00e4ndischen B\u00fcros ab dem 20. Juni nach Rijnpoort Arnheim: Groningensingel 1 (1. Stock, Fl\u00fcgel B), 6835 EA Arnheim.\",\"breadcrumb\":{\"@id\":\"https:\\\/\\\/spacewell.com\\\/de\\\/unternehmen\\\/neuigkeiten\\\/spacewell-eroeffnet-neues-hybridbuero-in-arnheim-niederlande\\\/#breadcrumb\"},\"inLanguage\":\"de\",\"potentialAction\":[{\"@type\":\"ReadAction\",\"target\":[\"https:\\\/\\\/spacewell.com\\\/de\\\/unternehmen\\\/neuigkeiten\\\/spacewell-eroeffnet-neues-hybridbuero-in-arnheim-niederlande\\\/\"]}]},{\"@type\":\"ImageObject\",\"inLanguage\":\"de\",\"@id\":\"https:\\\/\\\/spacewell.com\\\/de\\\/unternehmen\\\/neuigkeiten\\\/spacewell-eroeffnet-neues-hybridbuero-in-arnheim-niederlande\\\/#primaryimage\",\"url\":\"https:\\\/\\\/spacewell.com\\\/wp-content\\\/uploads\\\/2023\\\/07\\\/spacewell-harnhem.jpg\",\"contentUrl\":\"https:\\\/\\\/spacewell.com\\\/wp-content\\\/uploads\\\/2023\\\/07\\\/spacewell-harnhem.jpg\",\"width\":910,\"height\":523,\"caption\":\"Mozaik von drei Bildern aus dem neuen Spacewell-B\u00fcro in Arnheim\"},{\"@type\":\"BreadcrumbList\",\"@id\":\"https:\\\/\\\/spacewell.com\\\/de\\\/unternehmen\\\/neuigkeiten\\\/spacewell-eroeffnet-neues-hybridbuero-in-arnheim-niederlande\\\/#breadcrumb\",\"itemListElement\":[{\"@type\":\"ListItem\",\"position\":1,\"name\":\"Home\",\"item\":\"https:\\\/\\\/spacewell.com\\\/de\\\/\"},{\"@type\":\"ListItem\",\"position\":2,\"name\":\"Spacewell er\u00f6ffnet neues Hybridb\u00fcro in Arnheim, Niederlande\"}]},{\"@type\":\"WebSite\",\"@id\":\"https:\\\/\\\/spacewell.com\\\/de\\\/#website\",\"url\":\"https:\\\/\\\/spacewell.com\\\/de\\\/\",\"name\":\"Spacewell | A Nemetschek Company\",\"description\":\"Make buildings work for people\",\"publisher\":{\"@id\":\"https:\\\/\\\/spacewell.com\\\/de\\\/#organization\"},\"potentialAction\":[{\"@type\":\"SearchAction\",\"target\":{\"@type\":\"EntryPoint\",\"urlTemplate\":\"https:\\\/\\\/spacewell.com\\\/de\\\/?s={search_term_string}\"},\"query-input\":{\"@type\":\"PropertyValueSpecification\",\"valueRequired\":true,\"valueName\":\"search_term_string\"}}],\"inLanguage\":\"de\"},{\"@type\":\"Organization\",\"@id\":\"https:\\\/\\\/spacewell.com\\\/de\\\/#organization\",\"name\":\"Spacewell | A Nemetschek Company\",\"url\":\"https:\\\/\\\/spacewell.com\\\/de\\\/\",\"logo\":{\"@type\":\"ImageObject\",\"inLanguage\":\"de\",\"@id\":\"https:\\\/\\\/spacewell.com\\\/de\\\/#\\\/schema\\\/logo\\\/image\\\/\",\"url\":\"https:\\\/\\\/spacewell.com\\\/wp-content\\\/uploads\\\/2023\\\/05\\\/spacewell-logo-500x88-1.webp\",\"contentUrl\":\"https:\\\/\\\/spacewell.com\\\/wp-content\\\/uploads\\\/2023\\\/05\\\/spacewell-logo-500x88-1.webp\",\"width\":500,\"height\":88,\"caption\":\"Spacewell | A Nemetschek Company\"},\"image\":{\"@id\":\"https:\\\/\\\/spacewell.com\\\/de\\\/#\\\/schema\\\/logo\\\/image\\\/\"},\"sameAs\":[\"https:\\\/\\\/www.facebook.com\\\/SpacewellHQ\",\"https:\\\/\\\/x.com\\\/Spacewell_HQ\"]},{\"@type\":\"Person\",\"@id\":\"https:\\\/\\\/spacewell.com\\\/de\\\/#\\\/schema\\\/person\\\/56fc87cc20a52c431f3831f2c17e946a\",\"name\":\"Marketing Team\",\"image\":{\"@type\":\"ImageObject\",\"inLanguage\":\"de\",\"@id\":\"https:\\\/\\\/secure.gravatar.com\\\/avatar\\\/33dd4b194f6044b53d8410d1a677b226d86f23969442e70903a2b3bd700aac4d?s=96&d=mm&r=g\",\"url\":\"https:\\\/\\\/secure.gravatar.com\\\/avatar\\\/33dd4b194f6044b53d8410d1a677b226d86f23969442e70903a2b3bd700aac4d?s=96&d=mm&r=g\",\"contentUrl\":\"https:\\\/\\\/secure.gravatar.com\\\/avatar\\\/33dd4b194f6044b53d8410d1a677b226d86f23969442e70903a2b3bd700aac4d?s=96&d=mm&r=g\",\"caption\":\"Marketing Team\"},\"url\":\"https:\\\/\\\/spacewell.com\\\/de\\\/author\\\/marketing-team\\\/\"}]}<\/script>\n<!-- \/ Yoast SEO Premium plugin. -->","yoast_head_json":{"title":"Spacewell er\u00f6ffnet neues Hybridb\u00fcro in Arnheim, Niederlande","description":"Spacewell verlegt seine niederl\u00e4ndischen B\u00fcros ab dem 20. Juni nach Rijnpoort Arnheim: Groningensingel 1 (1. Stock, Fl\u00fcgel B), 6835 EA Arnheim.","robots":{"index":"index","follow":"follow","max-snippet":"max-snippet:-1","max-image-preview":"max-image-preview:large","max-video-preview":"max-video-preview:-1"},"canonical":"https:\/\/spacewell.com\/de\/unternehmen\/neuigkeiten\/spacewell-eroeffnet-neues-hybridbuero-in-arnheim-niederlande\/","og_locale":"de_DE","og_type":"article","og_title":"Spacewell er\u00f6ffnet neues Hybridb\u00fcro in Arnheim, Niederlande","og_description":"Spacewell verlegt seine niederl\u00e4ndischen B\u00fcros ab dem 20. Juni nach Rijnpoort Arnheim: Groningensingel 1 (1. Stock, Fl\u00fcgel B), 6835 EA Arnheim.","og_url":"https:\/\/spacewell.com\/de\/unternehmen\/neuigkeiten\/spacewell-eroeffnet-neues-hybridbuero-in-arnheim-niederlande\/","og_site_name":"Spacewell | A Nemetschek Company","article_publisher":"https:\/\/www.facebook.com\/SpacewellHQ","article_published_time":"2022-06-13T08:30:00+00:00","article_modified_time":"2026-03-03T11:07:00+00:00","og_image":[{"width":910,"height":523,"url":"https:\/\/spacewell.com\/wp-content\/uploads\/2023\/07\/spacewell-harnhem.jpg","type":"image\/jpeg"}],"author":"Marketing Team","twitter_card":"summary_large_image","twitter_creator":"@Spacewell_HQ","twitter_site":"@Spacewell_HQ","twitter_misc":{"Verfasst von":"Marketing Team","Gesch\u00e4tzte Lesezeit":"1\u00a0Minute"},"schema":{"@context":"https:\/\/schema.org","@graph":[{"@type":"Article","@id":"https:\/\/spacewell.com\/de\/unternehmen\/neuigkeiten\/spacewell-eroeffnet-neues-hybridbuero-in-arnheim-niederlande\/#article","isPartOf":{"@id":"https:\/\/spacewell.com\/de\/unternehmen\/neuigkeiten\/spacewell-eroeffnet-neues-hybridbuero-in-arnheim-niederlande\/"},"author":{"name":"Marketing Team","@id":"https:\/\/spacewell.com\/de\/#\/schema\/person\/56fc87cc20a52c431f3831f2c17e946a"},"headline":"Spacewell er\u00f6ffnet neues Hybridb\u00fcro in Arnheim, Niederlande","datePublished":"2022-06-13T08:30:00+00:00","dateModified":"2026-03-03T11:07:00+00:00","mainEntityOfPage":{"@id":"https:\/\/spacewell.com\/de\/unternehmen\/neuigkeiten\/spacewell-eroeffnet-neues-hybridbuero-in-arnheim-niederlande\/"},"wordCount":171,"publisher":{"@id":"https:\/\/spacewell.com\/de\/#organization"},"image":{"@id":"https:\/\/spacewell.com\/de\/unternehmen\/neuigkeiten\/spacewell-eroeffnet-neues-hybridbuero-in-arnheim-niederlande\/#primaryimage"},"thumbnailUrl":"https:\/\/spacewell.com\/wp-content\/uploads\/2023\/07\/spacewell-harnhem.jpg","articleSection":["Neuigkeiten"],"inLanguage":"de"},{"@type":"WebPage","@id":"https:\/\/spacewell.com\/de\/unternehmen\/neuigkeiten\/spacewell-eroeffnet-neues-hybridbuero-in-arnheim-niederlande\/","url":"https:\/\/spacewell.com\/de\/unternehmen\/neuigkeiten\/spacewell-eroeffnet-neues-hybridbuero-in-arnheim-niederlande\/","name":"Spacewell er\u00f6ffnet neues Hybridb\u00fcro in Arnheim, Niederlande","isPartOf":{"@id":"https:\/\/spacewell.com\/de\/#website"},"primaryImageOfPage":{"@id":"https:\/\/spacewell.com\/de\/unternehmen\/neuigkeiten\/spacewell-eroeffnet-neues-hybridbuero-in-arnheim-niederlande\/#primaryimage"},"image":{"@id":"https:\/\/spacewell.com\/de\/unternehmen\/neuigkeiten\/spacewell-eroeffnet-neues-hybridbuero-in-arnheim-niederlande\/#primaryimage"},"thumbnailUrl":"https:\/\/spacewell.com\/wp-content\/uploads\/2023\/07\/spacewell-harnhem.jpg","datePublished":"2022-06-13T08:30:00+00:00","dateModified":"2026-03-03T11:07:00+00:00","description":"Spacewell verlegt seine niederl\u00e4ndischen B\u00fcros ab dem 20. Juni nach Rijnpoort Arnheim: Groningensingel 1 (1. Stock, Fl\u00fcgel B), 6835 EA Arnheim.","breadcrumb":{"@id":"https:\/\/spacewell.com\/de\/unternehmen\/neuigkeiten\/spacewell-eroeffnet-neues-hybridbuero-in-arnheim-niederlande\/#breadcrumb"},"inLanguage":"de","potentialAction":[{"@type":"ReadAction","target":["https:\/\/spacewell.com\/de\/unternehmen\/neuigkeiten\/spacewell-eroeffnet-neues-hybridbuero-in-arnheim-niederlande\/"]}]},{"@type":"ImageObject","inLanguage":"de","@id":"https:\/\/spacewell.com\/de\/unternehmen\/neuigkeiten\/spacewell-eroeffnet-neues-hybridbuero-in-arnheim-niederlande\/#primaryimage","url":"https:\/\/spacewell.com\/wp-content\/uploads\/2023\/07\/spacewell-harnhem.jpg","contentUrl":"https:\/\/spacewell.com\/wp-content\/uploads\/2023\/07\/spacewell-harnhem.jpg","width":910,"height":523,"caption":"Mozaik von drei Bildern aus dem neuen Spacewell-B\u00fcro in Arnheim"},{"@type":"BreadcrumbList","@id":"https:\/\/spacewell.com\/de\/unternehmen\/neuigkeiten\/spacewell-eroeffnet-neues-hybridbuero-in-arnheim-niederlande\/#breadcrumb","itemListElement":[{"@type":"ListItem","position":1,"name":"Home","item":"https:\/\/spacewell.com\/de\/"},{"@type":"ListItem","position":2,"name":"Spacewell er\u00f6ffnet neues Hybridb\u00fcro in Arnheim, Niederlande"}]},{"@type":"WebSite","@id":"https:\/\/spacewell.com\/de\/#website","url":"https:\/\/spacewell.com\/de\/","name":"Spacewell | A Nemetschek Company","description":"Make buildings work for people","publisher":{"@id":"https:\/\/spacewell.com\/de\/#organization"},"potentialAction":[{"@type":"SearchAction","target":{"@type":"EntryPoint","urlTemplate":"https:\/\/spacewell.com\/de\/?s={search_term_string}"},"query-input":{"@type":"PropertyValueSpecification","valueRequired":true,"valueName":"search_term_string"}}],"inLanguage":"de"},{"@type":"Organization","@id":"https:\/\/spacewell.com\/de\/#organization","name":"Spacewell | A Nemetschek Company","url":"https:\/\/spacewell.com\/de\/","logo":{"@type":"ImageObject","inLanguage":"de","@id":"https:\/\/spacewell.com\/de\/#\/schema\/logo\/image\/","url":"https:\/\/spacewell.com\/wp-content\/uploads\/2023\/05\/spacewell-logo-500x88-1.webp","contentUrl":"https:\/\/spacewell.com\/wp-content\/uploads\/2023\/05\/spacewell-logo-500x88-1.webp","width":500,"height":88,"caption":"Spacewell | A Nemetschek Company"},"image":{"@id":"https:\/\/spacewell.com\/de\/#\/schema\/logo\/image\/"},"sameAs":["https:\/\/www.facebook.com\/SpacewellHQ","https:\/\/x.com\/Spacewell_HQ"]},{"@type":"Person","@id":"https:\/\/spacewell.com\/de\/#\/schema\/person\/56fc87cc20a52c431f3831f2c17e946a","name":"Marketing Team","image":{"@type":"ImageObject","inLanguage":"de","@id":"https:\/\/secure.gravatar.com\/avatar\/33dd4b194f6044b53d8410d1a677b226d86f23969442e70903a2b3bd700aac4d?s=96&d=mm&r=g","url":"https:\/\/secure.gravatar.com\/avatar\/33dd4b194f6044b53d8410d1a677b226d86f23969442e70903a2b3bd700aac4d?s=96&d=mm&r=g","contentUrl":"https:\/\/secure.gravatar.com\/avatar\/33dd4b194f6044b53d8410d1a677b226d86f23969442e70903a2b3bd700aac4d?s=96&d=mm&r=g","caption":"Marketing Team"},"url":"https:\/\/spacewell.com\/de\/author\/marketing-team\/"}]}},"_links":{"self":[{"href":"https:\/\/spacewell.com\/de\/wp-json\/wp\/v2\/posts\/10311","targetHints":{"allow":["GET"]}}],"collection":[{"href":"https:\/\/spacewell.com\/de\/wp-json\/wp\/v2\/posts"}],"about":[{"href":"https:\/\/spacewell.com\/de\/wp-json\/wp\/v2\/types\/post"}],"author":[{"embeddable":true,"href":"https:\/\/spacewell.com\/de\/wp-json\/wp\/v2\/users\/29"}],"replies":[{"embeddable":true,"href":"https:\/\/spacewell.com\/de\/wp-json\/wp\/v2\/comments?post=10311"}],"version-history":[{"count":11,"href":"https:\/\/spacewell.com\/de\/wp-json\/wp\/v2\/posts\/10311\/revisions"}],"predecessor-version":[{"id":47704,"href":"https:\/\/spacewell.com\/de\/wp-json\/wp\/v2\/posts\/10311\/revisions\/47704"}],"wp:featuredmedia":[{"embeddable":true,"href":"https:\/\/spacewell.com\/de\/wp-json\/wp\/v2\/media\/6341"}],"wp:attachment":[{"href":"https:\/\/spacewell.com\/de\/wp-json\/wp\/v2\/media?parent=10311"}],"wp:term":[{"taxonomy":"category","embeddable":true,"href":"https:\/\/spacewell.com\/de\/wp-json\/wp\/v2\/categories?post=10311"},{"taxonomy":"post_tag","embeddable":true,"href":"https:\/\/spacewell.com\/de\/wp-json\/wp\/v2\/tags?post=10311"}],"curies":[{"name":"wp","href":"https:\/\/api.w.org\/{rel}","templated":true}]}}