


{"id":10081,"date":"2019-11-14T14:05:00","date_gmt":"2019-11-14T13:05:00","guid":{"rendered":"https:\/\/spacewell.com\/unkategorisiert\/ministeres-sociaux-paris-das-erste-verbundene-ministerium-video\/"},"modified":"2023-08-01T14:37:00","modified_gmt":"2023-08-01T12:37:00","slug":"ministeres-sociaux-paris-das-erste-verbundene-ministerium-video","status":"publish","type":"post","link":"https:\/\/spacewell.com\/de\/ressourcen\/kundenstimmen\/ministeres-sociaux-paris-das-erste-verbundene-ministerium-video\/","title":{"rendered":"Minist\u00e8res Sociaux, Paris &#8211; das erste verbundene Ministerium"},"content":{"rendered":"<div class=\"gb-container gb-container-8b34ea57 gb-container-5731d80c\">\n<div class=\"gb-container gb-container-e52b122f cursor-pointer\" id=\"open-video-overlay\">\n\n<figure class=\"gb-block-image gb-block-image-8f8ffcb1\"><img loading=\"lazy\" decoding=\"async\" width=\"1024\" height=\"593\" class=\"gb-image gb-image-8f8ffcb1 gb-image-b19acb23\" src=\"\/wp-content\/uploads\/2023\/07\/Ministeres-sociaux-paris-video-preview-1200x695-1-1024x593.png\" alt=\"Minist\u00e8res Sociaux Paris video preview\" srcset=\"https:\/\/spacewell.com\/wp-content\/uploads\/2023\/07\/Ministeres-sociaux-paris-video-preview-1200x695-1-1024x593.png 1024w, https:\/\/spacewell.com\/wp-content\/uploads\/2023\/07\/Ministeres-sociaux-paris-video-preview-1200x695-1-500x290.png 500w, https:\/\/spacewell.com\/wp-content\/uploads\/2023\/07\/Ministeres-sociaux-paris-video-preview-1200x695-1-768x445.png 768w, https:\/\/spacewell.com\/wp-content\/uploads\/2023\/07\/Ministeres-sociaux-paris-video-preview-1200x695-1.png 1200w\" sizes=\"auto, (max-width: 1024px) 100vw, 1024px\" \/><\/figure>\n\n\n<div class=\"gb-container gb-container-681e5228 play-button\"><\/div>\n<\/div>\n\n<div id=\"video-overlay\" data-video-id=\"gZbrqfv1Huo\" class=\"wp-block-sw-blocks-modal-video\">\n  \n\n<div class=\"modal-header\">\n      <div class=\"modal-header-left\">\n      <\/div> \n      <div class=\"modal-header-right\">\n        <button class=\"close-button video-close-button\">\n          <svg xmlns=\"http:\/\/www.w3.org\/2000\/svg\" viewBox=\"0 0 512 512\">\n            <path\n              d=\"M175 175C184.4 165.7 199.6 165.7 208.1 175L255.1 222.1L303 175C312.4 165.7 327.6 165.7 336.1 175C346.3 184.4 346.3 199.6 336.1 208.1L289.9 255.1L336.1 303C346.3 312.4 346.3 327.6 336.1 336.1C327.6 346.3 312.4 346.3 303 336.1L255.1 289.9L208.1 336.1C199.6 346.3 184.4 346.3 175 336.1C165.7 327.6 165.7 312.4 175 303L222.1 255.1L175 208.1C165.7 199.6 165.7 184.4 175 175V175zM512 256C512 397.4 397.4 512 256 512C114.6 512 0 397.4 0 256C0 114.6 114.6 0 256 0C397.4 0 512 114.6 512 256zM256 48C141.1 48 48 141.1 48 256C48 370.9 141.1 464 256 464C370.9 464 464 370.9 464 256C464 141.1 370.9 48 256 48z\"\n              fill=\"currentcolor\" \/>\n          <\/svg>\n        <\/button>\n      <\/div>\n    <\/div>\n    \n    <div class=\"modal video-modal\">\n\n    <div class=\"modal-content-box\">\n      <div class=\"video-content\">\n      <\/div>\n    <\/div>\n\n  <\/div>\n<\/div>\n\n\n<h2 class=\"gb-headline gb-headline-76ef83a4 gb-headline-text\">Szenario<\/h2>\n\n\n\n<p>Raum- und Komfort\u00fcberwachung mit IoT-Sensordaten und einer intelligenten Geb\u00e4udeanalyseplattform<\/p>\n\n\n\n<h2 class=\"gb-headline gb-headline-a499a33c gb-headline-text\">Ort<\/h2>\n\n\n\n<p>Minist\u00e8res Sociaux in Paris<\/p>\n\n\n\n<h2 class=\"gb-headline gb-headline-ef13b34c gb-headline-text\">L\u00f6sung<\/h2>\n\n\n\n<p>IoT-Sensoren f\u00fcr die Echtzeit-Raum- und Komfort\u00fcberwachung. Die zugrundeliegende Plattform f\u00fcr intelligente Geb\u00e4ude nimmt die Daten auf und analysiert sie; sie bietet auch Dashboards und Erkenntnisse, die eine Optimierung der Raumaufteilung und des Raumklimas erm\u00f6glichen. <\/p>\n\n<\/div>","protected":false},"excerpt":{"rendered":"<p>Szenario Raum- und Komfort\u00fcberwachung mit IoT-Sensordaten und einer intelligenten Geb\u00e4udeanalyseplattform Ort Minist\u00e8res Sociaux in Paris L\u00f6sung IoT-Sensoren f\u00fcr die Echtzeit-Raum- und Komfort\u00fcberwachung. Die zugrundeliegende Plattform f\u00fcr intelligente Geb\u00e4ude nimmt die Daten auf und analysiert sie; sie bietet auch Dashboards und Erkenntnisse, die eine Optimierung der Raumaufteilung und des Raumklimas erm\u00f6glichen.<\/p>\n","protected":false},"author":29,"featured_media":3833,"comment_status":"closed","ping_status":"open","sticky":false,"template":"","format":"standard","meta":{"_acf_changed":false,"footnotes":""},"categories":[96],"tags":[],"class_list":["post-10081","post","type-post","status-publish","format-standard","has-post-thumbnail","hentry","category-kundenstimmen","generate-columns","tablet-grid-50","mobile-grid-100","grid-parent","grid-50","no-featured-image-padding"],"acf":[],"yoast_head":"<!-- This site is optimized with the Yoast SEO Premium plugin v26.0 (Yoast SEO v27.5) - https:\/\/yoast.com\/product\/yoast-seo-premium-wordpress\/ -->\n<title>Raum- &amp; Komfort-\u00dcberwachung mit IoT-Sensoren | Spacewell<\/title>\n<meta name=\"description\" content=\"Franz\u00f6sisches Ministerium \u00fcberwacht Raum und Komfort mit Hilfe von Echtzeit-IoT-Sensordaten und Spacewells Analyseplattform f\u00fcr intelligente Geb\u00e4ude\" \/>\n<meta name=\"robots\" content=\"index, follow, max-snippet:-1, max-image-preview:large, max-video-preview:-1\" \/>\n<link rel=\"canonical\" href=\"https:\/\/spacewell.com\/de\/ressourcen\/kundenstimmen\/ministeres-sociaux-paris-das-erste-verbundene-ministerium-video\/\" \/>\n<meta property=\"og:locale\" content=\"de_DE\" \/>\n<meta property=\"og:type\" content=\"article\" \/>\n<meta property=\"og:title\" content=\"Minist\u00e8res Sociaux, Paris - das erste verbundene Ministerium\" \/>\n<meta property=\"og:description\" content=\"Franz\u00f6sisches Ministerium \u00fcberwacht Raum und Komfort mit Hilfe von Echtzeit-IoT-Sensordaten und Spacewells Analyseplattform f\u00fcr intelligente Geb\u00e4ude\" \/>\n<meta property=\"og:url\" content=\"https:\/\/spacewell.com\/de\/ressourcen\/kundenstimmen\/ministeres-sociaux-paris-das-erste-verbundene-ministerium-video\/\" \/>\n<meta property=\"og:site_name\" content=\"Spacewell | A Nemetschek Company\" \/>\n<meta property=\"article:publisher\" content=\"https:\/\/www.facebook.com\/SpacewellHQ\" \/>\n<meta property=\"article:published_time\" content=\"2019-11-14T13:05:00+00:00\" \/>\n<meta property=\"article:modified_time\" content=\"2023-08-01T12:37:00+00:00\" \/>\n<meta property=\"og:image\" content=\"https:\/\/spacewell.com\/wp-content\/uploads\/2023\/06\/ministeres-sociaux-paris-1200x630-1.png\" \/>\n\t<meta property=\"og:image:width\" content=\"1200\" \/>\n\t<meta property=\"og:image:height\" content=\"630\" \/>\n\t<meta property=\"og:image:type\" content=\"image\/png\" \/>\n<meta name=\"author\" content=\"Marketing Team\" \/>\n<meta name=\"twitter:card\" content=\"summary_large_image\" \/>\n<meta name=\"twitter:creator\" content=\"@Spacewell_HQ\" \/>\n<meta name=\"twitter:site\" content=\"@Spacewell_HQ\" \/>\n<meta name=\"twitter:label1\" content=\"Verfasst von\" \/>\n\t<meta name=\"twitter:data1\" content=\"Marketing Team\" \/>\n<script type=\"application\/ld+json\" class=\"yoast-schema-graph\">{\"@context\":\"https:\\\/\\\/schema.org\",\"@graph\":[{\"@type\":\"Article\",\"@id\":\"https:\\\/\\\/spacewell.com\\\/de\\\/ressourcen\\\/kundenstimmen\\\/ministeres-sociaux-paris-das-erste-verbundene-ministerium-video\\\/#article\",\"isPartOf\":{\"@id\":\"https:\\\/\\\/spacewell.com\\\/de\\\/ressourcen\\\/kundenstimmen\\\/ministeres-sociaux-paris-das-erste-verbundene-ministerium-video\\\/\"},\"author\":{\"name\":\"Marketing Team\",\"@id\":\"https:\\\/\\\/spacewell.com\\\/de\\\/#\\\/schema\\\/person\\\/56fc87cc20a52c431f3831f2c17e946a\"},\"headline\":\"Minist\u00e8res Sociaux, Paris &#8211; das erste verbundene Ministerium\",\"datePublished\":\"2019-11-14T13:05:00+00:00\",\"dateModified\":\"2023-08-01T12:37:00+00:00\",\"mainEntityOfPage\":{\"@id\":\"https:\\\/\\\/spacewell.com\\\/de\\\/ressourcen\\\/kundenstimmen\\\/ministeres-sociaux-paris-das-erste-verbundene-ministerium-video\\\/\"},\"wordCount\":68,\"publisher\":{\"@id\":\"https:\\\/\\\/spacewell.com\\\/de\\\/#organization\"},\"image\":{\"@id\":\"https:\\\/\\\/spacewell.com\\\/de\\\/ressourcen\\\/kundenstimmen\\\/ministeres-sociaux-paris-das-erste-verbundene-ministerium-video\\\/#primaryimage\"},\"thumbnailUrl\":\"https:\\\/\\\/spacewell.com\\\/wp-content\\\/uploads\\\/2023\\\/06\\\/ministeres-sociaux-paris-1200x630-1.png\",\"articleSection\":[\"Kundenstimmen\"],\"inLanguage\":\"de\"},{\"@type\":\"WebPage\",\"@id\":\"https:\\\/\\\/spacewell.com\\\/de\\\/ressourcen\\\/kundenstimmen\\\/ministeres-sociaux-paris-das-erste-verbundene-ministerium-video\\\/\",\"url\":\"https:\\\/\\\/spacewell.com\\\/de\\\/ressourcen\\\/kundenstimmen\\\/ministeres-sociaux-paris-das-erste-verbundene-ministerium-video\\\/\",\"name\":\"Raum- & Komfort-\u00dcberwachung mit IoT-Sensoren | Spacewell\",\"isPartOf\":{\"@id\":\"https:\\\/\\\/spacewell.com\\\/de\\\/#website\"},\"primaryImageOfPage\":{\"@id\":\"https:\\\/\\\/spacewell.com\\\/de\\\/ressourcen\\\/kundenstimmen\\\/ministeres-sociaux-paris-das-erste-verbundene-ministerium-video\\\/#primaryimage\"},\"image\":{\"@id\":\"https:\\\/\\\/spacewell.com\\\/de\\\/ressourcen\\\/kundenstimmen\\\/ministeres-sociaux-paris-das-erste-verbundene-ministerium-video\\\/#primaryimage\"},\"thumbnailUrl\":\"https:\\\/\\\/spacewell.com\\\/wp-content\\\/uploads\\\/2023\\\/06\\\/ministeres-sociaux-paris-1200x630-1.png\",\"datePublished\":\"2019-11-14T13:05:00+00:00\",\"dateModified\":\"2023-08-01T12:37:00+00:00\",\"description\":\"Franz\u00f6sisches Ministerium \u00fcberwacht Raum und Komfort mit Hilfe von Echtzeit-IoT-Sensordaten und Spacewells Analyseplattform f\u00fcr intelligente Geb\u00e4ude\",\"breadcrumb\":{\"@id\":\"https:\\\/\\\/spacewell.com\\\/de\\\/ressourcen\\\/kundenstimmen\\\/ministeres-sociaux-paris-das-erste-verbundene-ministerium-video\\\/#breadcrumb\"},\"inLanguage\":\"de\",\"potentialAction\":[{\"@type\":\"ReadAction\",\"target\":[\"https:\\\/\\\/spacewell.com\\\/de\\\/ressourcen\\\/kundenstimmen\\\/ministeres-sociaux-paris-das-erste-verbundene-ministerium-video\\\/\"]}]},{\"@type\":\"ImageObject\",\"inLanguage\":\"de\",\"@id\":\"https:\\\/\\\/spacewell.com\\\/de\\\/ressourcen\\\/kundenstimmen\\\/ministeres-sociaux-paris-das-erste-verbundene-ministerium-video\\\/#primaryimage\",\"url\":\"https:\\\/\\\/spacewell.com\\\/wp-content\\\/uploads\\\/2023\\\/06\\\/ministeres-sociaux-paris-1200x630-1.png\",\"contentUrl\":\"https:\\\/\\\/spacewell.com\\\/wp-content\\\/uploads\\\/2023\\\/06\\\/ministeres-sociaux-paris-1200x630-1.png\",\"width\":1200,\"height\":630,\"caption\":\"Franz\u00f6sische Sozialministerium, Paris\"},{\"@type\":\"BreadcrumbList\",\"@id\":\"https:\\\/\\\/spacewell.com\\\/de\\\/ressourcen\\\/kundenstimmen\\\/ministeres-sociaux-paris-das-erste-verbundene-ministerium-video\\\/#breadcrumb\",\"itemListElement\":[{\"@type\":\"ListItem\",\"position\":1,\"name\":\"Home\",\"item\":\"https:\\\/\\\/spacewell.com\\\/de\\\/\"},{\"@type\":\"ListItem\",\"position\":2,\"name\":\"Minist\u00e8res Sociaux, Paris &#8211; das erste verbundene Ministerium\"}]},{\"@type\":\"WebSite\",\"@id\":\"https:\\\/\\\/spacewell.com\\\/de\\\/#website\",\"url\":\"https:\\\/\\\/spacewell.com\\\/de\\\/\",\"name\":\"Spacewell | A Nemetschek Company\",\"description\":\"Make buildings work for people\",\"publisher\":{\"@id\":\"https:\\\/\\\/spacewell.com\\\/de\\\/#organization\"},\"potentialAction\":[{\"@type\":\"SearchAction\",\"target\":{\"@type\":\"EntryPoint\",\"urlTemplate\":\"https:\\\/\\\/spacewell.com\\\/de\\\/?s={search_term_string}\"},\"query-input\":{\"@type\":\"PropertyValueSpecification\",\"valueRequired\":true,\"valueName\":\"search_term_string\"}}],\"inLanguage\":\"de\"},{\"@type\":\"Organization\",\"@id\":\"https:\\\/\\\/spacewell.com\\\/de\\\/#organization\",\"name\":\"Spacewell | A Nemetschek Company\",\"url\":\"https:\\\/\\\/spacewell.com\\\/de\\\/\",\"logo\":{\"@type\":\"ImageObject\",\"inLanguage\":\"de\",\"@id\":\"https:\\\/\\\/spacewell.com\\\/de\\\/#\\\/schema\\\/logo\\\/image\\\/\",\"url\":\"https:\\\/\\\/spacewell.com\\\/wp-content\\\/uploads\\\/2023\\\/05\\\/spacewell-logo-500x88-1.webp\",\"contentUrl\":\"https:\\\/\\\/spacewell.com\\\/wp-content\\\/uploads\\\/2023\\\/05\\\/spacewell-logo-500x88-1.webp\",\"width\":500,\"height\":88,\"caption\":\"Spacewell | A Nemetschek Company\"},\"image\":{\"@id\":\"https:\\\/\\\/spacewell.com\\\/de\\\/#\\\/schema\\\/logo\\\/image\\\/\"},\"sameAs\":[\"https:\\\/\\\/www.facebook.com\\\/SpacewellHQ\",\"https:\\\/\\\/x.com\\\/Spacewell_HQ\"]},{\"@type\":\"Person\",\"@id\":\"https:\\\/\\\/spacewell.com\\\/de\\\/#\\\/schema\\\/person\\\/56fc87cc20a52c431f3831f2c17e946a\",\"name\":\"Marketing Team\",\"image\":{\"@type\":\"ImageObject\",\"inLanguage\":\"de\",\"@id\":\"https:\\\/\\\/secure.gravatar.com\\\/avatar\\\/33dd4b194f6044b53d8410d1a677b226d86f23969442e70903a2b3bd700aac4d?s=96&d=mm&r=g\",\"url\":\"https:\\\/\\\/secure.gravatar.com\\\/avatar\\\/33dd4b194f6044b53d8410d1a677b226d86f23969442e70903a2b3bd700aac4d?s=96&d=mm&r=g\",\"contentUrl\":\"https:\\\/\\\/secure.gravatar.com\\\/avatar\\\/33dd4b194f6044b53d8410d1a677b226d86f23969442e70903a2b3bd700aac4d?s=96&d=mm&r=g\",\"caption\":\"Marketing Team\"},\"url\":\"https:\\\/\\\/spacewell.com\\\/de\\\/author\\\/marketing-team\\\/\"}]}<\/script>\n<!-- \/ Yoast SEO Premium plugin. -->","yoast_head_json":{"title":"Raum- & Komfort-\u00dcberwachung mit IoT-Sensoren | Spacewell","description":"Franz\u00f6sisches Ministerium \u00fcberwacht Raum und Komfort mit Hilfe von Echtzeit-IoT-Sensordaten und Spacewells Analyseplattform f\u00fcr intelligente Geb\u00e4ude","robots":{"index":"index","follow":"follow","max-snippet":"max-snippet:-1","max-image-preview":"max-image-preview:large","max-video-preview":"max-video-preview:-1"},"canonical":"https:\/\/spacewell.com\/de\/ressourcen\/kundenstimmen\/ministeres-sociaux-paris-das-erste-verbundene-ministerium-video\/","og_locale":"de_DE","og_type":"article","og_title":"Minist\u00e8res Sociaux, Paris - das erste verbundene Ministerium","og_description":"Franz\u00f6sisches Ministerium \u00fcberwacht Raum und Komfort mit Hilfe von Echtzeit-IoT-Sensordaten und Spacewells Analyseplattform f\u00fcr intelligente Geb\u00e4ude","og_url":"https:\/\/spacewell.com\/de\/ressourcen\/kundenstimmen\/ministeres-sociaux-paris-das-erste-verbundene-ministerium-video\/","og_site_name":"Spacewell | A Nemetschek Company","article_publisher":"https:\/\/www.facebook.com\/SpacewellHQ","article_published_time":"2019-11-14T13:05:00+00:00","article_modified_time":"2023-08-01T12:37:00+00:00","og_image":[{"width":1200,"height":630,"url":"https:\/\/spacewell.com\/wp-content\/uploads\/2023\/06\/ministeres-sociaux-paris-1200x630-1.png","type":"image\/png"}],"author":"Marketing Team","twitter_card":"summary_large_image","twitter_creator":"@Spacewell_HQ","twitter_site":"@Spacewell_HQ","twitter_misc":{"Verfasst von":"Marketing Team"},"schema":{"@context":"https:\/\/schema.org","@graph":[{"@type":"Article","@id":"https:\/\/spacewell.com\/de\/ressourcen\/kundenstimmen\/ministeres-sociaux-paris-das-erste-verbundene-ministerium-video\/#article","isPartOf":{"@id":"https:\/\/spacewell.com\/de\/ressourcen\/kundenstimmen\/ministeres-sociaux-paris-das-erste-verbundene-ministerium-video\/"},"author":{"name":"Marketing Team","@id":"https:\/\/spacewell.com\/de\/#\/schema\/person\/56fc87cc20a52c431f3831f2c17e946a"},"headline":"Minist\u00e8res Sociaux, Paris &#8211; das erste verbundene Ministerium","datePublished":"2019-11-14T13:05:00+00:00","dateModified":"2023-08-01T12:37:00+00:00","mainEntityOfPage":{"@id":"https:\/\/spacewell.com\/de\/ressourcen\/kundenstimmen\/ministeres-sociaux-paris-das-erste-verbundene-ministerium-video\/"},"wordCount":68,"publisher":{"@id":"https:\/\/spacewell.com\/de\/#organization"},"image":{"@id":"https:\/\/spacewell.com\/de\/ressourcen\/kundenstimmen\/ministeres-sociaux-paris-das-erste-verbundene-ministerium-video\/#primaryimage"},"thumbnailUrl":"https:\/\/spacewell.com\/wp-content\/uploads\/2023\/06\/ministeres-sociaux-paris-1200x630-1.png","articleSection":["Kundenstimmen"],"inLanguage":"de"},{"@type":"WebPage","@id":"https:\/\/spacewell.com\/de\/ressourcen\/kundenstimmen\/ministeres-sociaux-paris-das-erste-verbundene-ministerium-video\/","url":"https:\/\/spacewell.com\/de\/ressourcen\/kundenstimmen\/ministeres-sociaux-paris-das-erste-verbundene-ministerium-video\/","name":"Raum- & Komfort-\u00dcberwachung mit IoT-Sensoren | Spacewell","isPartOf":{"@id":"https:\/\/spacewell.com\/de\/#website"},"primaryImageOfPage":{"@id":"https:\/\/spacewell.com\/de\/ressourcen\/kundenstimmen\/ministeres-sociaux-paris-das-erste-verbundene-ministerium-video\/#primaryimage"},"image":{"@id":"https:\/\/spacewell.com\/de\/ressourcen\/kundenstimmen\/ministeres-sociaux-paris-das-erste-verbundene-ministerium-video\/#primaryimage"},"thumbnailUrl":"https:\/\/spacewell.com\/wp-content\/uploads\/2023\/06\/ministeres-sociaux-paris-1200x630-1.png","datePublished":"2019-11-14T13:05:00+00:00","dateModified":"2023-08-01T12:37:00+00:00","description":"Franz\u00f6sisches Ministerium \u00fcberwacht Raum und Komfort mit Hilfe von Echtzeit-IoT-Sensordaten und Spacewells Analyseplattform f\u00fcr intelligente Geb\u00e4ude","breadcrumb":{"@id":"https:\/\/spacewell.com\/de\/ressourcen\/kundenstimmen\/ministeres-sociaux-paris-das-erste-verbundene-ministerium-video\/#breadcrumb"},"inLanguage":"de","potentialAction":[{"@type":"ReadAction","target":["https:\/\/spacewell.com\/de\/ressourcen\/kundenstimmen\/ministeres-sociaux-paris-das-erste-verbundene-ministerium-video\/"]}]},{"@type":"ImageObject","inLanguage":"de","@id":"https:\/\/spacewell.com\/de\/ressourcen\/kundenstimmen\/ministeres-sociaux-paris-das-erste-verbundene-ministerium-video\/#primaryimage","url":"https:\/\/spacewell.com\/wp-content\/uploads\/2023\/06\/ministeres-sociaux-paris-1200x630-1.png","contentUrl":"https:\/\/spacewell.com\/wp-content\/uploads\/2023\/06\/ministeres-sociaux-paris-1200x630-1.png","width":1200,"height":630,"caption":"Franz\u00f6sische Sozialministerium, Paris"},{"@type":"BreadcrumbList","@id":"https:\/\/spacewell.com\/de\/ressourcen\/kundenstimmen\/ministeres-sociaux-paris-das-erste-verbundene-ministerium-video\/#breadcrumb","itemListElement":[{"@type":"ListItem","position":1,"name":"Home","item":"https:\/\/spacewell.com\/de\/"},{"@type":"ListItem","position":2,"name":"Minist\u00e8res Sociaux, Paris &#8211; das erste verbundene Ministerium"}]},{"@type":"WebSite","@id":"https:\/\/spacewell.com\/de\/#website","url":"https:\/\/spacewell.com\/de\/","name":"Spacewell | A Nemetschek Company","description":"Make buildings work for people","publisher":{"@id":"https:\/\/spacewell.com\/de\/#organization"},"potentialAction":[{"@type":"SearchAction","target":{"@type":"EntryPoint","urlTemplate":"https:\/\/spacewell.com\/de\/?s={search_term_string}"},"query-input":{"@type":"PropertyValueSpecification","valueRequired":true,"valueName":"search_term_string"}}],"inLanguage":"de"},{"@type":"Organization","@id":"https:\/\/spacewell.com\/de\/#organization","name":"Spacewell | A Nemetschek Company","url":"https:\/\/spacewell.com\/de\/","logo":{"@type":"ImageObject","inLanguage":"de","@id":"https:\/\/spacewell.com\/de\/#\/schema\/logo\/image\/","url":"https:\/\/spacewell.com\/wp-content\/uploads\/2023\/05\/spacewell-logo-500x88-1.webp","contentUrl":"https:\/\/spacewell.com\/wp-content\/uploads\/2023\/05\/spacewell-logo-500x88-1.webp","width":500,"height":88,"caption":"Spacewell | A Nemetschek Company"},"image":{"@id":"https:\/\/spacewell.com\/de\/#\/schema\/logo\/image\/"},"sameAs":["https:\/\/www.facebook.com\/SpacewellHQ","https:\/\/x.com\/Spacewell_HQ"]},{"@type":"Person","@id":"https:\/\/spacewell.com\/de\/#\/schema\/person\/56fc87cc20a52c431f3831f2c17e946a","name":"Marketing Team","image":{"@type":"ImageObject","inLanguage":"de","@id":"https:\/\/secure.gravatar.com\/avatar\/33dd4b194f6044b53d8410d1a677b226d86f23969442e70903a2b3bd700aac4d?s=96&d=mm&r=g","url":"https:\/\/secure.gravatar.com\/avatar\/33dd4b194f6044b53d8410d1a677b226d86f23969442e70903a2b3bd700aac4d?s=96&d=mm&r=g","contentUrl":"https:\/\/secure.gravatar.com\/avatar\/33dd4b194f6044b53d8410d1a677b226d86f23969442e70903a2b3bd700aac4d?s=96&d=mm&r=g","caption":"Marketing Team"},"url":"https:\/\/spacewell.com\/de\/author\/marketing-team\/"}]}},"_links":{"self":[{"href":"https:\/\/spacewell.com\/de\/wp-json\/wp\/v2\/posts\/10081","targetHints":{"allow":["GET"]}}],"collection":[{"href":"https:\/\/spacewell.com\/de\/wp-json\/wp\/v2\/posts"}],"about":[{"href":"https:\/\/spacewell.com\/de\/wp-json\/wp\/v2\/types\/post"}],"author":[{"embeddable":true,"href":"https:\/\/spacewell.com\/de\/wp-json\/wp\/v2\/users\/29"}],"replies":[{"embeddable":true,"href":"https:\/\/spacewell.com\/de\/wp-json\/wp\/v2\/comments?post=10081"}],"version-history":[{"count":0,"href":"https:\/\/spacewell.com\/de\/wp-json\/wp\/v2\/posts\/10081\/revisions"}],"wp:featuredmedia":[{"embeddable":true,"href":"https:\/\/spacewell.com\/de\/wp-json\/wp\/v2\/media\/3833"}],"wp:attachment":[{"href":"https:\/\/spacewell.com\/de\/wp-json\/wp\/v2\/media?parent=10081"}],"wp:term":[{"taxonomy":"category","embeddable":true,"href":"https:\/\/spacewell.com\/de\/wp-json\/wp\/v2\/categories?post=10081"},{"taxonomy":"post_tag","embeddable":true,"href":"https:\/\/spacewell.com\/de\/wp-json\/wp\/v2\/tags?post=10081"}],"curies":[{"name":"wp","href":"https:\/\/api.w.org\/{rel}","templated":true}]}}